{"id":16048,"date":"2023-07-03T21:40:55","date_gmt":"2023-07-04T03:40:55","guid":{"rendered":"https:\/\/www.aquilaguna.com\/?p=16048"},"modified":"2023-07-03T21:40:56","modified_gmt":"2023-07-04T03:40:56","slug":"roman-alberto-cepeda-gonzalez-anuncia-nuevos-proyectos-para-el-desarrollo-de-torreon","status":"publish","type":"post","link":"https:\/\/www.aquilaguna.com\/index.php\/2023\/07\/03\/roman-alberto-cepeda-gonzalez-anuncia-nuevos-proyectos-para-el-desarrollo-de-torreon\/","title":{"rendered":"Rom\u00e1n Alberto Cepeda Gonz\u00e1lez anuncia nuevos proyectos para el desarrollo de Torre\u00f3n."},"content":{"rendered":"\n<p>Torre\u00f3n, Coahuila. A 3 de julio de 2023.<\/p>\n\n\n\n<p>Durante la presentaci\u00f3n de los avances de los primeros 18 meses de su<br>Administraci\u00f3n: \u201cTorre\u00f3n en Desarrollo\u201d, el alcalde Rom\u00e1n Alberto Cepeda<br>Gonz\u00e1lez anunci\u00f3 grandes proyectos para el municipio como el Circuito Col\u00f3n, el<br>Giro Independencia y el Distrito Revoluci\u00f3n, entre otros.<\/p>\n\n\n\n<p>Con la presencia de Miguel \u00c1ngel Riquelme Sol\u00eds, gobernador de Coahuila,<br>Manolo Jim\u00e9nez Salinas, gobernador electo del estado, Eduardo Olmos Castro,<br>presidente del Congreso del Estado, el empresario Eduardo Murra, adem\u00e1s de<br>presidentes municipales, ex alcaldes, representantes de asociaciones y<br>universidades, funcionarios estatales y municipales, Rom\u00e1n Alberto Cepeda<br>Gonz\u00e1lez dio a conocer los principales resultados y avances de su Administraci\u00f3n.<\/p>\n\n\n\n<p>En su mensaje, el presidente municipal dijo que dentro del Circuito Col\u00f3n, como<br>parte de los proyectos para el rescate del Centro Hist\u00f3rico, se transformar\u00e1 la<br>avenida Matamoros en un cruce peatonal que funcione como un corredor<br>transitable y seguro, integrado con el resto del entorno urbano.<\/p>\n\n\n\n<p>En los primeros d\u00edas de agosto, iniciar\u00e1 la construcci\u00f3n del Giro Independencia,<br>un distribuidor vial que brindar\u00e1 flujo continuo a las laterales del perif\u00e9rico y acceso<br>a la zona industrial de Torre\u00f3n, mientras los carriles centrales bajan, creando un<br>paso deprimido, para la v\u00eda r\u00e1pida.<\/p>\n\n\n\n<p>Esta obra estar\u00e1 lista en aproximadamente 10 meses, a partir de su inicio.<br>Rom\u00e1n Alberto Cepeda Gonz\u00e1lez anunci\u00f3 otro proyecto para la ciudad: El Centro<br>Cultural del Norte, una casa de las artes que albergar\u00e1 diversas exposiciones,<br>eventos de renombre y adem\u00e1s contar\u00e1 con una academia de amplia oferta para<br>la formaci\u00f3n art\u00edstica.<\/p>\n\n\n\n<p>El Centro Cultural del Norte estar\u00e1 ubicado en el edificio de la antigua escuela<br>\u201cJuan de la Cruz Borrego\u201d, y se conectar\u00e1 por medio de un puente al Museo<br>Regional de La Laguna en el Bosque Venustiano Carranza.<\/p>\n\n\n\n<p>El edil dijo que estos espacios, junto con la Unidad Deportiva \u201cNazario Ortiz<br>Garza\u201d, formar\u00e1n el Distrito Revoluci\u00f3n, un nuevo punto de encuentro para la<br>ciudadan\u00eda de Torre\u00f3n.<\/p>\n\n\n\n<p>En su mensaje habl\u00f3 de las ventajas competitivas de M\u00e9xico y de Coahuila, y<br>destac\u00f3 que en Torre\u00f3n se han creado las condiciones para el desarrollo, gracias<br>a la estrategias implementadas en su Gobierno.<\/p>\n\n\n\n<p>\u201cLlevamos un a\u00f1o y medio cumpliendo con la estrategia que dise\u00f1amos para<br>Torre\u00f3n. Un a\u00f1o y medio ocup\u00e1ndonos de los problemas hist\u00f3ricos que afectan a<br>nuestro municipio\u201d, expres\u00f3 el edil.<\/p>\n\n\n\n<p>Destac\u00f3 el trabajo conjunto con la ciudadan\u00eda, la Iniciativa Privada, productores,<br>diferentes autoridades, \u00f3rdenes de gobierno, y, especialmente con el Gobierno del<br>Estado. \u00a0<\/p>\n\n\n\n<p>Cepeda Gonz\u00e1lez dijo que en este punto de la Administraci\u00f3n Municipal, es tiempo<br>de evaluar el trabajo realizado, perfeccionar lo que sea necesario y redoblar<br>esfuerzos.<\/p>\n\n\n\n<p>Durante su campa\u00f1a como candidato a la alcald\u00eda de Torre\u00f3n, Cepeda Gonz\u00e1lez<br>firm\u00f3 dos mil 411 compromisos con la ciudadan\u00eda, y dio a conocer que a la mitad<br>de la Administraci\u00f3n Municipal, ha cumplido con mil 728, es decir, el 72 por ciento<br>de avance.<\/p>\n\n\n\n<p>Desde el inicio de su Gobierno, uno de los objetivos m\u00e1s importantes fue<br>garantizar la seguridad de la ciudadan\u00eda de Torre\u00f3n, y destac\u00f3 la inversi\u00f3n en este<br>rubro.<\/p>\n\n\n\n<p>\u201cSomos una de las ciudades que m\u00e1s invierte en este tema a nivel nacional y<br>estamos calificados como uno de los municipios m\u00e1s seguros del pa\u00eds\u201d, coment\u00f3<br>el edil.<\/p>\n\n\n\n<p>De igual forma destac\u00f3 el plan de coordinaci\u00f3n con las diferentes corporaciones<br>de seguridad del Gobierno del Estado, el Ej\u00e9rcito Mexicano, y la Guardia Nacional.<\/p>\n\n\n\n<p>El alcalde inform\u00f3 que gracias al trabajo conjunto, se logr\u00f3 disminuir los \u00edndices de<br>inseguridad, con 50 por ciento menos en homicidios culposos y 70 por ciento<br>menos en robo con violencia y robos a veh\u00edculos.<\/p>\n\n\n\n<p>En lo que va de la Administraci\u00f3n Municipal se han invertido m\u00e1s de 260 millones<br>de pesos en un sistema de video vigilancia de primer nivel, con m\u00e1s de 200<br>c\u00e1maras panor\u00e1micas, de imagen t\u00e9rmica, radares lectores y del modelo body<br>cams, 19 arcos de seguridad ubicados de forma estrat\u00e9gica en las entradas y<br>salidas del municipio, as\u00ed como veh\u00edculos y equipo t\u00e1ctico. \u00a0<\/p>\n\n\n\n<p>Se adquirieron c\u00e1maras de 360 grados instaladas en las nuevas patrullas que<br>recorren la ciudad.<\/p>\n\n\n\n<p>\u201cContamos con polic\u00edas altamente capacitados, confiables y cercanos a la<br>ciudadan\u00eda\u201d, expres\u00f3 Cepeda Gonz\u00e1lez. \u00a0<\/p>\n\n\n\n<p>Tambi\u00e9n habl\u00f3 acerca de acciones de prevenci\u00f3n, para que los j\u00f3venes tengan<br>acceso a la cultura, las artes y el deporte, y agreg\u00f3 que las condiciones de<br>seguridad han permitido tambi\u00e9n el desarrollo econ\u00f3mico en Torre\u00f3n.<br>\u201cPodemos comprobarlo porque cada vez m\u00e1s empresas nacionales e<br>internacionales le apuestan a esta tierra\u201d, indic\u00f3 el edil.<\/p>\n\n\n\n<p>Dio a conocer que junto con Costco, en lo que va de la Administraci\u00f3n han llegado<br>14 nuevas empresas nacionales e internacionales, y se han generado 14 mil 074<br>nuevos empleos.<\/p>\n\n\n\n<p>Actualmente la ciudad cuenta con tres parques industriales en funciones, y el<br>alcalde adelant\u00f3 que est\u00e1n por arrancar otros cinco espacios de este tipo.<\/p>\n\n\n\n<p>Cepeda Gonz\u00e1lez coment\u00f3 que el aeropuerto internacional cuenta ahora con<br>vuelos a tres nuevos destinos y un nuevo horario para la ciudad de Dallas, Texas.<\/p>\n\n\n\n<p>Entre los objetivos de su Administraci\u00f3n est\u00e1 concretar un recinto fiscal estrat\u00e9gico<br>en ese espacio, para que Torre\u00f3n pueda formar un despacho internacional y<br>nacional de carga a\u00e9rea.<\/p>\n\n\n\n<p>Rom\u00e1n Alberto Cepeda Gonz\u00e1lez indic\u00f3 que en su Gobierno las acciones para<br>mejorar las condiciones del municipio, siempre se han realizado cuidando el medio<br>ambiente y buscando que todos los servicios sean sustentables.<\/p>\n\n\n\n<p>En este sentido, agreg\u00f3 que el agua es uno de los principales temas que<br>preocupan a la ciudadan\u00eda, y la Administraci\u00f3n Municipal sigue realizando<br>acciones prioritarias para incrementar la extracci\u00f3n del vital l\u00edquido y hacer<br>eficiente su distribuci\u00f3n, tratamiento y manejo ambiental.<\/p>\n\n\n\n<p>En otro tema, el edil se refiri\u00f3 a las acciones de drenaje como la reparaci\u00f3n de<br>m\u00e1s de seis kil\u00f3metros de infraestructura en las zonas de la ciudad donde este<br>problema era m\u00e1s grave, como el bulevar La Libertad, Ejido Zaragoza, entre otros<br>sectores.<\/p>\n\n\n\n<p>Adem\u00e1s hizo menci\u00f3n del proyecto de drenaje pluvial, que junto al Gobierno del<br>Estado, FOMEC y el IMPLAN, se dise\u00f1\u00f3 para dar soluci\u00f3n a este problema<br>hist\u00f3rico de la ciudad, y que fue presentado en el Foro de Inversi\u00f3n Urbana para<br>Metr\u00f3polis Sostenibles en la ciudad de Bruselas, B\u00e9lgica.<\/p>\n\n\n\n<p>El edil adelant\u00f3 que ya se est\u00e1 trabajando en la construcci\u00f3n de una nueva planta<br>tratadora en Torre\u00f3n, y manifest\u00f3 que se trata de una acci\u00f3n de car\u00e1cter urgente,<br>necesaria para garantizar el l\u00edquido de buena calidad para la industria y contribuir<br>a que no se utilice el agua potable para estos fines.<\/p>\n\n\n\n<p>\u201cEl tema del agua es uno de los temas prioritarios para mi Administraci\u00f3n\u201d,<br>asever\u00f3. \u00a0<\/p>\n\n\n\n<p>El alcalde dijo que en lo que va de la Administraci\u00f3n, se han construido y<br>rehabilitado m\u00e1s de un mill\u00f3n 840 mil metros cuadrados de pavimento en toda la<br>ciudad.<\/p>\n\n\n\n<p>\u00danicamente en este a\u00f1o, con el programa \u201cCero Baches\u201d, fueron reparados m\u00e1s<br>de 126 mil metros cuadrados, sumando as\u00ed, m\u00e1s de 265 mil metros cuadrados en<br>lo que va de la Administraci\u00f3n.<\/p>\n\n\n\n<p>El edil habl\u00f3 de labores de recarpeteo en vialidades clave como el bulevar<br>Revoluci\u00f3n y el perif\u00e9rico Ra\u00fal L\u00f3pez S\u00e1nchez, as\u00ed como el mejoramiento del<br>cruce del puente El Campesino.<\/p>\n\n\n\n<p>Dio a conocer que a la fecha, para incrementar la seguridad vial se han instalado<br>mil 150 ballenas de contenci\u00f3n en lugares como el perif\u00e9rico y el bulevar La<br>Nogalera.<\/p>\n\n\n\n<p>En cuanto al Paso Vial Villa Florida, dijo que se trata de la reestructuraci\u00f3n vial del<br>bulevar La Nogalera, en su cruce con el perif\u00e9rico; lo que permitir\u00e1 disminuir los<br>tiempos de traslado en esa zona, e indic\u00f3 que la obra est\u00e1 pr\u00e1cticamente<br>terminada.<\/p>\n\n\n\n<p>Cepeda Gonz\u00e1lez se\u00f1al\u00f3 que est\u00e1 a punto de concluir el Sistema Vial Cuatro<br>Caminos, obra que se realiza en coordinaci\u00f3n con el Gobierno del Estado, y que<br>agilizar\u00e1 el tr\u00e1fico para los m\u00e1s de 20 mil veh\u00edculos que diariamente transitan por<br>el bulevar Independencia.<\/p>\n\n\n\n<p>En su mensaje Cepeda Gonz\u00e1lez destac\u00f3 el trabajo de La Ola, Torreonenses<br>Cuidando la Ciudad, pues desde enero de 2022 se han recolectado cerca de 16<br>mil toneladas de basura en calles y espacios p\u00fablicos de la ciudad.<\/p>\n\n\n\n<p>Adem\u00e1s dijo que se han reparado m\u00e1s de cinco mil luminarias y se siguen<br>sumando m\u00e1s a las 76 mil ya instaladas.<\/p>\n\n\n\n<p>En esta Administraci\u00f3n se han rehabilitado 396 plazas y la construcci\u00f3n de 52<br>m\u00e1s, as\u00ed como el mantenimiento a lugares emblem\u00e1ticos como la Plaza Mayor, el<br>Paseo Col\u00f3n, la Alameda, con su reci\u00e9n inaugurado Parque Canino, el Bosque<br>Urbano y la L\u00ednea Verde.<\/p>\n\n\n\n<p>En este rubro habl\u00f3 de la reforestaci\u00f3n de m\u00e1s de 80 espacios p\u00fablicos e indic\u00f3<br>que hasta la fecha, se han plantado y donado m\u00e1s de 10 mil \u00e1rboles.<\/p>\n\n\n\n<p>En cuanto a eventos de talla internacional que se han presentado en Torre\u00f3n,<br>gracias a las condiciones de seguridad y desarrollo que se viven en el municipio,<\/p>\n\n\n\n<p>el edil destac\u00f3 la exposici\u00f3n \u201cEl Museo Nacional del Prado en el interior de<br>M\u00e9xico\u201d, instalada en la Plaza Mayor.<\/p>\n\n\n\n<p>Adem\u00e1s del concierto \u201cBajo las Estrellas del Desierto\u201d, con Andrea Bocelli, al igual<br>que la exposici\u00f3n \u201cDescubriendo el Vaticano: El Tesoro de San Juan de Letr\u00e1n\u201d,<br>que actualmente se exhibe en el Museo Regional de La Laguna.<\/p>\n\n\n\n<p>El presidente municipal tambi\u00e9n destac\u00f3 el manejo eficiente de las finanzas<br>p\u00fablicas en su Administraci\u00f3n.<\/p>\n\n\n\n<p>\u201cLlevamos tres trimestres consecutivos en el cumplimiento con el 100 por ciento<br>de nuestras obligaciones en materia de transparencia\u201d.<\/p>\n\n\n\n<p>Adem\u00e1s inform\u00f3 sobre la creaci\u00f3n de la Unidad Municipal de Derechos Humanos,<br>\u00fanica en su tipo, y que hace a Torre\u00f3n la primer ciudad en el pa\u00eds en contar con un<br>\u00e1rea dedicada a este tema.<\/p>\n\n\n\n<p>Cepeda Gonz\u00e1lez habl\u00f3 de las Audiencias p\u00fablicas de su Gobierno, donde junto a<br>los titulares de las dependencias municipales atiende personalmente a la<br>ciudadan\u00eda, adem\u00e1s dijo que con el Instituto Municipal de la Mujer se trabaja en la<br>implementaci\u00f3n de un modelo de atenci\u00f3n integral a v\u00edctimas.<\/p>\n\n\n\n<p>Habl\u00f3 tambi\u00e9n de programas como \u201cPintemos Torre\u00f3n\u201d y el \u201cPrograma de Material<br>de Construcci\u00f3n a Bajo Costo\u201d, entre otros en beneficio de la ciudadan\u00eda.<\/p>\n\n\n\n<p>A trav\u00e9s del DIF Torre\u00f3n se sigue atendiendo a los adultos mayores, personas con<br>discapacidad y la poblaci\u00f3n m\u00e1s vulnerable, mediante distintas acciones;<br>particularmente con las brigadas \u201cSiempre Contigo\u201d y a trav\u00e9s del Club de los<br>Abuelos.<\/p>\n\n\n\n<p>\u201cEstamos a punto de arrancar con la construcci\u00f3n de la nueva Casa Cuna en los<br>terrenos de Ciudad DIF, que dar\u00e1 resguardo a menores en situaci\u00f3n vulnerable\u201d<br>indic\u00f3.<\/p>\n\n\n\n<p>Cepeda Gonz\u00e1lez reconoci\u00f3 el trabajo en conjunto que se ha realizado en esta<br>primera mitad de la administraci\u00f3n con el Gobierno del Estado. \u00a0<\/p>\n\n\n\n<p>\u201cGracias a mi amigo Miguel Riquelme por el respaldo que siempre le ha brindado a<br>Torre\u00f3n\u201d.<\/p>\n\n\n\n<p>Adem\u00e1s, expres\u00f3 su reconocimiento al gobernador electo Manolo Jim\u00e9nez<br>Salinas, y dijo \u201cme queda claro que el nuevo gobernador electo tiene el<br>compromiso de llevar a Coahuila al siguiente nivel\u201d.<\/p>\n\n\n\n<p>\u201cManolo, sabes que cuentas con Torre\u00f3n y que en m\u00ed tienes un amigo que apoya<br>tus compromisos y proyectos. El camino por el que hemos avanzado hasta el d\u00eda<\/p>\n\n\n\n<p>de hoy es el correcto, continuemos por ah\u00ed, continuemos creciendo\u201d, finaliz\u00f3<br>Cepeda Gonz\u00e1lez.<\/p>\n\n\n\n<p>Por su parte, el gobernador de Coahuila, Miguel \u00c1ngel Riquelme Sol\u00eds, reconoci\u00f3<br>el trabajo coordinado que se ha realizado con la Administraci\u00f3n Municipal,<br>encabezada por el alcalde Rom\u00e1n Alberto Cepeda Gonz\u00e1lez.<\/p>\n\n\n\n<p>El mandatario estatal manifest\u00f3 el apoyo de su Gobierno para Torre\u00f3n.<\/p>\n\n\n\n<p>\u201cRom\u00e1n, estos \u00faltimos 150 d\u00edas que me restan de administraci\u00f3n, cuenta conmigo<br>hasta el \u00faltimo d\u00eda, hasta el 30 de noviembre, posteriormente estamos seguros de<br>que contar\u00e1s con el respaldo del gobernador electo, Manolo Jim\u00e9nez\u201d, manifest\u00f3.<\/p>\n\n\n\n<p>El gobernador refrend\u00f3 el compromiso de continuar con las acciones de seguridad<br>y de desarrollo econ\u00f3mico que han impulsado a cada una de las regiones de<br>Coahuila.<\/p>\n\n\n\n<p>\u201cTorre\u00f3n se ha convertido en el centro neur\u00e1lgico de una de las regiones m\u00e1s<br>productivas y de mayor dinamismo econ\u00f3mico del noreste del pa\u00eds, sus mejores<br>condiciones son las de seguridad, crecimiento econ\u00f3mico y prosperidad\u201d, dijo.<\/p>\n\n\n\n<p>Reconoci\u00f3 la din\u00e1mica de trabajo que se estableci\u00f3 con el Gobierno del alcalde<br>Rom\u00e1n Alberto Cepeda Gonz\u00e1lez.<\/p>\n\n\n\n<p>\u201cQuiero agradecer a Rom\u00e1n, porque cada semana inauguramos o ponemos en<br>marcha una obra que demanda la ciudadan\u00eda, as\u00ed ha sido semana tras semana\u201d,<br>coment\u00f3.<\/p>\n\n\n\n<p>Riquelme Sol\u00eds manifest\u00f3 el respaldo de su Gobierno para los proyectos y<br>compromisos que el alcalde mencion\u00f3 en su recuento de avances y proyectos en<br>Torre\u00f3n.<\/p>\n","protected":false},"excerpt":{"rendered":"<p>Torre\u00f3n, Coahuila. A 3 de julio de 2023. Durante la presentaci\u00f3n de los avances de los primeros 18 meses de suAdministraci\u00f3n: \u201cTorre\u00f3n en Desarrollo\u201d, el alcalde Rom\u00e1n Alberto CepedaGonz\u00e1lez anunci\u00f3 grandes proyectos para el municipio como el Circuito Col\u00f3n, elGiro Independencia y el Distrito Revoluci\u00f3n, entre otros. Con la presencia de Miguel \u00c1ngel Riquelme Sol\u00eds, gobernador de Coahuila,Manolo Jim\u00e9nez Salinas, gobernador electo del estado, Eduardo Olmos Castro,presidente del Congreso del&#8230;<\/p>\n","protected":false},"author":1,"featured_media":16049,"comment_status":"closed","ping_status":"closed","sticky":false,"template":"","format":"standard","meta":{"footnotes":""},"categories":[5,28,7],"tags":[],"class_list":["post-16048","post","type-post","status-publish","format-standard","has-post-thumbnail","hentry","category-coahuila","category-la-laguna","category-torreon","wpcat-5-id","wpcat-28-id","wpcat-7-id"],"_links":{"self":[{"href":"https:\/\/www.aquilaguna.com\/index.php\/wp-json\/wp\/v2\/posts\/16048","targetHints":{"allow":["GET"]}}],"collection":[{"href":"https:\/\/www.aquilaguna.com\/index.php\/wp-json\/wp\/v2\/posts"}],"about":[{"href":"https:\/\/www.aquilaguna.com\/index.php\/wp-json\/wp\/v2\/types\/post"}],"author":[{"embeddable":true,"href":"https:\/\/www.aquilaguna.com\/index.php\/wp-json\/wp\/v2\/users\/1"}],"replies":[{"embeddable":true,"href":"https:\/\/www.aquilaguna.com\/index.php\/wp-json\/wp\/v2\/comments?post=16048"}],"version-history":[{"count":1,"href":"https:\/\/www.aquilaguna.com\/index.php\/wp-json\/wp\/v2\/posts\/16048\/revisions"}],"predecessor-version":[{"id":16050,"href":"https:\/\/www.aquilaguna.com\/index.php\/wp-json\/wp\/v2\/posts\/16048\/revisions\/16050"}],"wp:featuredmedia":[{"embeddable":true,"href":"https:\/\/www.aquilaguna.com\/index.php\/wp-json\/wp\/v2\/media\/16049"}],"wp:attachment":[{"href":"https:\/\/www.aquilaguna.com\/index.php\/wp-json\/wp\/v2\/media?parent=16048"}],"wp:term":[{"taxonomy":"category","embeddable":true,"href":"https:\/\/www.aquilaguna.com\/index.php\/wp-json\/wp\/v2\/categories?post=16048"},{"taxonomy":"post_tag","embeddable":true,"href":"https:\/\/www.aquilaguna.com\/index.php\/wp-json\/wp\/v2\/tags?post=16048"}],"curies":[{"name":"wp","href":"https:\/\/api.w.org\/{rel}","templated":true}]}}