{"id":16093,"date":"2023-07-05T21:17:27","date_gmt":"2023-07-06T03:17:27","guid":{"rendered":"https:\/\/www.aquilaguna.com\/?p=16093"},"modified":"2023-07-05T21:17:28","modified_gmt":"2023-07-06T03:17:28","slug":"presentan-en-parras-de-la-fuente-vendimias-2023","status":"publish","type":"post","link":"https:\/\/www.aquilaguna.com\/index.php\/2023\/07\/05\/presentan-en-parras-de-la-fuente-vendimias-2023\/","title":{"rendered":"PRESENTAN EN PARRAS DE LA FUENTE VENDIMIAS 2023."},"content":{"rendered":"\n<p>\u00b7\u00a0\u00a0\u00a0\u00a0\u00a0\u00a0<strong><em>\u00a0Del 8 de Julio al 30 de Septiembre en casas vin\u00edcolas de Parras, Arteaga, General Cepeda y Ramos Arizpe<\/em><\/strong><\/p>\n\n\n\n<p>Parras de la Fuente, Coahuila de Zaragoza; a 4 de Julio de 2023.- En la Cuna de la Vitivinicultura de Am\u00e9rica Latina fue presentado el calendario de Vendimias 2023, que ser\u00e1 del 8 de julio al 30 de septiembre en bodegas y vi\u00f1edos de Parras de la Fuente, Arteaga, General Cepeda y Ramos Arizpe, en donde se estima generen una derrama econ\u00f3mica de 500 millones de pesos.<\/p>\n\n\n\n<p>En rueda de prensa en el Hotel Rinc\u00f3n del Montero de este Pueblo M\u00e1gico, la titular de SECTUR Coahuila, Azucena Ramos Ramos; el Alcalde Fernando Orozco Lara; la presidenta de la OCV Parras, Olga Lara, y representantes de las casas vin\u00edcolas, dieron a conocer las actividades que formar\u00e1n parte de las Vendimias 2023.<\/p>\n\n\n\n<p>Las bodegas ofrecer\u00e1n sus mejores vinos, platillos diversos con los que har\u00e1n interesantes maridajes, m\u00fasica en vivo, molienda y pisada de la uva, danza de matlachines, bendici\u00f3n de la cosecha, catas de vinos, conciertos, fuegos artificiales y otras sorpresas.<\/p>\n\n\n\n<p>La Secretaria de Turismo y Desarrollo de Pueblos M\u00e1gicos de Coahuila destac\u00f3 el clima de paz y seguridad que permite realizar eventos que promueven el turismo en el estado.<\/p>\n\n\n\n<p>\u201cCon el respaldo del gobernador Miguel \u00c1ngel Riquelme Sol\u00eds y el apoyo de los empresarios, hoy Coahuila es la zona vin\u00edcola de mayor calidad de M\u00e9xico y una de las m\u00e1s competitivas a nivel mundial, con m\u00e1s de 1,300 reconocimientos\u201d, dijo.<\/p>\n\n\n\n<p>Ramos Ramos se\u00f1al\u00f3 que con estos eventos, las casas vin\u00edcolas festejan y agradecen el cultivo y la buena cosecha; la transformaci\u00f3n de la uva, sus reconocimientos y la calidad de la producci\u00f3n. Y que adem\u00e1s representan un homenaje a los hombres y mujeres que durante todo el a\u00f1o trabajan la tierra.<\/p>\n\n\n\n<p>\u201cLa vendimia es una de las \u00e9pocas favoritas de los amantes del vino, el esperado encuentro con visitantes nacionales y extranjeros, que vienen a las bodegas y vi\u00f1edos a disfrutar de la experiencia y de la calidad de nuestros vinos\u201d, expres\u00f3.<\/p>\n\n\n\n<p>Record\u00f3 que esta tradici\u00f3n en Parras de la Fuente tiene ya m\u00e1s de 400 a\u00f1os, siendo la Cuna de la Vitivinicultura en Am\u00e9rica.<\/p>\n\n\n\n<p>En su intervenci\u00f3n, el alcalde Fernando Orozco ofreci\u00f3 su respaldo a las bodegas para que las Vendimias 2023 se realicen con \u00e9xito, as\u00ed como la Feria de la Uva.<\/p>\n\n\n\n<p>Destac\u00f3 el clima de seguridad que permiten todas estas actividades y que el turismo sea una gran fortaleza y motor de la econom\u00eda de este Pueblo M\u00e1gico.<\/p>\n\n\n\n<p>El mensaje de bienvenida estuvo a cargo de Olga Lara, presidenta de OCV Parras, quien resalt\u00f3 las opciones de hospedaje en este municipio, accesibles a todos los presupuestos, y el crecimiento del sector con cuatro nuevos hoteles este a\u00f1o.<\/p>\n\n\n\n<p>Asistieron los representantes de bodegas: Valeria Narro, de Las Pudencianas; Fernando Madero Ruiz, de Hacienda El Marqu\u00e9s; Ignacio Chac\u00f3n, de El Marqu\u00e9s de Aguayo; Cristi\u00e1n Aguirre, de Casa Madero; Fernando Gonz\u00e1lez, de RG\/MX; Javier Espericueta, de Parvada; Jes\u00fas de Valle, de La Gran Vendimia y Adriana Vidal, Rectora de la Universidad Tecnol\u00f3gica de Parras.<\/p>\n\n\n\n<p>Adem\u00e1s, Jes\u00fas Mart\u00ednez, propietario del Hotel Rinc\u00f3n del Montero, y Amira Portillo, directora de Turismo de Parras.<\/p>\n\n\n\n<p><strong>CALENDARIO DE VENDIMIAS COAHUILA 2023<\/strong><\/p>\n\n\n\n<p>8 de julio \u2013 La Gran Vendimia, Parras<\/p>\n\n\n\n<p>22 de julio \u2013 Las Pudencianas Concepto Vitivin\u00edcola Parras<\/p>\n\n\n\n<p>22 de julio \u2013 Don Remigio, Parras<\/p>\n\n\n\n<p>29 de julio \u2013 Hacienda del Marqu\u00e9s, Parras<\/p>\n\n\n\n<p>29 de julio \u2013 Marqu\u00e9s de Aguayo, Parras<\/p>\n\n\n\n<p>9 de agosto \u2013 Casa Madero, Parras<\/p>\n\n\n\n<p>12 de agosto \u2013 RG\/MX, Parras<\/p>\n\n\n\n<p>19 de agosto \u2013 Parvada, Parras<\/p>\n\n\n\n<p>26 de agosto \u2013 Hacienda Florida, General Cepeda<\/p>\n\n\n\n<p>26 de agosto \u2013 Bodegas Capellan\u00eda, Ramos Arizpe<\/p>\n\n\n\n<p>30 de septiembre \u2013 Bodega Los Cedros, Arteaga<\/p>\n\n\n\n<p><strong>PRESENTAN LA FERIA DE LA UVA PARRAS 2023<\/strong><\/p>\n\n\n\n<p>Por otro lado, Miguel Echavarr\u00eda, Director de la OCV Parras y presidente del Comit\u00e9 Organizador de la Feria de la Uva, dio a conocer las actividades de esta fiesta, donde habr\u00e1 el espect\u00e1culo &#8220;Norte\u00f1o&#8221; de la cantante Marcela Rubiales en la Coronaci\u00f3n de la Reina, los Voladores de Papantla, juegos mec\u00e1nicos, corredor gastron\u00f3mico y enol\u00f3gico, entre otros atractivos.<\/p>\n\n\n\n<p>No tendr\u00e1 costo el acceso a la Feria, por lo que invit\u00f3 a las familias coahuilenses a que asistan del 4 al 20 de agosto.<\/p>\n","protected":false},"excerpt":{"rendered":"<p>\u00b7\u00a0\u00a0\u00a0\u00a0\u00a0\u00a0\u00a0Del 8 de Julio al 30 de Septiembre en casas vin\u00edcolas de Parras, Arteaga, General Cepeda y Ramos Arizpe Parras de la Fuente, Coahuila de Zaragoza; a 4 de Julio de 2023.- En la Cuna de la Vitivinicultura de Am\u00e9rica Latina fue presentado el calendario de Vendimias 2023, que ser\u00e1 del 8 de julio al 30 de septiembre en bodegas y vi\u00f1edos de Parras de la Fuente, Arteaga, General Cepeda&#8230;<\/p>\n","protected":false},"author":1,"featured_media":16094,"comment_status":"closed","ping_status":"closed","sticky":false,"template":"","format":"standard","meta":{"footnotes":""},"categories":[5,15,34],"tags":[],"class_list":["post-16093","post","type-post","status-publish","format-standard","has-post-thumbnail","hentry","category-coahuila","category-gobierno-de-coahuila","category-turismo","wpcat-5-id","wpcat-15-id","wpcat-34-id"],"_links":{"self":[{"href":"https:\/\/www.aquilaguna.com\/index.php\/wp-json\/wp\/v2\/posts\/16093","targetHints":{"allow":["GET"]}}],"collection":[{"href":"https:\/\/www.aquilaguna.com\/index.php\/wp-json\/wp\/v2\/posts"}],"about":[{"href":"https:\/\/www.aquilaguna.com\/index.php\/wp-json\/wp\/v2\/types\/post"}],"author":[{"embeddable":true,"href":"https:\/\/www.aquilaguna.com\/index.php\/wp-json\/wp\/v2\/users\/1"}],"replies":[{"embeddable":true,"href":"https:\/\/www.aquilaguna.com\/index.php\/wp-json\/wp\/v2\/comments?post=16093"}],"version-history":[{"count":1,"href":"https:\/\/www.aquilaguna.com\/index.php\/wp-json\/wp\/v2\/posts\/16093\/revisions"}],"predecessor-version":[{"id":16095,"href":"https:\/\/www.aquilaguna.com\/index.php\/wp-json\/wp\/v2\/posts\/16093\/revisions\/16095"}],"wp:featuredmedia":[{"embeddable":true,"href":"https:\/\/www.aquilaguna.com\/index.php\/wp-json\/wp\/v2\/media\/16094"}],"wp:attachment":[{"href":"https:\/\/www.aquilaguna.com\/index.php\/wp-json\/wp\/v2\/media?parent=16093"}],"wp:term":[{"taxonomy":"category","embeddable":true,"href":"https:\/\/www.aquilaguna.com\/index.php\/wp-json\/wp\/v2\/categories?post=16093"},{"taxonomy":"post_tag","embeddable":true,"href":"https:\/\/www.aquilaguna.com\/index.php\/wp-json\/wp\/v2\/tags?post=16093"}],"curies":[{"name":"wp","href":"https:\/\/api.w.org\/{rel}","templated":true}]}}