{"id":16112,"date":"2023-07-06T18:39:47","date_gmt":"2023-07-07T00:39:47","guid":{"rendered":"https:\/\/www.aquilaguna.com\/?p=16112"},"modified":"2023-07-06T18:39:48","modified_gmt":"2023-07-07T00:39:48","slug":"consiguen-coahuilenses-medalla-en-campeonato-mundial-juvenil-de-tiro-con-arco","status":"publish","type":"post","link":"https:\/\/www.aquilaguna.com\/index.php\/2023\/07\/06\/consiguen-coahuilenses-medalla-en-campeonato-mundial-juvenil-de-tiro-con-arco\/","title":{"rendered":"CONSIGUEN COAHUILENSES MEDALLA EN CAMPEONATO MUNDIAL JUVENIL DE TIRO CON ARCO."},"content":{"rendered":"\n<p>Saltillo, Coahuila de Zaragoza; a 6 de Julio de 2023.- Los coahuilenses Rafael Mu\u00f1oz y Selene Rodr\u00edguez sumaron las primeras medallas para Coahuila dentro del Campamento Mundial Juvenil de Tiro con Arco, que se lleva a cabo en Limerick, Irlanda.<\/p>\n\n\n\n<p>Rafael Mu\u00f1oz hizo equipo con V\u00edctor Portillo y El\u00edas Reyes para colgarse la Medalla de Oro Por Equipos en la Categor\u00eda Sub-18, modalidad compuesto, luego de derrotar en la Final a los representantes de la India por 216-215.<\/p>\n\n\n\n<p>Por su parte, Selene Rodr\u00edguez se uni\u00f3 a Adriana Castillo y Jimena Valdez para colgarse la Medalla de Plata en Arco Compuesto Por Equipos Femenil, Categor\u00eda Sub-21, tras caer en la Final ante el equipo de la India por 222-213.<\/p>\n\n\n\n<p>Coahuila participa en este Campeonato Mundial con cuatro atletas: Selene Rodr\u00edguez, en Sub-21 Compuesto; Rafael Mu\u00f1oz, en Sub-18 Compuesto; Juan Pablo T\u00e9llez, en Sub-18 Recurvo; y Ra\u00fal Tadeo Rodr\u00edguez, en Sub-21 Recurvo.<\/p>\n\n\n\n<p>La actividad del Campamento Mundial Juvenil de Tiro con Arco de Limerick, Irlanda, continuar\u00e1 hasta el 9 de julio, donde Coahuila buscar\u00e1 sumar m\u00e1s medallas para M\u00e9xico en esta competencia internacional.<\/p>\n","protected":false},"excerpt":{"rendered":"<p>Saltillo, Coahuila de Zaragoza; a 6 de Julio de 2023.- Los coahuilenses Rafael Mu\u00f1oz y Selene Rodr\u00edguez sumaron las primeras medallas para Coahuila dentro del Campamento Mundial Juvenil de Tiro con Arco, que se lleva a cabo en Limerick, Irlanda. Rafael Mu\u00f1oz hizo equipo con V\u00edctor Portillo y El\u00edas Reyes para colgarse la Medalla de Oro Por Equipos en la Categor\u00eda Sub-18, modalidad compuesto, luego de derrotar en la Final&#8230;<\/p>\n","protected":false},"author":1,"featured_media":16113,"comment_status":"closed","ping_status":"closed","sticky":false,"template":"","format":"standard","meta":{"footnotes":""},"categories":[5,33,15],"tags":[],"class_list":["post-16112","post","type-post","status-publish","format-standard","has-post-thumbnail","hentry","category-coahuila","category-deporte","category-gobierno-de-coahuila","wpcat-5-id","wpcat-33-id","wpcat-15-id"],"_links":{"self":[{"href":"https:\/\/www.aquilaguna.com\/index.php\/wp-json\/wp\/v2\/posts\/16112","targetHints":{"allow":["GET"]}}],"collection":[{"href":"https:\/\/www.aquilaguna.com\/index.php\/wp-json\/wp\/v2\/posts"}],"about":[{"href":"https:\/\/www.aquilaguna.com\/index.php\/wp-json\/wp\/v2\/types\/post"}],"author":[{"embeddable":true,"href":"https:\/\/www.aquilaguna.com\/index.php\/wp-json\/wp\/v2\/users\/1"}],"replies":[{"embeddable":true,"href":"https:\/\/www.aquilaguna.com\/index.php\/wp-json\/wp\/v2\/comments?post=16112"}],"version-history":[{"count":1,"href":"https:\/\/www.aquilaguna.com\/index.php\/wp-json\/wp\/v2\/posts\/16112\/revisions"}],"predecessor-version":[{"id":16114,"href":"https:\/\/www.aquilaguna.com\/index.php\/wp-json\/wp\/v2\/posts\/16112\/revisions\/16114"}],"wp:featuredmedia":[{"embeddable":true,"href":"https:\/\/www.aquilaguna.com\/index.php\/wp-json\/wp\/v2\/media\/16113"}],"wp:attachment":[{"href":"https:\/\/www.aquilaguna.com\/index.php\/wp-json\/wp\/v2\/media?parent=16112"}],"wp:term":[{"taxonomy":"category","embeddable":true,"href":"https:\/\/www.aquilaguna.com\/index.php\/wp-json\/wp\/v2\/categories?post=16112"},{"taxonomy":"post_tag","embeddable":true,"href":"https:\/\/www.aquilaguna.com\/index.php\/wp-json\/wp\/v2\/tags?post=16112"}],"curies":[{"name":"wp","href":"https:\/\/api.w.org\/{rel}","templated":true}]}}