{"id":16115,"date":"2023-07-06T18:42:08","date_gmt":"2023-07-07T00:42:08","guid":{"rendered":"https:\/\/www.aquilaguna.com\/?p=16115"},"modified":"2023-07-06T18:42:08","modified_gmt":"2023-07-07T00:42:08","slug":"preside-roman-alberto-cepeda-gonzalez-audiencia-publica-en-torreon-residencial","status":"publish","type":"post","link":"https:\/\/www.aquilaguna.com\/index.php\/2023\/07\/06\/preside-roman-alberto-cepeda-gonzalez-audiencia-publica-en-torreon-residencial\/","title":{"rendered":"Preside Rom\u00e1n Alberto Cepeda Gonz\u00e1lez Audiencia P\u00fablica en Torre\u00f3n Residencial."},"content":{"rendered":"\n<p>Torre\u00f3n, Coahuila. A 06 de julio de 2023.<\/p>\n\n\n\n<p>El alcalde Rom\u00e1n Alberto Cepeda Gonz\u00e1lez contin\u00faa con las Audiencias P\u00fablicas<br>quincenales, y la ma\u00f1ana de este jueves acudi\u00f3 a la \u00a0plaza La Pi\u00f1a de la colonia<br>Torre\u00f3n Residencial para atender las solicitudes de la ciudadan\u00eda.<\/p>\n\n\n\n<p>El presidente municipal dijo que la Plaza de la Pi\u00f1a fue rehabilitada a trav\u00e9s del<br>programa de atenci\u00f3n a espacios p\u00fablicos emprendido en su Gobierno.<\/p>\n\n\n\n<p>Con una inversi\u00f3n de 1.7 millones de pesos se construy\u00f3 una techumbre, juegos<br>infantiles, rehabilitaci\u00f3n de cordoner\u00eda, entre otras acciones en beneficio de los<br>habitantes de Torre\u00f3n Residencial y sectores al aleda\u00f1os.<\/p>\n\n\n\n<p>Las Audiencias P\u00fablicas se realizan de manera \u00a0itinerante, y se programan seg\u00fan<br>las necesidades focalizadas en cada sector de la ciudad.<\/p>\n\n\n\n<p>En cada Audiencia P\u00fablica se atiende entre 200 y 300 personas con un 93 por<br>ciento de respuesta inmediata a las solicitudes, y el resto se programan porque<br>requieren de m\u00e1s de tres d\u00edas para su soluci\u00f3n.<\/p>\n\n\n\n<p>El formato de Audiencia P\u00fablica es un mecanismo que permite acortar el<br>procedimiento y tiempo de resoluci\u00f3n de los tr\u00e1mites municipales, lo que adem\u00e1s<br>de traducirse en mayor eficiencia, tambi\u00e9n representa un ahorro para el<br>ciudadano, al evitar gastos como transporte o papeler\u00eda.<\/p>\n\n\n\n<p>Por otra parte, al realizarse de manera itinerante en las colonias de la ciudad,<br>permite que los funcionarios de la Administraci\u00f3n Municipal atiendan<br>personalmente las solicitudes de la ciudadan\u00eda, con el objetivo de resolverlas en el<br>menor tiempo posible.<\/p>\n\n\n\n<p>En las Audiencias P\u00fablicas participan dependencias y organismos como Atenci\u00f3n<br>Ciudadana, Sistema Integral de Mantenimiento Vial, Tesorer\u00eda Municipal, Obras<br>P\u00fablicas, DIF Torre\u00f3n, Servicios P\u00fablicos, Salud P\u00fablica, SIMAS, Desarrollo<br>Social, entre otras.<\/p>\n\n\n\n<p>Los servicios m\u00e1s solicitados est\u00e1n relacionadas con las gestiones para<br>regularizaci\u00f3n del pago del predial, Servicios P\u00fablicos y sus \u00e1reas de Alumbrado<br>P\u00fablico, Parques y Jardines, as\u00ed como Limpieza, de igual manera Obras P\u00fablicas<br>y Sistema Integral de Mantenimiento Vial.<\/p>\n","protected":false},"excerpt":{"rendered":"<p>Torre\u00f3n, Coahuila. A 06 de julio de 2023. El alcalde Rom\u00e1n Alberto Cepeda Gonz\u00e1lez contin\u00faa con las Audiencias P\u00fablicasquincenales, y la ma\u00f1ana de este jueves acudi\u00f3 a la \u00a0plaza La Pi\u00f1a de la coloniaTorre\u00f3n Residencial para atender las solicitudes de la ciudadan\u00eda. El presidente municipal dijo que la Plaza de la Pi\u00f1a fue rehabilitada a trav\u00e9s delprograma de atenci\u00f3n a espacios p\u00fablicos emprendido en su Gobierno. Con una inversi\u00f3n de&#8230;<\/p>\n","protected":false},"author":1,"featured_media":16116,"comment_status":"closed","ping_status":"closed","sticky":false,"template":"","format":"standard","meta":{"footnotes":""},"categories":[5,28,7],"tags":[],"class_list":["post-16115","post","type-post","status-publish","format-standard","has-post-thumbnail","hentry","category-coahuila","category-la-laguna","category-torreon","wpcat-5-id","wpcat-28-id","wpcat-7-id"],"_links":{"self":[{"href":"https:\/\/www.aquilaguna.com\/index.php\/wp-json\/wp\/v2\/posts\/16115","targetHints":{"allow":["GET"]}}],"collection":[{"href":"https:\/\/www.aquilaguna.com\/index.php\/wp-json\/wp\/v2\/posts"}],"about":[{"href":"https:\/\/www.aquilaguna.com\/index.php\/wp-json\/wp\/v2\/types\/post"}],"author":[{"embeddable":true,"href":"https:\/\/www.aquilaguna.com\/index.php\/wp-json\/wp\/v2\/users\/1"}],"replies":[{"embeddable":true,"href":"https:\/\/www.aquilaguna.com\/index.php\/wp-json\/wp\/v2\/comments?post=16115"}],"version-history":[{"count":1,"href":"https:\/\/www.aquilaguna.com\/index.php\/wp-json\/wp\/v2\/posts\/16115\/revisions"}],"predecessor-version":[{"id":16117,"href":"https:\/\/www.aquilaguna.com\/index.php\/wp-json\/wp\/v2\/posts\/16115\/revisions\/16117"}],"wp:featuredmedia":[{"embeddable":true,"href":"https:\/\/www.aquilaguna.com\/index.php\/wp-json\/wp\/v2\/media\/16116"}],"wp:attachment":[{"href":"https:\/\/www.aquilaguna.com\/index.php\/wp-json\/wp\/v2\/media?parent=16115"}],"wp:term":[{"taxonomy":"category","embeddable":true,"href":"https:\/\/www.aquilaguna.com\/index.php\/wp-json\/wp\/v2\/categories?post=16115"},{"taxonomy":"post_tag","embeddable":true,"href":"https:\/\/www.aquilaguna.com\/index.php\/wp-json\/wp\/v2\/tags?post=16115"}],"curies":[{"name":"wp","href":"https:\/\/api.w.org\/{rel}","templated":true}]}}