{"id":16157,"date":"2023-07-09T19:53:00","date_gmt":"2023-07-10T01:53:00","guid":{"rendered":"https:\/\/www.aquilaguna.com\/?p=16157"},"modified":"2023-07-09T19:53:00","modified_gmt":"2023-07-10T01:53:00","slug":"aqui-laguna-243","status":"publish","type":"post","link":"https:\/\/www.aquilaguna.com\/index.php\/2023\/07\/09\/aqui-laguna-243\/","title":{"rendered":"Aqu\u00ed Laguna."},"content":{"rendered":"\n<p>\u00a1Deceso y de sesos! Dominantes los temas que tuvieron que ver este mismo fin de semana en los mentideros pol\u00edticos y\u00a0 en todo sitio donde\u00a0 se geste la opini\u00f3n p\u00fablica nacional, resultaron ser sin duda, la nota\u00a0 con la que se inform\u00f3 el lamentable deceso de Don\u00a0 Porfirio Alejandro Mu\u00f1oz Ledo, ese mexicano que cubri\u00f3 a\u00a0 en su larga vida, con\u00a0su intenso protagonismo que le permiti\u00f3 su\u00a0 notable cultura, su humanismo, que a trav\u00e9s de\u00a0 su talento verbal \u00a0 hizo carne y sangre a\u00a0 su paso por el escenario social y pol\u00edtico de este pa\u00eds, a lo largo de mas de 60 a\u00f1os la delirante pasi\u00f3n\u00a0 que marc\u00f3 su vida; la pol\u00edtica,\u00a0 \u00a0 \u00a0 sobre la que transit\u00f3 no solo como militante\u00a0 distinguido sino como Presidente del Partido Revolucionario Institucional, en sus momentos de\u00a0 hegemon\u00eda,\u00a0 y con el que rompi\u00f3 por\u00a0dar\u00a0 paso y encabezar junto con Ifigenia\u00a0 Mart\u00ednez\u00a0 y Cuauth\u00e9moc C\u00e1rdenas\u00a0 el irruptor Movimiento Democr\u00e1tico que dio \u00a0 vida luego\u00a0 al Partido de la Revoluci\u00f3n Democr\u00e1tica, del que luego de muchos\u00a0 y conocidos avatares\u00a0 tambi\u00e9n\u00a0 dej\u00f3 atr\u00e1s para\u00a0 unirse al movimiento sobre el que se gest\u00f3 MORENA.Claro que con tal sinuoso\u00a0 trayecto\u00a0 gener\u00f3 contradicciones y \u00a0 enemigos, as\u00ed nos lo dice\u00a0 las registradas y cobradas\u00a0 al t\u00e9rmino de su\u00a0 tr\u00e1nsito vital, cuando qued\u00f3 en el intento de\u00a0 volver a presidir la presidencia nacional de MORENA,\u00a0 cuando ya le hab\u00edan crecido &#8220;los enanos&#8221;, y acentuarse de manera p\u00fablica,\u00a0 su conocida\u00a0 y punzante cr\u00edtica\u00a0al poder en turno. Hoy ha muerto el tambi\u00e9n notable tribuno, en del afilada lengua y agresivo intelecto. Hoy precisamente cuando al pa\u00eds, y a\u00a0 casi toda\u00a0 la\u00a0 clase pol\u00edtica le faltan tales arrestos&#8230;<\/p>\n\n\n\n<p>Y en Coahuila la semana\u00a0 que termina se gener\u00f3 la informaci\u00f3n a modo digital, a trav\u00e9s de\u00a0 una red social, del cambio que en la dirigencia del Comit\u00e9 Directivo Estatal del Partido Revolucionario Institucional de Coahuila,\u00a0 se realizaba a favor del se\u00f1or Carlos\u00a0 Robles Lostanau\u00a0 en sustituci\u00f3n del ingeniero Rodrigo Fuentes Avila, el lagunero que\u00a0 tuvo a su cargo la dirigencia\u00a0 del priismo coahuilense a\u00a0 lo largo de los \u00faltimos cinco a\u00f1os y medio, en que que deja\u00a0como saldos, \u00a0 dos hist\u00f3ricas\u00a0 elecciones del famoso &#8220;carro completo&#8221; en el Poder Legislativo y sobre todo, en mantener a su partido como el titular del Poder Ejecutivo que, compromiso del que \u00a0 solo pueden presumir\u00a0 uno que otro, con todo y que haya sido a trav\u00e9s de una estrategia pol\u00edtica como son\u00a0 las alianzas partidistas y que en M\u00e9xico, al parecer tomar\u00e1n carta de\u00a0 naturaleza para los organismo partidistas de oposici\u00f3n. Si bien como dicen que dec\u00eda Marx, que &#8220;el fin justifica los medios&#8221; no se puede hacer un lado lo que los liderazgos pol\u00edticos\u00a0 partidistas \u00a0 y que tuvo y tienen que ver a\u00fan, con los que cada uno\u00a0 estuvo y est\u00e1 dispuestos a sacrificar en\u00a0 sus posiciones\u00a0 y trayectorias personales. No se puede en modo alguno regatear\u00a0 la importante parte que en ella aport\u00f3\u00a0 el equipo de trabajo y colaboradores que logr\u00f3 conjuntar el Ingeniero Fuentes Avila, a quien &#8220;Alito&#8221; suma a su equipo en la capital del pa\u00eds y con rango nacional el encargo a cargo del orgullosamente oriundo del Ca\u00f1\u00f3n de Jimulco, que arriba as\u00ed al escenario nacional\u00a0 quiz\u00e1s no en el mejor momento de su invitador, pero ya se sabe, que los tiempos de crisis, son tambi\u00e9n de oportunidad y en esta nueva tarea,\u00a0 el ingeniero Fuentes Avila, deber\u00e1 demostrar y mostrar\u00a0 una vez m\u00e1s de que est\u00e9 hecho, y dar los resultados que\u00a0 de \u00e9l se esperan.<\/p>\n\n\n\n<p>Adem\u00e1s por ac\u00e1, se habla ya de que el PRI en este momento de transici\u00f3n\u00a0 puede mostrar cuentas claras en el manejo de las finanzas\u00a0 partidistas, pues no registra pasivo alguno, ni multas del\u00a0 INE\u00a0 porque simplemente no\u00a0 se generaron, ya que hubo cumplimiento estricto de las normas electorales\u00a0 vigentes, es decir hubo aseo. De ah\u00ed que su sucesor designado, es decir, del sonorense Carlos\u00a0 Robles Lostanau\u00a0 por ahora como la\u00a0correr\u00e1 de mando con\u00a0 el Gobernador electo Manolo Jim\u00e9nez Salinas para conducir \u00a0 el inminente proceso electoral a iniciar el pr\u00f3ximo mes de\u00a0 septiembre y en ello designar candidatos a\u00a0 alcaldes,\u00a0 8 diputados federales\u00a0 y suplentes, dos senadores y los miembros de los cabildos en los 38 municipios de la entidad, adem\u00e1s de ganar tales cargo\u00a0 y no se diga de la conformaci\u00f3n de los listados plurinominales, es decir,\u00a0 la incorporaci\u00f3n de elementos de la burocracia partidista\u00a0 que se hayan hecho merecedores de esta prebenda.<\/p>\n\n\n\n<p>El &#8220;list\u00f3n&#8221;\u00a0 queda muy alto\u00a0 y con todo que el inge Rigo pueda pasear en estos d\u00edas, su cabeza y pecho en alto, de seguro no lo har\u00e1, es por dem\u00e1s un hombre muy, pero muy\u00a0 modesto\u2026<\/p>\n\n\n\n<p>Y en la UAdeC, donde tambi\u00e9n soplan vientos de cambio, si bien\u00a0 para el primer bimestre del 2024, tambi\u00e9n hay mucho de que presumir, ah\u00ed esta haber alcanzado en una evaluaci\u00f3n internacional a cargo de Ranking de Universidades del Times Higher\u00a0 Education, el sitio 14 entre las universidades p\u00fablicas del pa\u00eds, que participaron en ello, y el 18 entre todas las instituciones\u00a0 de Educaci\u00f3n Superior, de las 27 evaluadas\u00a0 de \u00edndole privada y\u00a0 p\u00fablica\u00a0 de un total de 128\u00a0 Universidades \u00a0 de\u00a0 pa\u00edses latinoamericanos, obvio que tal resultado no es logro de una sola persona, sino del equipo de trabajo que logr\u00f3 consolidar a su paso por la instituci\u00f3n, as\u00ed como la base\u00a0 aportada\u00a0 a trav\u00e9s del \u00a0 Plan de Desarrollo\u00a0 Institucional vigente del 2021 al 2024, por su Rector Salvador Hern\u00e1ndez V\u00e9lez, con el objetivo de ofrecer educaci\u00f3n de calidad\u00a0 a toda la poblaci\u00f3n, fincado en los ejes de ense\u00f1anza, investigaci\u00f3n, transferencia de\u00a0 conocimientos\u00a0 y perspectiva internacional. Felicitaciones pues, no solo al grupo directivo sino tambi\u00e9n a sus alumnos, que hacen posible\u00a0 que la UAdeC\u00a0 cuente con este tipo de reconocimientos que cubren no solo a su personal directivo, sino lo que es muy importante; a sus alumnos&#8230;<\/p>\n\n\n\n<p>&#8220;Eramos mucho y pari\u00f3 la abuela&#8221; podr\u00eda decirse en estos d\u00edas, en los que la calentura pol\u00edtica alcanza \u00a0 para algunos ya, niveles de competencia,\u00a0 sobre\u00a0 todo para quienes pretenden disputar la candidatura\u00a0 al cargo que hoy ocupa\u00a0 el Licenciado Rom\u00e1n Alberto Cepeda Gonz\u00e1lez, perfilado ya, como\u00a0 prospecto a la reelecci\u00f3n en su cargo a la presidencia del principal municipio de la comarca, centro neur\u00e1lgico y econ\u00f3mico de la zona metropolitana lagunera, pues\u00a0 al frente del ayuntamiento de Torre\u00f3n\u00a0 ha podido extender su red de simpatizantes y apoyadores, am\u00e9n de los resultados que genera su gesti\u00f3n, cuyos resultados m\u00e1s evidentes estaremos viendo, promete a los torreonenses a la voz de ya en las siguientes semanas,\u00a0 contando adem\u00e1s,\u00a0 con el favor de uno de los\u00a0 vol\u00e1tiles segmentos de la iniciativa privada a su favor, resulta que\u00a0 ya hasta el diputado federal Jos\u00e9 Antonio Gutierrez\u00a0 Jard\u00f3n -heredero indiscutible de la intangible herencia pol\u00edtica del braulismo-,\u00a0 manifiesta tambi\u00e9n\u00a0 intenciones sucesorias, con todo y que ya pas\u00f3 el trago amargo de una derrota\u00a0 por tal causa, con todo y ello puede decirse que Guti\u00e9rrez Jard\u00f3n ha demostrado\u00a0ser un\u00a0 buen\u00a0funcionario p\u00fablico, ah\u00ed est\u00e1n los resultados aportados a su paso por la Secretar\u00eda de Desarrollo durante la gesti\u00f3n del Licenciado Rub\u00e9n Moreira Valdes. Sin embargo dicen que la aspiraci\u00f3n que estar\u00e1 dando sabor al caldo, resultar\u00e1 ser, si as\u00ed parece, est\u00e1 a cargo del Subdirector de Egresos del actual gobierno estatal, el Contador P\u00fablico Javier Alain Herrera,\u00a0 pues si bien carece de antecedentes como figura pol\u00edtica, s\u00ed los tiene como un muy buen administrador\u00a0 y que cuenta adem\u00e1s con\u00a0 la confianza y sobre todo, cercan\u00eda del hoy Gobernador\u00a0 Riquelme Solis, y tambi\u00e9n, de ah\u00ed lo interesante, con el gobernador electo Manolo Jim\u00e9nez Salinas, en tanto que con los de &#8220;enfrente&#8221;\u00a0mucho se espera ver\u00a0por\u00a0 alcanzar\u00a0 postulaci\u00f3n\u00a0los aspirantes Luis Fernando Salazar de regreso ya de la lejana Chiapas y el diputado federal\u00a0 Shamir Fern\u00e1ndez, tr\u00e1nsfuga del\u00a0 priismo\u00a0 con todo y los magros resultados electorales obtenidos en la pasada batalla electoral&#8230;<\/p>\n\n\n\n<p>Y esta semana se inicia, dicen ya, con un desayuno en honor de abogados y litigantes, con motivo de su dia, no se conoce a\u00fan si en esta reuni\u00f3n estar\u00e1 presidida por el Gobernador Riquelme Solis, pero si anticipan que\u00a0en su alrededor se acercan un grupo\u00a0 de abogados para proponer la consabida camada de nuevos Notarios P\u00fablicos, que en Torre\u00f3n cuentan incluso con\u00a0 su calzada de las estrellas, una vez que muchos de ellos, se autoconsideran &#8220;la aristocracia&#8221; de los que viven y habitan en el mundillo del Derecho, al \u00a0 contar con deferencia gubernamental \u00a0de comercializar la\u00a0f\u00e9 publica, con todo y que tal gremio est\u00e1 m\u00e1s que saturado&#8230;<\/p>\n\n\n\n<p>Y el d\u00eda once, es decir, el martes, se espera el arribo a Torre\u00f3n de X\u00f3chitl G\u00e1lvez la\u00a0 aspirante a ser postulada por\u00a0 los partidos en\u00a0 alianza de &#8220;Va por\u00a0 M\u00e9xico&#8221;,\u00a0 y cuya presencia servir\u00e1\u00a0 a los laguneros para hacer alguna\u00a0 odiosa comparaci\u00f3n con las percepciones y opiniones dejadas por  Claudia Sheimbaum\u00a0 que apenas estuvo\u00a0 en la ciudad la semana que termina. Ambas \u00a0 profesionales, con alta capacidad\u00a0 intelectual y\u00a0 formaci\u00f3n acad\u00e9mica,\u00a0 y con historias de vida\u00a0 diametralmente opuestas\u00a0 en origen\u00a0 social, \u00e9tnico, etc.,\u00a0 que gener\u00f3 personalidades muy opuestas\u00a0 y que servir\u00e1 de paso, para conocer a los integrantes de\u00a0 los grupos &#8220;apoyadores&#8221; que ya se mueven al son del inter\u00e9s en esta regi\u00f3n.<\/p>\n","protected":false},"excerpt":{"rendered":"<p>\u00a1Deceso y de sesos! Dominantes los temas que tuvieron que ver este mismo fin de semana en los mentideros pol\u00edticos y\u00a0 en todo sitio donde\u00a0 se geste la opini\u00f3n p\u00fablica nacional, resultaron ser sin duda, la nota\u00a0 con la que se inform\u00f3 el lamentable deceso de Don\u00a0 Porfirio Alejandro Mu\u00f1oz Ledo, ese mexicano que cubri\u00f3 a\u00a0 en su larga vida, con\u00a0su intenso protagonismo que le permiti\u00f3 su\u00a0 notable cultura, su&#8230;<\/p>\n","protected":false},"author":2,"featured_media":0,"comment_status":"closed","ping_status":"","sticky":false,"template":"","format":"standard","meta":{"footnotes":""},"categories":[8],"tags":[],"class_list":["post-16157","post","type-post","status-publish","format-standard","hentry","category-aqui-laguna","wpcat-8-id"],"_links":{"self":[{"href":"https:\/\/www.aquilaguna.com\/index.php\/wp-json\/wp\/v2\/posts\/16157","targetHints":{"allow":["GET"]}}],"collection":[{"href":"https:\/\/www.aquilaguna.com\/index.php\/wp-json\/wp\/v2\/posts"}],"about":[{"href":"https:\/\/www.aquilaguna.com\/index.php\/wp-json\/wp\/v2\/types\/post"}],"author":[{"embeddable":true,"href":"https:\/\/www.aquilaguna.com\/index.php\/wp-json\/wp\/v2\/users\/2"}],"replies":[{"embeddable":true,"href":"https:\/\/www.aquilaguna.com\/index.php\/wp-json\/wp\/v2\/comments?post=16157"}],"version-history":[{"count":1,"href":"https:\/\/www.aquilaguna.com\/index.php\/wp-json\/wp\/v2\/posts\/16157\/revisions"}],"predecessor-version":[{"id":16158,"href":"https:\/\/www.aquilaguna.com\/index.php\/wp-json\/wp\/v2\/posts\/16157\/revisions\/16158"}],"wp:attachment":[{"href":"https:\/\/www.aquilaguna.com\/index.php\/wp-json\/wp\/v2\/media?parent=16157"}],"wp:term":[{"taxonomy":"category","embeddable":true,"href":"https:\/\/www.aquilaguna.com\/index.php\/wp-json\/wp\/v2\/categories?post=16157"},{"taxonomy":"post_tag","embeddable":true,"href":"https:\/\/www.aquilaguna.com\/index.php\/wp-json\/wp\/v2\/tags?post=16157"}],"curies":[{"name":"wp","href":"https:\/\/api.w.org\/{rel}","templated":true}]}}