{"id":16159,"date":"2023-07-10T19:22:01","date_gmt":"2023-07-11T01:22:01","guid":{"rendered":"https:\/\/www.aquilaguna.com\/?p=16159"},"modified":"2023-07-10T19:22:02","modified_gmt":"2023-07-11T01:22:02","slug":"presenta-coahuila-segunda-edicion-del-trail-del-sotol-en-el-canon-de-jimulco","status":"publish","type":"post","link":"https:\/\/www.aquilaguna.com\/index.php\/2023\/07\/10\/presenta-coahuila-segunda-edicion-del-trail-del-sotol-en-el-canon-de-jimulco\/","title":{"rendered":"PRESENTA COAHUILA SEGUNDA EDICI\u00d3N DEL TRAIL DEL SOTOL, EN EL CA\u00d1\u00d3N DE JIMULCO."},"content":{"rendered":"\n<p>Torre\u00f3n, Coahuila de Zaragoza; a 9 de Julio de 2023.- El Instituto Estatal del Deporte de Coahuila (INEDEC), la Direcci\u00f3n de Turismo de Torre\u00f3n y el Instituto Municipal del Deporte de Torre\u00f3n, en conjunto con LSD Runners y CarrerasMx, invitan a todos los corredores, clubes, escuelas, instituciones y p\u00fablico en general a participar en el 2o Trail Jimulco del Sotol, el cual se efectuar\u00e1 el domingo 6 de agosto a partir de las 07:00 horas.<\/p>\n\n\n\n<p>En la presentaci\u00f3n de esta carrera, que se llev\u00f3 a cabo en las instalaciones del Paseo Col\u00f3n, acudi\u00f3 la Directora Estatal del INEDEC, Alina Garza, quien acompa\u00f1o al comit\u00e9 organizador del evento y a las autoridades de esta comunidad perteneciente al Municipio de Torre\u00f3n.&nbsp;<\/p>\n\n\n\n<p>Se inform\u00f3 que la Salida y Meta estar\u00e1 instalada en el Hotel La Guayulera de Jimulco, en el Ejido Flor de Jimulco, a 50 kil\u00f3metros de distancia de Torre\u00f3n. El cupo ser\u00e1 para 300 corredores divididos en las distancias 21K, 10K y 5K.&nbsp;<\/p>\n\n\n\n<p>El recorrido ser\u00e1 por los alrededores del Cerro del Centinela, trayecto amigable, ideal para toda la familia.<\/p>\n\n\n\n<p>En las distancias de los 5 mil y10 mil metros participan las categor\u00edas Libre, hasta 29 a\u00f1os; Submaster, 30 a 39 a\u00f1os; Master, 40 a 49 a\u00f1os; Veteranos, 50 a 59 a\u00f1os; Veteranos plus, 60 y m\u00e1s.&nbsp;<\/p>\n\n\n\n<p>En la Categor\u00eda de 21k: Libre, hasta 39 a\u00f1os; Master 40 a\u00f1os y m\u00e1s.<\/p>\n\n\n\n<p>Cada participante se har\u00e1 acreedor a playera oficial del evento, n\u00famero oficial, pr\u00e9stamo de chip, medalla de finisher, botella de sotol, kit de recuperaci\u00f3n y certificado de tiempo.<\/p>\n\n\n\n<p>Las inscripciones est\u00e1n disponibles desde el pasado 15 de mayo y hasta agotar los 300 lugares.<\/p>\n\n\n\n<p>La entrega de kits se llevar\u00e1 a cabo el viernes 4 de agosto en el Museo Arocena, de Torre\u00f3n, de 17:00 a 20:00 horas.<\/p>\n","protected":false},"excerpt":{"rendered":"<p>Torre\u00f3n, Coahuila de Zaragoza; a 9 de Julio de 2023.- El Instituto Estatal del Deporte de Coahuila (INEDEC), la Direcci\u00f3n de Turismo de Torre\u00f3n y el Instituto Municipal del Deporte de Torre\u00f3n, en conjunto con LSD Runners y CarrerasMx, invitan a todos los corredores, clubes, escuelas, instituciones y p\u00fablico en general a participar en el 2o Trail Jimulco del Sotol, el cual se efectuar\u00e1 el domingo 6 de agosto a&#8230;<\/p>\n","protected":false},"author":1,"featured_media":16160,"comment_status":"closed","ping_status":"closed","sticky":false,"template":"","format":"standard","meta":{"footnotes":""},"categories":[5,15,34],"tags":[],"class_list":["post-16159","post","type-post","status-publish","format-standard","has-post-thumbnail","hentry","category-coahuila","category-gobierno-de-coahuila","category-turismo","wpcat-5-id","wpcat-15-id","wpcat-34-id"],"_links":{"self":[{"href":"https:\/\/www.aquilaguna.com\/index.php\/wp-json\/wp\/v2\/posts\/16159","targetHints":{"allow":["GET"]}}],"collection":[{"href":"https:\/\/www.aquilaguna.com\/index.php\/wp-json\/wp\/v2\/posts"}],"about":[{"href":"https:\/\/www.aquilaguna.com\/index.php\/wp-json\/wp\/v2\/types\/post"}],"author":[{"embeddable":true,"href":"https:\/\/www.aquilaguna.com\/index.php\/wp-json\/wp\/v2\/users\/1"}],"replies":[{"embeddable":true,"href":"https:\/\/www.aquilaguna.com\/index.php\/wp-json\/wp\/v2\/comments?post=16159"}],"version-history":[{"count":1,"href":"https:\/\/www.aquilaguna.com\/index.php\/wp-json\/wp\/v2\/posts\/16159\/revisions"}],"predecessor-version":[{"id":16161,"href":"https:\/\/www.aquilaguna.com\/index.php\/wp-json\/wp\/v2\/posts\/16159\/revisions\/16161"}],"wp:featuredmedia":[{"embeddable":true,"href":"https:\/\/www.aquilaguna.com\/index.php\/wp-json\/wp\/v2\/media\/16160"}],"wp:attachment":[{"href":"https:\/\/www.aquilaguna.com\/index.php\/wp-json\/wp\/v2\/media?parent=16159"}],"wp:term":[{"taxonomy":"category","embeddable":true,"href":"https:\/\/www.aquilaguna.com\/index.php\/wp-json\/wp\/v2\/categories?post=16159"},{"taxonomy":"post_tag","embeddable":true,"href":"https:\/\/www.aquilaguna.com\/index.php\/wp-json\/wp\/v2\/tags?post=16159"}],"curies":[{"name":"wp","href":"https:\/\/api.w.org\/{rel}","templated":true}]}}