{"id":1619,"date":"2021-04-18T19:39:48","date_gmt":"2021-04-19T00:39:48","guid":{"rendered":"https:\/\/www.aquilaguna.com\/?p=1619"},"modified":"2021-04-18T19:39:49","modified_gmt":"2021-04-19T00:39:49","slug":"sin-aflojar-el-paso-roman-alberto-cepeda-avanza-para-recuperar-torreon","status":"publish","type":"post","link":"https:\/\/www.aquilaguna.com\/index.php\/2021\/04\/18\/sin-aflojar-el-paso-roman-alberto-cepeda-avanza-para-recuperar-torreon\/","title":{"rendered":"SIN AFLOJAR EL PASO, ROM\u00c1N ALBERTO CEPEDA AVANZA PARA RECUPERAR TORRE\u00d3N."},"content":{"rendered":"\n<p>&#8220;Torre\u00f3n se qued\u00f3 detenido en el tiempo, se detuvo en el tiempo de la limpieza, del agua, de la salud, del drenaje, de la seguridad, se detuvo hace cuatro a\u00f1os y no avanz\u00f3&#8221;, se\u00f1al\u00f3 Rom\u00e1n Alberto Cepeda.<\/p>\n\n\n\n<p>Este domingo, el candidato priista por la alcald\u00eda de Torre\u00f3n, Rom\u00e1n Alberto Cepeda, recorri\u00f3 diferentes sectores habitacionales para dar a conocer a los ciudadanos su propuesta para recuperar Torre\u00f3n.<\/p>\n\n\n\n<p>Rom\u00e1n Alberto Cepeda se\u00f1al\u00f3 que faltan 45 d\u00edas para darle rumbo a Torre\u00f3n, por lo que seguir\u00e1 visitando a los torreonenses todos los d\u00edas, para presentarles su plan, &#8220;no vamos a aflojar el paso, yo dije desde el primer d\u00eda que ibamos a hacer una campa\u00f1a de mucho escuchar y de propuesta&#8221;.<\/p>\n\n\n\n<p>Colonias Valle Verde, Valle Revoluci\u00f3n, La Mina y los ejidos Ignacio Allende y San Luis, fueron visitados hoy por el candidato, donde adem\u00e1s de presentar a los habitantes su proyecto de trabajo, pudo escuchar sus demandas y necesidades que requieren para mejorar su calidad de vida.<\/p>\n\n\n\n<p>Agua las 24 horas, drenaje sanitario eficiente, seguridad, alumbrado p\u00fablico, pavimentaci\u00f3n, rehabilitaci\u00f3n y reforestaci\u00f3n de plazas y brigadas de limpieza, fueron algunos de los compromisos que firm\u00f3 para establecer el acuerdo de que sus demandas ser\u00e1n atendidas y solucionadas.<\/p>\n\n\n\n<p>Dijo que a Torre\u00f3n hay que sumarlo al rumbo que lleva el Estado, pues el municipio requiere quien le entre a arreglar el problema del agua, del drenaje de la inseguridad y la salud y por eso hizo el compromiso ante ellos de resolver las problem\u00e1ticas, pues su carrera ha sido de congruencia en la que orgullosamente lleva 37 a\u00f1os de priista sin cambiar de colores como actualmente est\u00e1 de moda por personajes que s\u00f3lo ven por sus intereses.<\/p>\n\n\n\n<p>Pidi\u00f3 a los ciudadanos analizar a sus contendientes, pues los mismos que hoy piden el voto estuvieron cuatro a\u00f1os al frente del municipio y no tuvieron la voluntad de solucionar las demandas de los torreonenses &#8220;ellos dicen que van a resolver y yo les quiero hacer una pregunta, \u00bfen cuatro a\u00f1os no tuvieron la oportunidad de hacer, lo&nbsp; que hoy dicen que van a hacer? Eran los mismos, pues si estabas donde pod\u00edas hacerlo, \u00bfpor qu\u00e9 no lo hiciste?&#8221;<\/p>\n\n\n\n<p>El candidato realiz\u00f3 su agenda acompa\u00f1ado de Luis Cuerda, Omar Morales, Jos\u00e9 Manuel Riveroll y Karla Centeno, integrantes de su planilla, quienes tambien escucharon las inquietudes de los ciudadanos.<\/p>\n\n\n\n<p>SI VAMOS JUNTOS, GANAMOS TODOS<\/p>\n","protected":false},"excerpt":{"rendered":"<p>&#8220;Torre\u00f3n se qued\u00f3 detenido en el tiempo, se detuvo en el tiempo de la limpieza, del agua, de la salud, del drenaje, de la seguridad, se detuvo hace cuatro a\u00f1os y no avanz\u00f3&#8221;, se\u00f1al\u00f3 Rom\u00e1n Alberto Cepeda. Este domingo, el candidato priista por la alcald\u00eda de Torre\u00f3n, Rom\u00e1n Alberto Cepeda, recorri\u00f3 diferentes sectores habitacionales para dar a conocer a los ciudadanos su propuesta para recuperar Torre\u00f3n. Rom\u00e1n Alberto Cepeda se\u00f1al\u00f3&#8230;<\/p>\n","protected":false},"author":1,"featured_media":1620,"comment_status":"closed","ping_status":"closed","sticky":false,"template":"","format":"standard","meta":{"footnotes":""},"categories":[20,5,28,16,7],"tags":[],"class_list":["post-1619","post","type-post","status-publish","format-standard","has-post-thumbnail","hentry","category-campanas","category-coahuila","category-la-laguna","category-pri","category-torreon","wpcat-20-id","wpcat-5-id","wpcat-28-id","wpcat-16-id","wpcat-7-id"],"_links":{"self":[{"href":"https:\/\/www.aquilaguna.com\/index.php\/wp-json\/wp\/v2\/posts\/1619","targetHints":{"allow":["GET"]}}],"collection":[{"href":"https:\/\/www.aquilaguna.com\/index.php\/wp-json\/wp\/v2\/posts"}],"about":[{"href":"https:\/\/www.aquilaguna.com\/index.php\/wp-json\/wp\/v2\/types\/post"}],"author":[{"embeddable":true,"href":"https:\/\/www.aquilaguna.com\/index.php\/wp-json\/wp\/v2\/users\/1"}],"replies":[{"embeddable":true,"href":"https:\/\/www.aquilaguna.com\/index.php\/wp-json\/wp\/v2\/comments?post=1619"}],"version-history":[{"count":1,"href":"https:\/\/www.aquilaguna.com\/index.php\/wp-json\/wp\/v2\/posts\/1619\/revisions"}],"predecessor-version":[{"id":1621,"href":"https:\/\/www.aquilaguna.com\/index.php\/wp-json\/wp\/v2\/posts\/1619\/revisions\/1621"}],"wp:featuredmedia":[{"embeddable":true,"href":"https:\/\/www.aquilaguna.com\/index.php\/wp-json\/wp\/v2\/media\/1620"}],"wp:attachment":[{"href":"https:\/\/www.aquilaguna.com\/index.php\/wp-json\/wp\/v2\/media?parent=1619"}],"wp:term":[{"taxonomy":"category","embeddable":true,"href":"https:\/\/www.aquilaguna.com\/index.php\/wp-json\/wp\/v2\/categories?post=1619"},{"taxonomy":"post_tag","embeddable":true,"href":"https:\/\/www.aquilaguna.com\/index.php\/wp-json\/wp\/v2\/tags?post=1619"}],"curies":[{"name":"wp","href":"https:\/\/api.w.org\/{rel}","templated":true}]}}