{"id":16224,"date":"2023-07-13T17:55:12","date_gmt":"2023-07-13T23:55:12","guid":{"rendered":"https:\/\/www.aquilaguna.com\/?p=16224"},"modified":"2023-07-13T17:55:12","modified_gmt":"2023-07-13T23:55:12","slug":"logra-coahuilense-jimena-de-la-pena-segundo-lugar-en-mundial-de-triatlon-en-alemania","status":"publish","type":"post","link":"https:\/\/www.aquilaguna.com\/index.php\/2023\/07\/13\/logra-coahuilense-jimena-de-la-pena-segundo-lugar-en-mundial-de-triatlon-en-alemania\/","title":{"rendered":"LOGRA COAHUILENSE JIMENA DE LA PE\u00d1A SEGUNDO LUGAR EN MUNDIAL DE TRIATL\u00d3N, EN ALEMANIA."},"content":{"rendered":"\n<p>Torre\u00f3n, Coahuila de Zaragoza; a 13 de Julio de 2023.- Una destacada actuaci\u00f3n tuvo la ma\u00f1ana de este jueves la atleta Jimena de la Pe\u00f1a Schott dentro del Mundial de Triatl\u00f3n realizado en Hamburgo, Alemania, donde la deportista coahuilense logr\u00f3 un segundo lugar, justa en la que compiti\u00f3 contra m\u00e1s de las 60 mejores atletas del mundo.<\/p>\n\n\n\n<p>De la Pe\u00f1a Schott particip\u00f3 en la categor\u00eda Junior \u00c9lite Femenil, en la distancia del Triatl\u00f3n Sprint; la de Coahuila represent\u00f3 dignamente a M\u00e9xico al lograr un tiempo de 10:23 en los 750 metros de nado, 28:09 en 20 kil\u00f3metros de bicicleta y 17:21 en 5 kil\u00f3metros de carrera atl\u00e9tica.<\/p>\n\n\n\n<p>Jimena de la Pe\u00f1a se ubic\u00f3 en el segundo pelda\u00f1o, por debajo de la francesa ganadora Iloana Hadhoum, y por encima de la otra francesa, Manon Laporte.<\/p>\n\n\n\n<p>Cabe recordar que Jimena de la Pe\u00f1a recientemente logr\u00f3 conquistar su tercera Medalla de Oro consecutiva en los Nacionales CONADE 2023, realizados en el Estado de Nayarit.<\/p>\n","protected":false},"excerpt":{"rendered":"<p>Torre\u00f3n, Coahuila de Zaragoza; a 13 de Julio de 2023.- Una destacada actuaci\u00f3n tuvo la ma\u00f1ana de este jueves la atleta Jimena de la Pe\u00f1a Schott dentro del Mundial de Triatl\u00f3n realizado en Hamburgo, Alemania, donde la deportista coahuilense logr\u00f3 un segundo lugar, justa en la que compiti\u00f3 contra m\u00e1s de las 60 mejores atletas del mundo. De la Pe\u00f1a Schott particip\u00f3 en la categor\u00eda Junior \u00c9lite Femenil, en la&#8230;<\/p>\n","protected":false},"author":1,"featured_media":16225,"comment_status":"closed","ping_status":"closed","sticky":false,"template":"","format":"standard","meta":{"footnotes":""},"categories":[5,33,15],"tags":[],"class_list":["post-16224","post","type-post","status-publish","format-standard","has-post-thumbnail","hentry","category-coahuila","category-deporte","category-gobierno-de-coahuila","wpcat-5-id","wpcat-33-id","wpcat-15-id"],"_links":{"self":[{"href":"https:\/\/www.aquilaguna.com\/index.php\/wp-json\/wp\/v2\/posts\/16224","targetHints":{"allow":["GET"]}}],"collection":[{"href":"https:\/\/www.aquilaguna.com\/index.php\/wp-json\/wp\/v2\/posts"}],"about":[{"href":"https:\/\/www.aquilaguna.com\/index.php\/wp-json\/wp\/v2\/types\/post"}],"author":[{"embeddable":true,"href":"https:\/\/www.aquilaguna.com\/index.php\/wp-json\/wp\/v2\/users\/1"}],"replies":[{"embeddable":true,"href":"https:\/\/www.aquilaguna.com\/index.php\/wp-json\/wp\/v2\/comments?post=16224"}],"version-history":[{"count":1,"href":"https:\/\/www.aquilaguna.com\/index.php\/wp-json\/wp\/v2\/posts\/16224\/revisions"}],"predecessor-version":[{"id":16226,"href":"https:\/\/www.aquilaguna.com\/index.php\/wp-json\/wp\/v2\/posts\/16224\/revisions\/16226"}],"wp:featuredmedia":[{"embeddable":true,"href":"https:\/\/www.aquilaguna.com\/index.php\/wp-json\/wp\/v2\/media\/16225"}],"wp:attachment":[{"href":"https:\/\/www.aquilaguna.com\/index.php\/wp-json\/wp\/v2\/media?parent=16224"}],"wp:term":[{"taxonomy":"category","embeddable":true,"href":"https:\/\/www.aquilaguna.com\/index.php\/wp-json\/wp\/v2\/categories?post=16224"},{"taxonomy":"post_tag","embeddable":true,"href":"https:\/\/www.aquilaguna.com\/index.php\/wp-json\/wp\/v2\/tags?post=16224"}],"curies":[{"name":"wp","href":"https:\/\/api.w.org\/{rel}","templated":true}]}}