{"id":1625,"date":"2021-04-18T20:07:41","date_gmt":"2021-04-19T01:07:41","guid":{"rendered":"https:\/\/www.aquilaguna.com\/?p=1625"},"modified":"2021-04-18T20:07:41","modified_gmt":"2021-04-19T01:07:41","slug":"aqui-laguna-23","status":"publish","type":"post","link":"https:\/\/www.aquilaguna.com\/index.php\/2021\/04\/18\/aqui-laguna-23\/","title":{"rendered":"Aqu\u00ed Laguna."},"content":{"rendered":"\n<p>\u00a1Y el diferendo\u00a0 se profundiza!\u00a0 A 14 d\u00edas de campa\u00f1a a\u00a0 lo largo y ancho del pa\u00eds\u00a0 no cesan, sino que se agrava el\u00a0 acoso que registra el Instituto Nacional Electoral\u00a0 y el titular del Poder Ejecutivo, pues resulta que ya est\u00e1 en marcha ante la  Comisi\u00f3n correspondiente de la\u00a0 C\u00e1mara de Diputados, la solicitud del PT,\u00a0 para someter\u00a0 a su presidente Lorenzo C\u00f3rdova y a uno de sus magistrados, Ciro Murayama\u00a0 seg\u00fan solicitud expresa\u00a0 a Juicio Pol\u00edtico, y hasta virtual destituci\u00f3n. La actuaci\u00f3n \u00a0 que hasta ahora,\u00a0 la mayor\u00eda natural o la artificiosa que registra MORENA en\u00a0 el Poder Legislativo\u00a0 por ahora, \u00a0 hace percibir que \u00e9sta act\u00faa\u00a0 cual si fuera solo una Oficial\u00eda\u00a0 de Partes del Poder Ejecutivo, pues las iniciativas que \u00e9ste les lanza un d\u00eda si y el otro tambi\u00e9n, le son concedidas, algunas sin\u00a0 modificar una coma, como es por ahora no solo la Ley de Hidrocarburos, sino de paso, la que corresponde a la nueva Ley del Poder Judicial, en la cual,\u00a0 se afirma, alg\u00fan oficioso diputadete, propuso y logr\u00f3 consenso para aumentar de cuatro a seis la permanencia del\u00a0 Presidente de la Suprema Corte\u00a0 de Justicia\u00a0 \u00a0 en abierta\u00a0 violaci\u00f3n a lo dispuesto\u00a0 en \u00e9ste tema, por la Constituci\u00f3n Vigente. Vaya Usted a saber  en que vayamos terminando, y sobre todo a qu\u00e9 costo.<\/p>\n\n\n\n<p>En este marco, una de las figuras centrales, resulta ser el aspirante a candidato a Gobernador de Guerrero postulado por MORENA,\u00a0 F\u00e9lix Salgado Macedonio \u00a0 y en un segundo plano Raul Mor\u00f3n. Este mismo domingo \u00a0 \u00a0 el controversial Macedonio autollamado &#8221;Toro sin cerca&#8221; y convertido hoy\u00a0 seg\u00fan la\u00a0 socarroner\u00eda\u00a0 popular, \u00a0 solo como un\u00a0 &#8221;un\u00a0 buey en la barranca&#8221; present\u00f3 nuevo recurso ante el Tribunal Electoral del Poder\u00a0 Judicial de la Federaci\u00f3n, impugnando\u00a0 la decisi\u00f3n  en la que INE\u00a0 ratifica la sentencia de\u00a0 negar\u00a0 el registro al candidato citado. El desenlace que registre este caso,\u00a0 tendr\u00e1 su impacto sin duda, en el que registra a su vez, por el\u00a0 el aspirante a alcalde de Torre\u00f3n\u00a0 Luis Fernando Salazar Fern\u00e1ndez\u00a0  materialmente\u00a0 tambi\u00e9n &#8221;atorad&#8221; en\u00a0 la pista electoral, en la l\u00ednea de salida, por lo\u00a0 que ya se conoce\u00a0 y se sabe, no haber presentado, \u00e9l o\u00a0 el partido que lo patrocina,\u00a0 el informe sobre sus gastos de precampa\u00f1a, as\u00ed sean estos, seg\u00fan \u00e9l, solo cinco mil pesos, pues el tema no es el monto de lo gastado, sino la no presentaci\u00f3n de tal gasto en el tiempo y la forma como la fija las reglas del juego expresas en el C\u00f3digo Electoral vigente. En tanto ya van 14 d\u00edas del plazo que\u00a0 habr\u00e1 de culminar el\u00a0 2 de\u00a0 junio del presente,\u00a0 gener\u00e1ndose para\u00a0 Luis Fernando Salazar si es que finalmente se modifica la decisi\u00f3n del INE.<\/p>\n\n\n\n<p>Y mientras son peras o son manzanas, a la fecha, Rom\u00e1n Alberto Cepeda Gonz\u00e1lez,\u00a0 recorre\u00a0 calles y avenidas de barrios y colonias de la ciudad, tratando de  imponer\u00a0 el ritmo que toda campa\u00f1a que se precie debe obtener para llegar a la meta fijada con posibilidades reales de triunfo. Lo hace acompa\u00f1ado de su equipo, seleccionado por \u00e9l mismo en muchos casos y\u00a0 en otros por a\u00f1adidos\u00a0 que nunca faltan, pero que expresan\u00a0 &#8221;la confianza&#8221; que tienen figuras\u00a0 que han estado algo alejadas de las filas del PRI y que ahora,\u00a0 le ven posibilidades\u00a0 claras de retorno\u00a0 al centro del poder municipal. Bien por ello y todos los que se sumen, que luego\u00a0 de ganar, \u00a0 deber\u00e1n pasar por\u00a0 la criba.<\/p>\n\n\n\n<p>En tanto Marcelo Torres\u00a0 Cofi\u00f1o, a la vera de Jorge Zerme\u00f1o nadan contra corriente, sin embargo no cesan en sus esfuerzos por salir del\u00a0 hoyo electoral \u00a0 desde el que arrancaran ambos\u00a0 esta campa\u00f1a. Ambos, Cepeda Gonz\u00e1lez y Torres Cofi\u00f1o esta semana\u00a0 registraron la presencia y apoyo\u00a0 de sus dirigentes nacionales, Alito Moreno y Marko\u00a0 Cortez\u00a0 respectivamente\u00a0 para impulsar\u00a0 sus ilusiones.<\/p>\n\n\n\n<p>Y de llamar la atenci\u00f3n, lo alcanzado, al menos\u00a0 el de lograr\u00a0 su registro como candidato independiente, el \u00fanico de los cinco que aspiraron\u00a0 a ello, siendo &#8221;el Coronel&#8221;  Jos\u00e9 R\u00edos Contreras\u00a0 que en efecto, es un\u00a0 militar en retiro y quien \u00a0 super\u00f3 en mas de 1,800 firmas, las 7,000 exigidas por el INE. Afirma solo prometer &#8221;escuchar  a los ciudadanos&#8221; no mas y al parecer eso\u00a0 basta para seguir optimista su campa\u00f1a unipersonal,\u00a0 en un toca toca, puerta por puerta. En\u00a0 tanto el resto de los candidatos \u00a0 al cargo de alcaldes de Torre\u00f3n bajo\u00a0 banderas de partido, como dice la canci\u00f3n de Camelia la Texana &#8221;nunca mas se supo nada&#8221;.<\/p>\n\n\n\n<p>En los grupos a lo que se\u00a0 adivinan franca colaboraci\u00f3n, esta sin duda muchos empresarios de la industria regional, algunos que incluso\u00a0 que ya se ve\u00edan candidatos \u00a0 bajo las siglas de MORENA, como fue el caso de uno de los miembros de la familia Lozoya, que\u00a0 vieron\u00a0 esfumarse la prometida candidatura a la diputaci\u00f3n Federal del Distrito VI, que finalmente le fuera asignada, v\u00eda\u00a0 la fantasmal encuesta que dicen se hizo a Rosa Isela Pi\u00f1a\u00a0 Avila, hermana del hoy alcalde ex morenista\u00a0 del municipio de Matamoros, \u00a0 y que incluso dicen sus conocidos nom\u00e1s no\u00a0 arranca, debido a que\u00a0 no cuenta con apoyo alguno del partido postulante, que solo le ha enviado dos mantas de propaganda y ella misma, se encuentra en &#8221;estado de buena esperanza&#8221;, como dec\u00edan\u00a0 nuestras abuelas, lo que le impide entrar de lleno\u00a0 a esta contienda \u00a0 y adem\u00e1s, la conjunci\u00f3n de expresiones y fuerzas pol\u00edticas opositoras \u00a0 en desbandada\u00a0 con presencia en \u00a0 las zonas rurales de los \u00a0 municipios de\u00a0 Torre\u00f3n, Matamoros\u00a0 y \u00a0 Francisco I. Madero , que han retornado, dicen, tambi\u00e9n al PRI,\u00a0 es decir, a su origen lo que ha mermado y mucho,\u00a0 las capacidades de movilizaci\u00f3n y organizaci\u00f3n que mostraran apenas hace tres a\u00f1os bajo la convocatoria de AMLO, tal condici\u00f3n\u00a0 hizo posible los triunfos de Horacio Pi\u00f1a como alcalde y de Jos\u00e9 Angel P\u00e9rez Hern\u00e1ndez, pero ahora\u00a0 ya se ve,\u00a0 la &#8221;magia&#8221; ha desaparecido y vemos hoy a Horacio Pi\u00f1a Avila buscar un a reelecci\u00f3n \u00a0 bajo las siglas del PVEM, en tanto que Jos\u00e9 Angel P\u00e9rez Hern\u00e1ndez, el &#8221;arre&#8221;\u00a0 tras dinamitar sus ya\u00a0 de por su exiguo capital pol\u00edtico,\u00a0 regres\u00f3 sin gloria alguna \u00a0 a su curul de diputado, precisamente \u00a0 cuando su suplente Gerardo Puente Balderas\u00a0 decidi\u00f3 retornar a las filas del Partido Revolucionario Institucional, o al menos bajo la \u00e9gida de este\u00a0 en Matamoros. Tales reacomodos le abren\u00a0 las posibilidades al candidato priista Shamir Fern\u00e1ndez que contiende por\u00a0 la diputaci\u00f3n del VI .<\/p>\n\n\n\n<p>Y este mismo lunes, se conocer\u00e1n sedes y horarios,\u00a0 as\u00ed como los protocolos a que habr\u00e1n de ce\u00f1irse la vacunaci\u00f3n de todo el personal que labora al servicio de la Secretar\u00eda de Educaci\u00f3n P\u00fablica en Coahuila, as\u00ed como en la Universidad Aut\u00f3noma de Coahuila, paso esencial para\u00a0 hacer posible el retorno presencial a clases, as\u00ed sea\u00a0 \u00a0 \u00e9ste h\u00edbrido,\u00a0 a partir de los ciclos de preescolar hasta el universitario,\u00a0 y en el est\u00e1n al frente\u00a0 tanto\u00a0 Higinio Gonz\u00e1lez Calder\u00f3n como el Rector Salvador Hern\u00e1ndez Velez \u00a0 y\u00a0 directivos del sistema educativo particular, pues en Coahuila y eso est\u00e1 muy bien,\u00a0 sus miembros no habr\u00e1n de quedar sin vacuna, como si lo siguen el personal m\u00e9dico del sector privado, que de manera est\u00fapida se les sigue negando\u00a0 la aplicaci\u00f3n del ant\u00edgeno.<\/p>\n\n\n\n<p>Por cierto, felicitaciones al Rector Salvador Hern\u00e1ndez Velez,\u00a0 de la Doctora en Ciencias\u00a0 Sandra L\u00f3pez Chavarria, as\u00ed como de la Directora de la Escuela de Psicolog\u00eda \u00a0 Marimar Centeno Arnada, que \u00a0 testificaron \u00a0 los frutos del esfuerzo, de la dedicaci\u00f3n de mas de 30 j\u00f3venes universitarios, maestros y\u00a0 el apoyo de sus\u00a0 familias, al haber culminado sus estudios acad\u00e9micos\u00a0 y diplomados previos para obtener la Licenciatura en Psicolog\u00eda\u00a0 y formando parte de la primera generaci\u00f3n de estos profesionales en la Unidad Torre\u00f3n.<\/p>\n\n\n\n<p>No bajemos la guardia, acatemos el protocolo sanitario vigente contra el coronavirus. Se encuentra aun entre nosotros.\u00a0\u00a0\u00a0<\/p>\n","protected":false},"excerpt":{"rendered":"<p>\u00a1Y el diferendo\u00a0 se profundiza!\u00a0 A 14 d\u00edas de campa\u00f1a a\u00a0 lo largo y ancho del pa\u00eds\u00a0 no cesan, sino que se agrava el\u00a0 acoso que registra el Instituto Nacional Electoral\u00a0 y el titular del Poder Ejecutivo, pues resulta que ya est\u00e1 en marcha ante la Comisi\u00f3n correspondiente de la\u00a0 C\u00e1mara de Diputados, la solicitud del PT,\u00a0 para someter\u00a0 a su presidente Lorenzo C\u00f3rdova y a uno de sus magistrados,&#8230;<\/p>\n","protected":false},"author":2,"featured_media":0,"comment_status":"closed","ping_status":"","sticky":false,"template":"","format":"standard","meta":{"footnotes":""},"categories":[8],"tags":[],"class_list":["post-1625","post","type-post","status-publish","format-standard","hentry","category-aqui-laguna","wpcat-8-id"],"_links":{"self":[{"href":"https:\/\/www.aquilaguna.com\/index.php\/wp-json\/wp\/v2\/posts\/1625","targetHints":{"allow":["GET"]}}],"collection":[{"href":"https:\/\/www.aquilaguna.com\/index.php\/wp-json\/wp\/v2\/posts"}],"about":[{"href":"https:\/\/www.aquilaguna.com\/index.php\/wp-json\/wp\/v2\/types\/post"}],"author":[{"embeddable":true,"href":"https:\/\/www.aquilaguna.com\/index.php\/wp-json\/wp\/v2\/users\/2"}],"replies":[{"embeddable":true,"href":"https:\/\/www.aquilaguna.com\/index.php\/wp-json\/wp\/v2\/comments?post=1625"}],"version-history":[{"count":1,"href":"https:\/\/www.aquilaguna.com\/index.php\/wp-json\/wp\/v2\/posts\/1625\/revisions"}],"predecessor-version":[{"id":1626,"href":"https:\/\/www.aquilaguna.com\/index.php\/wp-json\/wp\/v2\/posts\/1625\/revisions\/1626"}],"wp:attachment":[{"href":"https:\/\/www.aquilaguna.com\/index.php\/wp-json\/wp\/v2\/media?parent=1625"}],"wp:term":[{"taxonomy":"category","embeddable":true,"href":"https:\/\/www.aquilaguna.com\/index.php\/wp-json\/wp\/v2\/categories?post=1625"},{"taxonomy":"post_tag","embeddable":true,"href":"https:\/\/www.aquilaguna.com\/index.php\/wp-json\/wp\/v2\/tags?post=1625"}],"curies":[{"name":"wp","href":"https:\/\/api.w.org\/{rel}","templated":true}]}}