{"id":16250,"date":"2023-07-14T20:11:27","date_gmt":"2023-07-15T02:11:27","guid":{"rendered":"https:\/\/www.aquilaguna.com\/?p=16250"},"modified":"2023-07-14T20:11:28","modified_gmt":"2023-07-15T02:11:28","slug":"concluyen-trabajos-de-pavimentacion-en-tramo-del-periferico","status":"publish","type":"post","link":"https:\/\/www.aquilaguna.com\/index.php\/2023\/07\/14\/concluyen-trabajos-de-pavimentacion-en-tramo-del-periferico\/","title":{"rendered":"Concluyen trabajos de pavimentaci\u00f3n en tramo del perif\u00e9rico."},"content":{"rendered":"\n<p>Torre\u00f3n, Coahuila. A 14 de julio de 2023.<\/p>\n\n\n\n<p>Luego de tres d\u00edas de trabajo nocturno, personal del Sistema Integral de<br>Mantenimiento Vial, concluy\u00f3 la pavimentaci\u00f3n de seis mil 700 metros cuadrados<br>en el perif\u00e9rico Ra\u00fal L\u00f3pez S\u00e1nchez.<\/p>\n\n\n\n<p>Roberto Escalante Gonz\u00e1lez, director del organismo, dio a conocer que aunque se<br>hab\u00eda anunciado el t\u00e9rmino de labores para el d\u00eda de ayer jueves, el personal del<br>\u00e1rea a su cargo redobl\u00f3 esfuerzos para concluir los trabajos el pasado mi\u00e9rcoles.<\/p>\n\n\n\n<p>Mencion\u00f3 que las acciones se realizaron en los carriles centrales del tramo que<br>viene de G\u00f3mez Palacio, desde la Puerta Amarilla, hasta donde se encuentra el<br>Mando Especial, pues dijo que en 2022 se labor\u00f3 en ese mismo tramo, pero en el<br>sentido contrario.<\/p>\n\n\n\n<p>Aunque en un inicio se dio a conocer que las labores constaban de seis mil metros<br>cuadrados, se aument\u00f3 a 700 m\u00e1s.<\/p>\n\n\n\n<p>El objetivo es optimar la circulaci\u00f3n en este espacio, pues es una de las<br>principales vialidades de la ciudad.<\/p>\n\n\n\n<p>Los trabajos constaron de trazo y nivelaci\u00f3n, rayado de carpeta existente y retiro<br>de material producto, as\u00ed mismo barrido de la superficie, riego de liga, elaboraci\u00f3n<br>y aplicaci\u00f3n de carpeta de concreto asf\u00e1ltico de cinco cent\u00edmetros.<\/p>\n\n\n\n<p>Cabe destacar que las labores de pavimentaci\u00f3n continuar\u00e1n en otras arterias del<br>municipio, las cuales ser\u00e1n dadas a conocer a trav\u00e9s las redes sociales del<br>Sistema Integral de Mantenimiento Vial y de los distintos medios, para exhortar a<br>la poblaci\u00f3n a tomar precauciones.<\/p>\n","protected":false},"excerpt":{"rendered":"<p>Torre\u00f3n, Coahuila. A 14 de julio de 2023. Luego de tres d\u00edas de trabajo nocturno, personal del Sistema Integral deMantenimiento Vial, concluy\u00f3 la pavimentaci\u00f3n de seis mil 700 metros cuadradosen el perif\u00e9rico Ra\u00fal L\u00f3pez S\u00e1nchez. Roberto Escalante Gonz\u00e1lez, director del organismo, dio a conocer que aunque sehab\u00eda anunciado el t\u00e9rmino de labores para el d\u00eda de ayer jueves, el personal del\u00e1rea a su cargo redobl\u00f3 esfuerzos para concluir los trabajos&#8230;<\/p>\n","protected":false},"author":1,"featured_media":16251,"comment_status":"closed","ping_status":"closed","sticky":false,"template":"","format":"standard","meta":{"footnotes":""},"categories":[5,28,7],"tags":[],"class_list":["post-16250","post","type-post","status-publish","format-standard","has-post-thumbnail","hentry","category-coahuila","category-la-laguna","category-torreon","wpcat-5-id","wpcat-28-id","wpcat-7-id"],"_links":{"self":[{"href":"https:\/\/www.aquilaguna.com\/index.php\/wp-json\/wp\/v2\/posts\/16250","targetHints":{"allow":["GET"]}}],"collection":[{"href":"https:\/\/www.aquilaguna.com\/index.php\/wp-json\/wp\/v2\/posts"}],"about":[{"href":"https:\/\/www.aquilaguna.com\/index.php\/wp-json\/wp\/v2\/types\/post"}],"author":[{"embeddable":true,"href":"https:\/\/www.aquilaguna.com\/index.php\/wp-json\/wp\/v2\/users\/1"}],"replies":[{"embeddable":true,"href":"https:\/\/www.aquilaguna.com\/index.php\/wp-json\/wp\/v2\/comments?post=16250"}],"version-history":[{"count":1,"href":"https:\/\/www.aquilaguna.com\/index.php\/wp-json\/wp\/v2\/posts\/16250\/revisions"}],"predecessor-version":[{"id":16252,"href":"https:\/\/www.aquilaguna.com\/index.php\/wp-json\/wp\/v2\/posts\/16250\/revisions\/16252"}],"wp:featuredmedia":[{"embeddable":true,"href":"https:\/\/www.aquilaguna.com\/index.php\/wp-json\/wp\/v2\/media\/16251"}],"wp:attachment":[{"href":"https:\/\/www.aquilaguna.com\/index.php\/wp-json\/wp\/v2\/media?parent=16250"}],"wp:term":[{"taxonomy":"category","embeddable":true,"href":"https:\/\/www.aquilaguna.com\/index.php\/wp-json\/wp\/v2\/categories?post=16250"},{"taxonomy":"post_tag","embeddable":true,"href":"https:\/\/www.aquilaguna.com\/index.php\/wp-json\/wp\/v2\/tags?post=16250"}],"curies":[{"name":"wp","href":"https:\/\/api.w.org\/{rel}","templated":true}]}}