{"id":16280,"date":"2023-07-17T18:30:17","date_gmt":"2023-07-18T00:30:17","guid":{"rendered":"https:\/\/www.aquilaguna.com\/?p=16280"},"modified":"2023-07-17T18:30:17","modified_gmt":"2023-07-18T00:30:17","slug":"arrancan-los-cursos-de-verano-2023-de-la-administracion-municipal","status":"publish","type":"post","link":"https:\/\/www.aquilaguna.com\/index.php\/2023\/07\/17\/arrancan-los-cursos-de-verano-2023-de-la-administracion-municipal\/","title":{"rendered":"Arrancan los \u201cCursos de Verano 2023\u201d de la Administraci\u00f3n Municipal."},"content":{"rendered":"\n<p>Torre\u00f3n, Coahuila. A 17 de julio de 2023.<\/p>\n\n\n\n<p>El Sistema para el Desarrollo Integral de la Familia de Torre\u00f3n (DIF), en conjunto<br>con el Instituto Municipal de Cultura y Educaci\u00f3n (IMCE) y el Instituto Municipal del<br>Deporte, dieron inicio este d\u00eda con los \u201cCursos de Verano 2023\u201d.<\/p>\n\n\n\n<p>Marlene Mart\u00ednez Vald\u00e9s, directora general del DIF Torre\u00f3n, dijo que la finalidad<br>es contribuir en la formaci\u00f3n integral de ni\u00f1os y ni\u00f1as con actividades deportivas y<br>culturales para un sano desarrollo.<\/p>\n\n\n\n<p>Los cursos se llevar\u00e1n a cabo dentro de las instalaciones del Centro Cultural y<br>Deportivo \u201cLa Jabonera La Uni\u00f3n\u201d y el Multideportivo Oriente, as\u00ed como en la<br>Biblioteca Municipal de la Flor de Jimulco, con la asistencia de 700 participantes,<br>aproxim\u00e1damente, de edades que oscilan entre los seis y 12 a\u00f1os.<\/p>\n\n\n\n<p>La funcionaria mencion\u00f3 que se ofrecer\u00e1n actividades recreativas y educativas,<br>como f\u00fatbol, nataci\u00f3n, volibol, baile, juegos, lucha, box, tochito, wushu,<br>manualidades, teatro, m\u00fasica, belleza y rescate de la m\u00fasica cardenche, esta<br>\u00faltima s\u00f3lo en la Flor de Jimulco.<\/p>\n\n\n\n<p>De igual forma se ofrecer\u00e1n visitas a museos como la Casa del Cerro, el Algod\u00f3n,<br>el Ferrocarril, Canal de la Perla, Museo de los Metales y al Museo Regional de la<br>Laguna, donde los participantes acudir\u00e1n a la exposici\u00f3n Descubriendo el<br>Vaticano \u201cEl Tesoro de San Juan de Letr\u00e1n\u201d, por lo que ser\u00e1 una experiencia<br>enriquecedora para ellos.<\/p>\n\n\n\n<p>Cabe mencionar que cada sede tendr\u00e1 personal de apoyo, un coordinador,<br>maestros capacitados y gu\u00edas para el cuidado de los menores, adem\u00e1s se contar\u00e1<br>con servicio m\u00e9dico por parte de la Direcci\u00f3n de Salud Municipal.<\/p>\n\n\n\n<p>Los horarios son de lunes a viernes de las 09:00 a las 13:00 horas y en la Flor de<br>Jimulco, son los s\u00e1bados de las 10:00 a las 13:00 horas.<\/p>\n\n\n\n<p>El curso concluir\u00e1 el pr\u00f3ximo 04 de agosto.<\/p>\n","protected":false},"excerpt":{"rendered":"<p>Torre\u00f3n, Coahuila. A 17 de julio de 2023. El Sistema para el Desarrollo Integral de la Familia de Torre\u00f3n (DIF), en conjuntocon el Instituto Municipal de Cultura y Educaci\u00f3n (IMCE) y el Instituto Municipal delDeporte, dieron inicio este d\u00eda con los \u201cCursos de Verano 2023\u201d. Marlene Mart\u00ednez Vald\u00e9s, directora general del DIF Torre\u00f3n, dijo que la finalidades contribuir en la formaci\u00f3n integral de ni\u00f1os y ni\u00f1as con actividades deportivas yculturales&#8230;<\/p>\n","protected":false},"author":1,"featured_media":16281,"comment_status":"closed","ping_status":"closed","sticky":false,"template":"","format":"standard","meta":{"footnotes":""},"categories":[5,28,7],"tags":[],"class_list":["post-16280","post","type-post","status-publish","format-standard","has-post-thumbnail","hentry","category-coahuila","category-la-laguna","category-torreon","wpcat-5-id","wpcat-28-id","wpcat-7-id"],"_links":{"self":[{"href":"https:\/\/www.aquilaguna.com\/index.php\/wp-json\/wp\/v2\/posts\/16280","targetHints":{"allow":["GET"]}}],"collection":[{"href":"https:\/\/www.aquilaguna.com\/index.php\/wp-json\/wp\/v2\/posts"}],"about":[{"href":"https:\/\/www.aquilaguna.com\/index.php\/wp-json\/wp\/v2\/types\/post"}],"author":[{"embeddable":true,"href":"https:\/\/www.aquilaguna.com\/index.php\/wp-json\/wp\/v2\/users\/1"}],"replies":[{"embeddable":true,"href":"https:\/\/www.aquilaguna.com\/index.php\/wp-json\/wp\/v2\/comments?post=16280"}],"version-history":[{"count":1,"href":"https:\/\/www.aquilaguna.com\/index.php\/wp-json\/wp\/v2\/posts\/16280\/revisions"}],"predecessor-version":[{"id":16282,"href":"https:\/\/www.aquilaguna.com\/index.php\/wp-json\/wp\/v2\/posts\/16280\/revisions\/16282"}],"wp:featuredmedia":[{"embeddable":true,"href":"https:\/\/www.aquilaguna.com\/index.php\/wp-json\/wp\/v2\/media\/16281"}],"wp:attachment":[{"href":"https:\/\/www.aquilaguna.com\/index.php\/wp-json\/wp\/v2\/media?parent=16280"}],"wp:term":[{"taxonomy":"category","embeddable":true,"href":"https:\/\/www.aquilaguna.com\/index.php\/wp-json\/wp\/v2\/categories?post=16280"},{"taxonomy":"post_tag","embeddable":true,"href":"https:\/\/www.aquilaguna.com\/index.php\/wp-json\/wp\/v2\/tags?post=16280"}],"curies":[{"name":"wp","href":"https:\/\/api.w.org\/{rel}","templated":true}]}}