{"id":1633,"date":"2021-04-19T19:05:34","date_gmt":"2021-04-20T00:05:34","guid":{"rendered":"https:\/\/www.aquilaguna.com\/?p=1633"},"modified":"2021-04-19T19:05:35","modified_gmt":"2021-04-20T00:05:35","slug":"listos-los-trabajadores-de-la-educacion-de-coahuila-para-recibir-el-biologico","status":"publish","type":"post","link":"https:\/\/www.aquilaguna.com\/index.php\/2021\/04\/19\/listos-los-trabajadores-de-la-educacion-de-coahuila-para-recibir-el-biologico\/","title":{"rendered":"Listos los Trabajadores de la Educaci\u00f3n de Coahuila para recibir el biol\u00f3gico."},"content":{"rendered":"\n<p>El Delegado Especial en la Secci\u00f3n 5, maestro Rafael Gonz\u00e1lez Sabido, junto con el<br>representante del CEN, maestro Ruperto Contreras Alc\u00e1ntara, estuvieron presentes en la<br>reuni\u00f3n que sostuvo el Gobernador del Estado, Ing. Miguel \u00c1ngel Riquelme Sol\u00eds, con el<br>objetivo de poder coadyuvar en el proceso de vacunaci\u00f3n para los Trabajadores de la<br>Educaci\u00f3n.<\/p>\n\n\n\n<p>Gonz\u00e1lez Sabido, indic\u00f3 que el Gobernador y amigo del magisterio, cuenta con todo el<br>respaldo para las estrategias que se habr\u00e1n de implementar para poder brindar un<br>proceso ordenado y coordinado para que todo el magisterio de Coahuila pueda ser<br>inoculados sin sufrir y padecer inclemencias y contratiempos.<\/p>\n\n\n\n<p>El dirigente sindical, subray\u00f3 el compromiso y decisi\u00f3n del Ejecutivo Estatal, de no<br>apresurarse a tomar la decisi\u00f3n de regresar a las clases presenciales, solo porque la<br>entidad se encuentra en sem\u00e1foro verde, sino hacerlo con responsabilidad, por lo que<br>aplaude que antes de salir a dar una postura, primero lo analiza con los expertos en<br>materia de salud, para informar a la comunidad coahuilense de algo que este<br>t\u00e9cnicamente justificado.<\/p>\n\n\n\n<p>El l\u00edder magisterial, destac\u00f3 la participaci\u00f3n del maestro Carlos Ariel Moreira Vald\u00e9s, quien<br>a nombre del magisterio coahuilense, inform\u00f3 sobre la encuesta aplicada a los<br>Trabajadores de la Educaci\u00f3n por parte del SNTE y la respuesta emitida por quienes<br>tuvieron a bien manifestar las necesidades y posturas en cuanto a las condiciones de los<br>planteles, el uso de las tecnolog\u00edas, las necesidades del personal y sobre todo las<br>implicaciones que vivieron los alumnos en cuanto a los contenidos acad\u00e9micos, la<br>comunicaci\u00f3n con los padres de familia en esta pandemia.<\/p>\n\n\n\n<p>El Delegado Especial, hizo \u00e9nfasis al destacar que por parte del Ejecutivo Estatal, se esta<br>haciendo un trabajo coordinado y cercano con el sector educativo, donde participan las<br>tres Secciones Sindicales la 35, 38 y 5, en equipo han venido realizando un trabajo de<br>apertura, dialogo en todos los \u00e1mbitos, donde se revisa los planteles escolares, se platica<br>con los padres de familia, para llevar a cabo de la mejor manera la re incorporaci\u00f3n<br>paulatina a las clases presenciales, en el \u00e1mbito social y educativo cuidando todo lo que<br>han pasado las familias en este tiempo, tratando de solucionar toda la problem\u00e1tica con<br>ayuda psicol\u00f3gica para maestras, maestros y padres de familia.<\/p>\n\n\n\n<p>Rafel Gonz\u00e1lez, agradeci\u00f3 al Gobernador del Estado, porque dio la certeza a los<br>Trabajadores de la Educaci\u00f3n de que la mejor vacuna que se va aplicar, es la que se tiene<br>disponible para las nueve sedes regionales.<\/p>\n","protected":false},"excerpt":{"rendered":"<p>El Delegado Especial en la Secci\u00f3n 5, maestro Rafael Gonz\u00e1lez Sabido, junto con elrepresentante del CEN, maestro Ruperto Contreras Alc\u00e1ntara, estuvieron presentes en lareuni\u00f3n que sostuvo el Gobernador del Estado, Ing. Miguel \u00c1ngel Riquelme Sol\u00eds, con elobjetivo de poder coadyuvar en el proceso de vacunaci\u00f3n para los Trabajadores de laEducaci\u00f3n. Gonz\u00e1lez Sabido, indic\u00f3 que el Gobernador y amigo del magisterio, cuenta con todo elrespaldo para las estrategias que se habr\u00e1n&#8230;<\/p>\n","protected":false},"author":1,"featured_media":1634,"comment_status":"closed","ping_status":"closed","sticky":false,"template":"","format":"standard","meta":{"footnotes":""},"categories":[5,23,22],"tags":[],"class_list":["post-1633","post","type-post","status-publish","format-standard","has-post-thumbnail","hentry","category-coahuila","category-snte","category-vacunas","wpcat-5-id","wpcat-23-id","wpcat-22-id"],"_links":{"self":[{"href":"https:\/\/www.aquilaguna.com\/index.php\/wp-json\/wp\/v2\/posts\/1633","targetHints":{"allow":["GET"]}}],"collection":[{"href":"https:\/\/www.aquilaguna.com\/index.php\/wp-json\/wp\/v2\/posts"}],"about":[{"href":"https:\/\/www.aquilaguna.com\/index.php\/wp-json\/wp\/v2\/types\/post"}],"author":[{"embeddable":true,"href":"https:\/\/www.aquilaguna.com\/index.php\/wp-json\/wp\/v2\/users\/1"}],"replies":[{"embeddable":true,"href":"https:\/\/www.aquilaguna.com\/index.php\/wp-json\/wp\/v2\/comments?post=1633"}],"version-history":[{"count":1,"href":"https:\/\/www.aquilaguna.com\/index.php\/wp-json\/wp\/v2\/posts\/1633\/revisions"}],"predecessor-version":[{"id":1635,"href":"https:\/\/www.aquilaguna.com\/index.php\/wp-json\/wp\/v2\/posts\/1633\/revisions\/1635"}],"wp:featuredmedia":[{"embeddable":true,"href":"https:\/\/www.aquilaguna.com\/index.php\/wp-json\/wp\/v2\/media\/1634"}],"wp:attachment":[{"href":"https:\/\/www.aquilaguna.com\/index.php\/wp-json\/wp\/v2\/media?parent=1633"}],"wp:term":[{"taxonomy":"category","embeddable":true,"href":"https:\/\/www.aquilaguna.com\/index.php\/wp-json\/wp\/v2\/categories?post=1633"},{"taxonomy":"post_tag","embeddable":true,"href":"https:\/\/www.aquilaguna.com\/index.php\/wp-json\/wp\/v2\/tags?post=1633"}],"curies":[{"name":"wp","href":"https:\/\/api.w.org\/{rel}","templated":true}]}}