{"id":16341,"date":"2023-07-21T19:52:04","date_gmt":"2023-07-22T01:52:04","guid":{"rendered":"https:\/\/www.aquilaguna.com\/?p=16341"},"modified":"2023-07-21T19:52:05","modified_gmt":"2023-07-22T01:52:05","slug":"invita-uadec-a-participar-en-el-congreso-internacional-de-pertinencia-de-la-educacion-2023","status":"publish","type":"post","link":"https:\/\/www.aquilaguna.com\/index.php\/2023\/07\/21\/invita-uadec-a-participar-en-el-congreso-internacional-de-pertinencia-de-la-educacion-2023\/","title":{"rendered":"Invita UAdeC a Participar en el Congreso Internacional de Pertinencia de la Educaci\u00f3n 2023."},"content":{"rendered":"\n<p>SALTILLO, Coahuila. 21 de julio de 2023. La Universidad Aut\u00f3noma de Coahuila,<br>en conjunto con el Colegio de Postgraduados, Campus Puebla, la Red Acad\u00e9mica<br>de Desastres en Tabasco y la Universidad de la Ci\u00e9nega del Estado de Michoac\u00e1n<br>de Ocampo, convocan a investigadores, docentes, estudiantes e instituciones<br>educativas, as\u00ed como a la sociedad interesada en la educaci\u00f3n a participar en el<br>Congreso Internacional de Pertinencia de la Educaci\u00f3n 2023.<\/p>\n\n\n\n<p>El evento se llevar\u00e1 a cabo del 22 al 25 de noviembre de 2023 en el Colegio de<br>Postgraduados Campus Puebla y tiene como objetivo conocer y analizar las<br>experiencias y conocimientos sobre pertinencia de la educaci\u00f3n a escala nacional<br>e internacional entre instituciones educativas en el contexto de procesos de<br>formaci\u00f3n, el uso de tecnolog\u00edas de aprendizaje y comunicaci\u00f3n, con una actitud<br>responsable y apegada a las medidas preventivas para la mitigaci\u00f3n y control de<br>los riesgos para la salud.<\/p>\n\n\n\n<p>Podr\u00e1n participar con trabajos de investigaci\u00f3n como ponentes: investigadores,<br>docentes estudiantes y sociedad civil interesada en el tema, tienen hasta el 25 de<br>septiembre de 2023 para enviar sus ponencias; el env\u00edo de cartas de aceptaci\u00f3n<br>se har\u00e1 el 30 de septiembre y la publicaci\u00f3n de Programa de actividades ser\u00e1<br>dado a conocer el d\u00eda 15 de noviembre.<\/p>\n\n\n\n<p>Las \u00e1reas tem\u00e1ticas son: 1. Educaci\u00f3n, pobreza, marginaci\u00f3n y migraci\u00f3n, 2.<br>Educaci\u00f3n social, pedagog\u00eda e inclusi\u00f3n social, 3. Educaci\u00f3n y salud y 4.<br>Educaci\u00f3n ambiental y sostenibilidad; el costo para quienes participen como<br>ponentes es de mil 200 pesos, estudiante con credencial ponente o asistente a<br>congreso de 800 pesos, asistente a congreso mil pesos y asistente a curso 500<br>pesos, la fecha l\u00edmite para realizar el pago es el 10 de noviembre de 2023 en el<br>Banco HSBC, Clabe interbancaria 021650040691491514 a nombre del Colegio de<br>Postgraduados.<\/p>\n\n\n\n<p>Para m\u00e1s informaci\u00f3n ingresar a<br><a href=\"http:\/\/www.investigacionyposgrado.uadec.mx\/eventos\/congreso-internacional-de-pertinencia-de-la-educacion-2023\/?fbclid=IwAR2UTYDQFoicRZJ-kFie0YCVKSChhsfVw2dhA2rQGhuGqyv2r6fuxzqo01o\" target=\"_blank\" rel=\"noreferrer noopener\">http:\/\/www.investigacionyposgrado.uadec.mx\/eventos\/congreso-internacional-de-pertinencia-de-la-educacion-2023\/?fbclid=IwAR2UTYDQFoicRZJ-kFie0YCVKSChhsfVw2dhA2rQGhuGqyv2r6fuxzqo01o<\/a> donde se encuentra<br>publicada la convocatoria completa.<\/p>\n","protected":false},"excerpt":{"rendered":"<p>SALTILLO, Coahuila. 21 de julio de 2023. La Universidad Aut\u00f3noma de Coahuila,en conjunto con el Colegio de Postgraduados, Campus Puebla, la Red Acad\u00e9micade Desastres en Tabasco y la Universidad de la Ci\u00e9nega del Estado de Michoac\u00e1nde Ocampo, convocan a investigadores, docentes, estudiantes e institucioneseducativas, as\u00ed como a la sociedad interesada en la educaci\u00f3n a participar en elCongreso Internacional de Pertinencia de la Educaci\u00f3n 2023. El evento se llevar\u00e1 a cabo&#8230;<\/p>\n","protected":false},"author":1,"featured_media":16342,"comment_status":"closed","ping_status":"closed","sticky":false,"template":"","format":"standard","meta":{"footnotes":""},"categories":[2],"tags":[],"class_list":["post-16341","post","type-post","status-publish","format-standard","has-post-thumbnail","hentry","category-uadec","wpcat-2-id"],"_links":{"self":[{"href":"https:\/\/www.aquilaguna.com\/index.php\/wp-json\/wp\/v2\/posts\/16341","targetHints":{"allow":["GET"]}}],"collection":[{"href":"https:\/\/www.aquilaguna.com\/index.php\/wp-json\/wp\/v2\/posts"}],"about":[{"href":"https:\/\/www.aquilaguna.com\/index.php\/wp-json\/wp\/v2\/types\/post"}],"author":[{"embeddable":true,"href":"https:\/\/www.aquilaguna.com\/index.php\/wp-json\/wp\/v2\/users\/1"}],"replies":[{"embeddable":true,"href":"https:\/\/www.aquilaguna.com\/index.php\/wp-json\/wp\/v2\/comments?post=16341"}],"version-history":[{"count":1,"href":"https:\/\/www.aquilaguna.com\/index.php\/wp-json\/wp\/v2\/posts\/16341\/revisions"}],"predecessor-version":[{"id":16343,"href":"https:\/\/www.aquilaguna.com\/index.php\/wp-json\/wp\/v2\/posts\/16341\/revisions\/16343"}],"wp:featuredmedia":[{"embeddable":true,"href":"https:\/\/www.aquilaguna.com\/index.php\/wp-json\/wp\/v2\/media\/16342"}],"wp:attachment":[{"href":"https:\/\/www.aquilaguna.com\/index.php\/wp-json\/wp\/v2\/media?parent=16341"}],"wp:term":[{"taxonomy":"category","embeddable":true,"href":"https:\/\/www.aquilaguna.com\/index.php\/wp-json\/wp\/v2\/categories?post=16341"},{"taxonomy":"post_tag","embeddable":true,"href":"https:\/\/www.aquilaguna.com\/index.php\/wp-json\/wp\/v2\/tags?post=16341"}],"curies":[{"name":"wp","href":"https:\/\/api.w.org\/{rel}","templated":true}]}}