{"id":16362,"date":"2023-07-23T19:17:49","date_gmt":"2023-07-24T01:17:49","guid":{"rendered":"https:\/\/www.aquilaguna.com\/?p=16362"},"modified":"2023-07-23T19:17:49","modified_gmt":"2023-07-24T01:17:49","slug":"sefirc-coahuila-da-seguimiento-al-programa-anual-de-trabajo-con-la-secretaria-de-la-funcion-publica","status":"publish","type":"post","link":"https:\/\/www.aquilaguna.com\/index.php\/2023\/07\/23\/sefirc-coahuila-da-seguimiento-al-programa-anual-de-trabajo-con-la-secretaria-de-la-funcion-publica\/","title":{"rendered":"SEFIRC COAHUILA DA SEGUIMIENTO AL PROGRAMA ANUAL DE TRABAJO CON LA SECRETAR\u00cdA DE LA FUNCI\u00d3N P\u00daBLICA."},"content":{"rendered":"\n<p>Saltillo, Coahuila de Zaragoza; a 23 de Julio del 2023.- La titular de la Secretar\u00eda de Fiscalizaci\u00f3n y Rendici\u00f3n de Cuentas de Coahuila (SEFIRC), Teresa Guajardo Berlanga, instruy\u00f3 al personal de la Direcci\u00f3n de Participaci\u00f3n Ciudadana y Contralor\u00eda Social a dar seguimiento al convenio de coordinaci\u00f3n celebrado con la Secretar\u00eda de la Funci\u00f3n P\u00fablica (SFP), espec\u00edficamente al Programa Anual de Trabajo de Participaci\u00f3n Ciudadana y Contralor\u00eda Social.<\/p>\n\n\n\n<p>Este convenio fue firmado con la Coordinaci\u00f3n General de Ciudadanizaci\u00f3n y Defensa de V\u00edctimas de la Corrupci\u00f3n, por lo que el personal de la Direcci\u00f3n estableci\u00f3 coordinaci\u00f3n con las dependencias estatales y delegaciones federales para el cumplimiento del mismo, llevando a cabo reuniones de capacitaci\u00f3n con los enlaces de Contralor\u00eda Social de los siguientes Programas: Programa de Apoyos a la Cultura- Acciones Culturales Multiling\u00fces y Comunitarias (PACMYC) de la Secretar\u00eda de Cultura, Fortalecimiento de los Servicios de Educaci\u00f3n Especial (PFSEE), La Escuela es Nuestra de la Secretar\u00eda de Educaci\u00f3n, Educaci\u00f3n para Adultos con el Instituto Estatal de Educaci\u00f3n para Adultos, Conservaci\u00f3n Comunitaria en \u00c1reas Naturales Protegidas (CONANP).<\/p>\n\n\n\n<p>De igual manera, se conformaron y capacitaron a los Comit\u00e9s de Contralor\u00eda Social de los programas mencionados.&nbsp;<\/p>\n\n\n\n<p>Guajardo Berlanga mencion\u00f3 que este trabajo de coordinaci\u00f3n continuar\u00e1 en el transcurso del a\u00f1o para vigilar el cumplimiento de las metas y la correcta aplicaci\u00f3n de los recursos p\u00fablicos asignados a los programas sociales.<\/p>\n\n\n\n<p>Con trabajo coordinado #FuerteCoahuilaEs<\/p>\n","protected":false},"excerpt":{"rendered":"<p>Saltillo, Coahuila de Zaragoza; a 23 de Julio del 2023.- La titular de la Secretar\u00eda de Fiscalizaci\u00f3n y Rendici\u00f3n de Cuentas de Coahuila (SEFIRC), Teresa Guajardo Berlanga, instruy\u00f3 al personal de la Direcci\u00f3n de Participaci\u00f3n Ciudadana y Contralor\u00eda Social a dar seguimiento al convenio de coordinaci\u00f3n celebrado con la Secretar\u00eda de la Funci\u00f3n P\u00fablica (SFP), espec\u00edficamente al Programa Anual de Trabajo de Participaci\u00f3n Ciudadana y Contralor\u00eda Social. Este convenio fue&#8230;<\/p>\n","protected":false},"author":1,"featured_media":16363,"comment_status":"closed","ping_status":"closed","sticky":false,"template":"","format":"standard","meta":{"footnotes":""},"categories":[5,15],"tags":[],"class_list":["post-16362","post","type-post","status-publish","format-standard","has-post-thumbnail","hentry","category-coahuila","category-gobierno-de-coahuila","wpcat-5-id","wpcat-15-id"],"_links":{"self":[{"href":"https:\/\/www.aquilaguna.com\/index.php\/wp-json\/wp\/v2\/posts\/16362","targetHints":{"allow":["GET"]}}],"collection":[{"href":"https:\/\/www.aquilaguna.com\/index.php\/wp-json\/wp\/v2\/posts"}],"about":[{"href":"https:\/\/www.aquilaguna.com\/index.php\/wp-json\/wp\/v2\/types\/post"}],"author":[{"embeddable":true,"href":"https:\/\/www.aquilaguna.com\/index.php\/wp-json\/wp\/v2\/users\/1"}],"replies":[{"embeddable":true,"href":"https:\/\/www.aquilaguna.com\/index.php\/wp-json\/wp\/v2\/comments?post=16362"}],"version-history":[{"count":1,"href":"https:\/\/www.aquilaguna.com\/index.php\/wp-json\/wp\/v2\/posts\/16362\/revisions"}],"predecessor-version":[{"id":16364,"href":"https:\/\/www.aquilaguna.com\/index.php\/wp-json\/wp\/v2\/posts\/16362\/revisions\/16364"}],"wp:featuredmedia":[{"embeddable":true,"href":"https:\/\/www.aquilaguna.com\/index.php\/wp-json\/wp\/v2\/media\/16363"}],"wp:attachment":[{"href":"https:\/\/www.aquilaguna.com\/index.php\/wp-json\/wp\/v2\/media?parent=16362"}],"wp:term":[{"taxonomy":"category","embeddable":true,"href":"https:\/\/www.aquilaguna.com\/index.php\/wp-json\/wp\/v2\/categories?post=16362"},{"taxonomy":"post_tag","embeddable":true,"href":"https:\/\/www.aquilaguna.com\/index.php\/wp-json\/wp\/v2\/tags?post=16362"}],"curies":[{"name":"wp","href":"https:\/\/api.w.org\/{rel}","templated":true}]}}