{"id":16420,"date":"2023-07-27T19:14:31","date_gmt":"2023-07-28T01:14:31","guid":{"rendered":"https:\/\/www.aquilaguna.com\/?p=16420"},"modified":"2023-07-27T19:14:32","modified_gmt":"2023-07-28T01:14:32","slug":"capacitan-en-primeros-auxilios-a-personal-de-panteones-municipales","status":"publish","type":"post","link":"https:\/\/www.aquilaguna.com\/index.php\/2023\/07\/27\/capacitan-en-primeros-auxilios-a-personal-de-panteones-municipales\/","title":{"rendered":"Capacitan en primeros auxilios a personal de panteones municipales."},"content":{"rendered":"\n<p>Torre\u00f3n, Coahuila. A 27 de julio de 2023.<\/p>\n\n\n\n<p>Con el objetivo de mantener actualizado al personal que labora en los panteones<br>municipales 1 y 2 de Torre\u00f3n, en cuanto a protocolos de actuaci\u00f3n para la<br>atenci\u00f3n de emergencias, los trabajadores de los camposantos recibieron una<br>capacitaci\u00f3n impartida por elementos de la Direcci\u00f3n de Protecci\u00f3n Civil y<br>Bomberos.<\/p>\n\n\n\n<p>Fernando Villarreal Cu\u00e9llar, director de Servicios P\u00fablicos, dio a conocer que la<br>finalidad es que los empleados conozcan las t\u00e9cnicas de soporte b\u00e1sico de vida y<br>primeros auxilios, para poder brindar atenci\u00f3n oportuna a la poblaci\u00f3n que acude a<br>los panteones en caso de alguna emergencia.<\/p>\n\n\n\n<p>La actividad fue dirigida a personal administrativo y de mantenimiento general, as\u00ed<br>como a los sepultureros.<\/p>\n\n\n\n<p>Los participantes aprendieron los principios de la acci\u00f3n de emergencia, que<br>implica la revisi\u00f3n del caso, la llamada a las instituciones de salud y la atenci\u00f3n<br>directa a la persona afectada a trav\u00e9s de diversas t\u00e9cnicas.<\/p>\n\n\n\n<p>Sumado a ello realizaron la pr\u00e1ctica de atenci\u00f3n inmediata a situaciones que<br>pueden suscitarse en ciudadanos que acuden a los camposantos, desde una<br>obstrucci\u00f3n, la reanimaci\u00f3n cardiopulmonar (RCP), hemorragias, estado de shock,<br>heridas, quemaduras, fracturas, entre otras.<\/p>\n\n\n\n<p>Cabe destacar que esta es la segunda capacitaci\u00f3n que se realiza en lo que va de<br>la Administraci\u00f3n Municipal, pues el a\u00f1o pasado el personal fue instruido sobre las<br>medidas preventivas en las excavaciones.<\/p>\n\n\n\n<p>Villarreal Cu\u00e9llar agreg\u00f3 que tambi\u00e9n se trabaja permanentemente en los<br>panteones municipales con limpieza, desmalezado, retiro de escombro y con la<br>capacitaci\u00f3n al personal, para ofrecer a la ciudadan\u00eda espacios seguros todo el<br>a\u00f1o y no solo en los meses de mayor afluencia.<\/p>\n","protected":false},"excerpt":{"rendered":"<p>Torre\u00f3n, Coahuila. A 27 de julio de 2023. Con el objetivo de mantener actualizado al personal que labora en los panteonesmunicipales 1 y 2 de Torre\u00f3n, en cuanto a protocolos de actuaci\u00f3n para laatenci\u00f3n de emergencias, los trabajadores de los camposantos recibieron unacapacitaci\u00f3n impartida por elementos de la Direcci\u00f3n de Protecci\u00f3n Civil yBomberos. Fernando Villarreal Cu\u00e9llar, director de Servicios P\u00fablicos, dio a conocer que lafinalidad es que los empleados conozcan&#8230;<\/p>\n","protected":false},"author":1,"featured_media":16421,"comment_status":"closed","ping_status":"closed","sticky":false,"template":"","format":"standard","meta":{"footnotes":""},"categories":[5,28,7],"tags":[],"class_list":["post-16420","post","type-post","status-publish","format-standard","has-post-thumbnail","hentry","category-coahuila","category-la-laguna","category-torreon","wpcat-5-id","wpcat-28-id","wpcat-7-id"],"_links":{"self":[{"href":"https:\/\/www.aquilaguna.com\/index.php\/wp-json\/wp\/v2\/posts\/16420","targetHints":{"allow":["GET"]}}],"collection":[{"href":"https:\/\/www.aquilaguna.com\/index.php\/wp-json\/wp\/v2\/posts"}],"about":[{"href":"https:\/\/www.aquilaguna.com\/index.php\/wp-json\/wp\/v2\/types\/post"}],"author":[{"embeddable":true,"href":"https:\/\/www.aquilaguna.com\/index.php\/wp-json\/wp\/v2\/users\/1"}],"replies":[{"embeddable":true,"href":"https:\/\/www.aquilaguna.com\/index.php\/wp-json\/wp\/v2\/comments?post=16420"}],"version-history":[{"count":1,"href":"https:\/\/www.aquilaguna.com\/index.php\/wp-json\/wp\/v2\/posts\/16420\/revisions"}],"predecessor-version":[{"id":16422,"href":"https:\/\/www.aquilaguna.com\/index.php\/wp-json\/wp\/v2\/posts\/16420\/revisions\/16422"}],"wp:featuredmedia":[{"embeddable":true,"href":"https:\/\/www.aquilaguna.com\/index.php\/wp-json\/wp\/v2\/media\/16421"}],"wp:attachment":[{"href":"https:\/\/www.aquilaguna.com\/index.php\/wp-json\/wp\/v2\/media?parent=16420"}],"wp:term":[{"taxonomy":"category","embeddable":true,"href":"https:\/\/www.aquilaguna.com\/index.php\/wp-json\/wp\/v2\/categories?post=16420"},{"taxonomy":"post_tag","embeddable":true,"href":"https:\/\/www.aquilaguna.com\/index.php\/wp-json\/wp\/v2\/tags?post=16420"}],"curies":[{"name":"wp","href":"https:\/\/api.w.org\/{rel}","templated":true}]}}