{"id":16528,"date":"2023-08-05T06:48:38","date_gmt":"2023-08-05T12:48:38","guid":{"rendered":"https:\/\/www.aquilaguna.com\/?p=16528"},"modified":"2023-08-05T06:48:38","modified_gmt":"2023-08-05T12:48:38","slug":"el-recinto-cultural-universitario-de-la-uadec-aurora-morales-de-lopez","status":"publish","type":"post","link":"https:\/\/www.aquilaguna.com\/index.php\/2023\/08\/05\/el-recinto-cultural-universitario-de-la-uadec-aurora-morales-de-lopez\/","title":{"rendered":"El Recinto Cultural Universitario de la UAdeC &#8220;Aurora Morales de L\u00f3pez&#8221;."},"content":{"rendered":"\n<p>Abre Inscripciones para sus Talleres de Agosto-Diciembre 2023<br>SALTILLO, Coahuila. 4 de agosto de 2023. La Universidad Aut\u00f3noma de Coahuila<br>a trav\u00e9s del Recinto Cultural Universitario &#8220;Aurora Morales de L\u00f3pez&#8221;, invita a la<br>comunidad universitaria y p\u00fablico en general a inscribirse a los diversos talleres<br>que se ofrecen para el periodo agosto-diciembre 2023.<\/p>\n\n\n\n<p>El 5 de agosto inicia el taller \u201cCanto y t\u00e9cnica vocal\u201d, que ser\u00e1 impartido por el Lic.<br>Juan Antonio Ortiz la inscripci\u00f3n tiene un costo de $250 pesos y mensualidades de<br>$850 pesos, las sesiones se desarrollar\u00e1n los s\u00e1bados de 10:00 a 12:00 y de<br>14:00 a 18:00 horas.<\/p>\n\n\n\n<p>El 16 de agosto comenzar\u00e1 \u201cMeditaci\u00f3n y budismo\u201d, a cargo de Sangton Centro de<br>Meditaci\u00f3n Kadampa de Monterrey, las clases se llevar\u00e1n a cabo los mi\u00e9rcoles de<br>19:00 a 20:30 horas y el costo por sesi\u00f3n es de $120 pesos; ese mismo d\u00eda<br>iniciar\u00e1 el taller \u201cFragilidad: transformaci\u00f3n personal aceptando nuestra toma de<br>decisiones\u201d, imparte la Mtra. Paola Mata V\u00e1zquez, el costo es de $300 pesos la<br>inscripci\u00f3n y $700 pesos la mensualidad, se desarrollar\u00e1 los mi\u00e9rcoles a las 19:00<br>horas.<\/p>\n\n\n\n<p>Mientras que el 22 de agosto dar\u00e1 inicio el taller de \u201cPiano para principiantes y<br>avanzados\u201d que impartir\u00e1 el Mtro. Rodrigo Herrera Herrej\u00f3n, tiene un costo de<br>inscripci\u00f3n de $500 pesos y $600 pesos por mes, las sesiones se llevar\u00e1n a cabo<br>los martes y viernes de 19:00 a 21:00 horas.<\/p>\n\n\n\n<p>As\u00ed mismo, iniciar\u00e1 el taller de \u201cArtes esc\u00e9nicas: training corporal\u201d, a cargo del<br>Mtro. \u00c1ngel Leza, de inscripci\u00f3n tiene un costo de $300 pesos y por mes $800, las<br>sesiones ser\u00e1n los martes y viernes de 18:00 a 20:00 horas; por otra parte, el 25<br>de agosto comenzar\u00e1 \u201cPintura al \u00f3leo\u201d impartido por el Mtro. Jos\u00e9 Luis<br>Covarrubias, la inscripci\u00f3n es de $300 pesos y el semestre es de $1,300 pesos.<\/p>\n\n\n\n<p>El 30 de agosto iniciar\u00e1 el taller \u201cGuitarra ac\u00fastica para principiantes\u201d, imparte el<br>Mtro. C\u00e9sar Urbano, la inscripci\u00f3n es de $400 pesos y por mes deber\u00e1n pagarse<br>$600 pesos, las sesiones los mi\u00e9rcoles a las 16:00 horas; el 5 de septiembre dar\u00e1<br>inicio el taller \u201cLogoterapia, vida y sentido: El arte de vivir\u201d, que impartir\u00e1 la Mtra.<br>Martha E. Garc\u00eda, tiene un costo por inscripci\u00f3n de $500 pesos y el semestre es<br>de $2,500 pesos, las clases se llevar\u00e1n a cabo los martes a las 10:00 horas.<\/p>\n\n\n\n<p>Para m\u00e1s informaci\u00f3n llamar al tel\u00e9fono (844) 410 32 03 de lunes a viernes de<br>8:00 a 19:00 horas y los s\u00e1bados de 11:00 a 15:00 horas, escribir al correo<br>recintoaurora@gmail.com o visitar la p\u00e1gina de Facebook Recinto Aurora Morales<br>de L\u00f3pez.<\/p>\n","protected":false},"excerpt":{"rendered":"<p>Abre Inscripciones para sus Talleres de Agosto-Diciembre 2023SALTILLO, Coahuila. 4 de agosto de 2023. La Universidad Aut\u00f3noma de Coahuilaa trav\u00e9s del Recinto Cultural Universitario &#8220;Aurora Morales de L\u00f3pez&#8221;, invita a lacomunidad universitaria y p\u00fablico en general a inscribirse a los diversos talleresque se ofrecen para el periodo agosto-diciembre 2023. El 5 de agosto inicia el taller \u201cCanto y t\u00e9cnica vocal\u201d, que ser\u00e1 impartido por el Lic.Juan Antonio Ortiz la inscripci\u00f3n&#8230;<\/p>\n","protected":false},"author":1,"featured_media":16529,"comment_status":"closed","ping_status":"closed","sticky":false,"template":"","format":"standard","meta":{"footnotes":""},"categories":[2],"tags":[],"class_list":["post-16528","post","type-post","status-publish","format-standard","has-post-thumbnail","hentry","category-uadec","wpcat-2-id"],"_links":{"self":[{"href":"https:\/\/www.aquilaguna.com\/index.php\/wp-json\/wp\/v2\/posts\/16528","targetHints":{"allow":["GET"]}}],"collection":[{"href":"https:\/\/www.aquilaguna.com\/index.php\/wp-json\/wp\/v2\/posts"}],"about":[{"href":"https:\/\/www.aquilaguna.com\/index.php\/wp-json\/wp\/v2\/types\/post"}],"author":[{"embeddable":true,"href":"https:\/\/www.aquilaguna.com\/index.php\/wp-json\/wp\/v2\/users\/1"}],"replies":[{"embeddable":true,"href":"https:\/\/www.aquilaguna.com\/index.php\/wp-json\/wp\/v2\/comments?post=16528"}],"version-history":[{"count":1,"href":"https:\/\/www.aquilaguna.com\/index.php\/wp-json\/wp\/v2\/posts\/16528\/revisions"}],"predecessor-version":[{"id":16530,"href":"https:\/\/www.aquilaguna.com\/index.php\/wp-json\/wp\/v2\/posts\/16528\/revisions\/16530"}],"wp:featuredmedia":[{"embeddable":true,"href":"https:\/\/www.aquilaguna.com\/index.php\/wp-json\/wp\/v2\/media\/16529"}],"wp:attachment":[{"href":"https:\/\/www.aquilaguna.com\/index.php\/wp-json\/wp\/v2\/media?parent=16528"}],"wp:term":[{"taxonomy":"category","embeddable":true,"href":"https:\/\/www.aquilaguna.com\/index.php\/wp-json\/wp\/v2\/categories?post=16528"},{"taxonomy":"post_tag","embeddable":true,"href":"https:\/\/www.aquilaguna.com\/index.php\/wp-json\/wp\/v2\/tags?post=16528"}],"curies":[{"name":"wp","href":"https:\/\/api.w.org\/{rel}","templated":true}]}}