{"id":16563,"date":"2023-08-08T19:13:01","date_gmt":"2023-08-09T01:13:01","guid":{"rendered":"https:\/\/www.aquilaguna.com\/?p=16563"},"modified":"2023-08-08T19:13:02","modified_gmt":"2023-08-09T01:13:02","slug":"gobierno-de-evv-se-reune-con-colectivo-grupo-vida","status":"publish","type":"post","link":"https:\/\/www.aquilaguna.com\/index.php\/2023\/08\/08\/gobierno-de-evv-se-reune-con-colectivo-grupo-vida\/","title":{"rendered":"GOBIERNO DE EVV SE REUNE CON COLECTIVO GRUPO VIDA."},"content":{"rendered":"\n<ul class=\"wp-block-list\">\n<li>Establecen actividades conjuntas para pr\u00f3ximos meses.<\/li>\n<\/ul>\n\n\n\n<p>Comarca Lagunera., Por instrucciones del gobernador de Durango, Esteban<br>Villegas Villarreal, personal de la Vicefiscal\u00eda regi\u00f3n Laguna, la Comisi\u00f3n Estatal<br>de B\u00fasqueda de Personas y la Comisi\u00f3n Estatal de Derechos Humanos, y a<br>petici\u00f3n del colectivo de V\u00edctimas por Nuestros Desaparecidos en Acci\u00f3n, A.C.<br>(VIDA), se reunieron esta ma\u00f1ana con un grupo de integrantes encabezado por<br>Silvia Elida Ortiz Sol\u00eds, presidenta del grupo y Ma. Guadalupe Delgado Sandoval,<br>coordinadora.<\/p>\n\n\n\n<p>Al respecto, el Comisionado Estatal de B\u00fasqueda de Personas en Durango, Carlos<br>Burciaga Rosales destac\u00f3, que el objetivo de dicha reuni\u00f3n fue determinar algunas<br>estrategias emprendidas durante el presente a\u00f1o y que el colectivo solicita<br>conocer el estatus en el que va este proceso tanto en la Vicefiscal\u00eda como en el<br>\u00c1rea de B\u00fasqueda de Personas.<\/p>\n\n\n\n<p>Indic\u00f3, que dentro de la Comisi\u00f3n Estatal hacen referencia al Registro Nacional de<br>Personas Desaparecidas o No Localizadas; \u201cDesde el mes de mayo junto con la<br>Comisi\u00f3n Nacional emprendimos un operativo en las 32 entidades federativas y en<br>los municipios de la regi\u00f3n Laguna, la intenci\u00f3n es ir revisando puntualmente<br>dentro de los registros que tenemos en el Estado de Durango para tener la certeza<br>de que los registros sean los m\u00e1s apegados a la realidad\u201d, explic\u00f3; pues el<br>prop\u00f3sito es que el padr\u00f3n se encuentre lo m\u00e1s apegado a la realidad.<\/p>\n\n\n\n<p>Desde 1964 a la fecha se tiene un registro de 830 personas en calidad de<br>desaparecidos, de los cuales el 70% tiene registro a partir del a\u00f1o 2007 a la fecha;<br>de esa cifra cerca del 60% pertenece a la Comarca Lagunera.<\/p>\n\n\n\n<p>Por otra parte, la directora de Asuntos de Prioridad Social, Claudia Liliana Calvo<br>Quinteros inform\u00f3 puntualmente al Colectivo Grupo Vida sobre los avances y las<br>carpetas iniciadas de enero a julio del 2023 en el Estado de Durango y los<br>convoc\u00f3 para que asistan a la pr\u00f3xima toma de muestras referenciales para<br>familiares de personas desaparecidas en Durango los d\u00edas 18 y 19 agosto en el<br>Parque Guadiana.<\/p>\n\n\n\n<p>De igual manera, se acord\u00f3 con el colectivo que los pr\u00f3ximos d\u00edas 23 y 24 de<br>agosto se realizar\u00e1 en la Laguna la aplicaci\u00f3n de los cuestionarios AM (antes<\/p>\n\n\n\n<p>mortis) y PM (post mortis), herramienta valiosa para el avance de las<br>investigaciones.<\/p>\n\n\n\n<p>En su intervenci\u00f3n Juan Francisco \u00c1ngeles Zapata, vicefiscal en la Laguna,<br>inform\u00f3 a los integrantes del grupo VIDA que en lo que va del a\u00f1o se han recibido<br>70 denuncias por personas no localizadas y hay, al momento, dos personas que<br>no se han ubicado. Puntualiz\u00f3 que algunos casos corresponden a ausencias<br>voluntarias, por diversas situaciones.<\/p>\n\n\n\n<p>El vicefiscal inform\u00f3 que se acord\u00f3 con los integrantes de GRUPO Vida una<br>revisi\u00f3n exhaustiva de las carpetas de investigaci\u00f3n, para identificar los avances<br>de la b\u00fasqueda de las personas desaparecidas; as\u00ed como la realizaci\u00f3n de una<br>b\u00fasqueda en campo en el municipio de El Mezquital, Durango; y dos<br>prospecciones en La Laguna, cuyas fechas quedaron por definir.<\/p>\n\n\n\n<p>En este sentido, los funcionarios estatales refrendaron el compromiso del gobierno<br>de Esteban Villegas Villarreal para trabajar de la mano con las organizaciones y<br>colectivos de b\u00fasqueda de personas, a quienes se les ha apoyado con insumos y<br>herramientas para que desarrollen mejor su labor.<\/p>\n","protected":false},"excerpt":{"rendered":"<p>Comarca Lagunera., Por instrucciones del gobernador de Durango, EstebanVillegas Villarreal, personal de la Vicefiscal\u00eda regi\u00f3n Laguna, la Comisi\u00f3n Estatalde B\u00fasqueda de Personas y la Comisi\u00f3n Estatal de Derechos Humanos, y apetici\u00f3n del colectivo de V\u00edctimas por Nuestros Desaparecidos en Acci\u00f3n, A.C.(VIDA), se reunieron esta ma\u00f1ana con un grupo de integrantes encabezado porSilvia Elida Ortiz Sol\u00eds, presidenta del grupo y Ma. Guadalupe Delgado Sandoval,coordinadora. Al respecto, el Comisionado Estatal de B\u00fasqueda&#8230;<\/p>\n","protected":false},"author":1,"featured_media":16564,"comment_status":"closed","ping_status":"closed","sticky":false,"template":"","format":"standard","meta":{"footnotes":""},"categories":[40,64,28],"tags":[],"class_list":["post-16563","post","type-post","status-publish","format-standard","has-post-thumbnail","hentry","category-durango","category-gobierno-de-durango","category-la-laguna","wpcat-40-id","wpcat-64-id","wpcat-28-id"],"_links":{"self":[{"href":"https:\/\/www.aquilaguna.com\/index.php\/wp-json\/wp\/v2\/posts\/16563","targetHints":{"allow":["GET"]}}],"collection":[{"href":"https:\/\/www.aquilaguna.com\/index.php\/wp-json\/wp\/v2\/posts"}],"about":[{"href":"https:\/\/www.aquilaguna.com\/index.php\/wp-json\/wp\/v2\/types\/post"}],"author":[{"embeddable":true,"href":"https:\/\/www.aquilaguna.com\/index.php\/wp-json\/wp\/v2\/users\/1"}],"replies":[{"embeddable":true,"href":"https:\/\/www.aquilaguna.com\/index.php\/wp-json\/wp\/v2\/comments?post=16563"}],"version-history":[{"count":1,"href":"https:\/\/www.aquilaguna.com\/index.php\/wp-json\/wp\/v2\/posts\/16563\/revisions"}],"predecessor-version":[{"id":16565,"href":"https:\/\/www.aquilaguna.com\/index.php\/wp-json\/wp\/v2\/posts\/16563\/revisions\/16565"}],"wp:featuredmedia":[{"embeddable":true,"href":"https:\/\/www.aquilaguna.com\/index.php\/wp-json\/wp\/v2\/media\/16564"}],"wp:attachment":[{"href":"https:\/\/www.aquilaguna.com\/index.php\/wp-json\/wp\/v2\/media?parent=16563"}],"wp:term":[{"taxonomy":"category","embeddable":true,"href":"https:\/\/www.aquilaguna.com\/index.php\/wp-json\/wp\/v2\/categories?post=16563"},{"taxonomy":"post_tag","embeddable":true,"href":"https:\/\/www.aquilaguna.com\/index.php\/wp-json\/wp\/v2\/tags?post=16563"}],"curies":[{"name":"wp","href":"https:\/\/api.w.org\/{rel}","templated":true}]}}