{"id":1658,"date":"2021-04-19T19:36:06","date_gmt":"2021-04-20T00:36:06","guid":{"rendered":"https:\/\/www.aquilaguna.com\/?p=1658"},"modified":"2021-04-19T19:41:35","modified_gmt":"2021-04-20T00:41:35","slug":"ajustan-procedimentos-para-vacunar-a-mae","status":"publish","type":"post","link":"https:\/\/www.aquilaguna.com\/index.php\/2021\/04\/19\/ajustan-procedimentos-para-vacunar-a-mae\/","title":{"rendered":"Ajustan procedimentos para vacunar a maestros de Coahuila."},"content":{"rendered":"\n<p>Torre\u00f3n, Coahuila.- Por primera ocasi\u00f3n, el Gobierno de Coahuila y la Federaci\u00f3n&nbsp; convienen&nbsp; la coordinaci\u00f3n&nbsp; necesaria para llevar adelante la vacunaci\u00f3n de todo el personal sindicalizado y de confianza&nbsp; de instituciones educativas tanto de \u00edndole publica como privada al servicio de la Secretar\u00eda de Educaci\u00f3n P\u00fablica en Coahuila  y que se inicia a partir&nbsp; de este mismo martes, en 9 sedes seleccionadas exprofeso y en un per\u00edodo de tiempo que se estima sumar\u00e1 de cuatro a cinco d\u00edas como m\u00e1ximo.<\/p>\n\n\n\n<p>Asegur\u00f3, el ingeniero Miguel Angel Riquelme Solis, que lo anterior&nbsp; ha sido posible, debido a &nbsp; que con anticipaci\u00f3n se llevaron las diligencias que har\u00e1n posible que tal acci\u00f3n se inicie bajo los mejores augurios de \u00e9xito.<\/p>\n\n\n\n<p>&#8221;La vacunaci\u00f3n har\u00e1 posible,&nbsp; que en un futuro no determinado aun, se lleve a cabo el retorno a las aulas, sin dejar de&nbsp; tomar en cuenta que&nbsp; la parte principal de esta meta,&nbsp; es la vacunaci\u00f3n de&nbsp; maestros y maestras&#8221;.<\/p>\n\n\n\n<p>&#8221;Sin embargo&nbsp; nosotros propusimos&nbsp; dos semanas antes reuniones del Grupo de Trabajo, lo que de alguna&nbsp; forma nos adelantamos a esto&#8221;.<\/p>\n\n\n\n<p>Agreg\u00f3 que, &#8221;cuando el pasado lunes&nbsp; terminamos&nbsp; de conformar el grupo, ya estaban los sindicatos, la representaci\u00f3n de las escuelas &nbsp; particulares, privadas, sum\u00e1ndose ya muchos del sector educativo y al d\u00eda siguiente el Presidente&nbsp; de la Rep\u00fablica,&nbsp; define a Coahuila como uno de los posibles Estados &nbsp; donde poder iniciar el proceso de&nbsp; vacunaci\u00f3n&#8221;.<\/p>\n\n\n\n<p>Mucho valio, afirm\u00f3, &#8221;la organizaci\u00f3n previa que hicimos, porque a la hora que la SEP, nos consulta, y le decimos, aqu\u00ed tenemos toda la relaci\u00f3n de maestros por plantel, -porque los tra\u00edan por abecedario-, y por regi\u00f3n, y lo \u00fanico que&nbsp; pedimos son las&nbsp; sedes para podernos organizar&#8221;.<\/p>\n\n\n\n<p>&#8221;En principio nos plantearon siete sedes, en reuni\u00f3n&nbsp; v\u00eda zoom con la titular de la Secretar\u00eda de Educaci\u00f3n P\u00fablica, con el Secretario de Salud, y L\u00f3pez Gatell, los cinco Gobernadores&nbsp; de los Estados seleccionados&nbsp; para el proceso de vacunaci\u00f3n &nbsp; y entonces es expusimos varias cosas&#8221;.<\/p>\n\n\n\n<p>&#8221;Torre\u00f3n y Saltillo no les era suficiente con una sola sede,&nbsp; me autorizaron de inmediato dos sedes mas, una en Torre\u00f3n y otra, en Saltillo, que nos hace tener hoy nueve sedes en Coahuila&#8221;.<\/p>\n\n\n\n<p>&#8221;El proceso de organizaci\u00f3n es un escenario que se&nbsp; pone mas sencillo si lo llevamos a cabo en el formato que nosotros solicitamos a la Secretar\u00eda de Educaci\u00f3n&#8221;.<\/p>\n\n\n\n<p>Hoy , afirm\u00f3 el Gobernador de Coahuila,&nbsp; &#8221;hay una gran apertura, esperando que ning\u00fan maestro se lleve mas de una hora, o una hora y media en&nbsp; su&nbsp; proceso de su vacunaci\u00f3n, y en el traslado a las sedes&#8221;.<\/p>\n\n\n\n<p>&#8221;Aqu\u00ed en la Laguna, son dos las&nbsp; sedes autorizadas,&nbsp; una, el Hopsital Militar, y otra, en el Centro de Convenciones&#8221;.&nbsp;<\/p>\n\n\n\n<p>&#8221;En San Pedro, la vacunaci\u00f3n se llevar\u00e1 a cabo en la Ciudad Militar, y a esta estar\u00e1n acudiendo los maestros que laboren en San Pedro, en tanto que los de Matamoros, acudir\u00e1n aqu\u00ed, al Centro de Convenciones&#8221;.<\/p>\n\n\n\n<p>&#8221;Creo que lo anterior nos llevar\u00e1 a un proceso muchos mas tranquilo y abierto que&nbsp; la vez pasada&#8221;.<\/p>\n\n\n\n<p><strong>ACCIDENTE&nbsp; CARRETERO.<\/strong>&nbsp;<\/p>\n\n\n\n<p>Asegur\u00f3 a pregunta expresa&nbsp; su opini\u00f3n en torno al grave accidente registrado sobre la carretera Saltillo-Torre\u00f3n, con la explosi\u00f3n  e incendio de una pipa conteniendo gas, estim\u00f3 que, &#8221;ha habido accidentes mas trav\u00e9s &nbsp; en las carreteras de Coahuila y han sido resueltos&#8221;.<\/p>\n\n\n\n<p>&#8221;Este, en lo particular por tratarse del combustible que se llevaba,&nbsp; y pipas de alta capacidad de almacenamiento, pues se dio la problem\u00e1tica, pero se actu\u00f3 en tiempo y se pudo evitar la tragedia&#8221;.<\/p>\n\n\n\n<p>Dijo luego que, &#8221;pudo verse como la Guardia Nacional&nbsp; que es la responsable y tomar la decisi\u00f3n del cierre de la carretera, lo hizo en tiempo y evitaron accidentes, Protecci\u00f3n Civil se activo de inmediato tanto regional como la del Estado y municipios cercano&#8221;.<\/p>\n\n\n\n<p>&#8221;Coahuila no ha sido&nbsp; rebasado en una actividad de esa naturaleza&#8221;.&nbsp;<\/p>\n\n\n\n<p>&#8221;Si bien se dio un evento que pudo haber sido sumamente peligroso y adem\u00e1s que pudo haber costado vidas humanas se logro controlar&nbsp; de manera inmediata&#8221;.<\/p>\n\n\n\n<p>Asegur\u00f3 pues que, &#8221;hay un sistema de Protecci\u00f3n Civil que en los \u00faltimos eventos que hemos tenido en Coahuila, ha funcionado&#8221;.<\/p>\n\n\n\n<p>La reacci\u00f3n&nbsp; de las entidades involucradas en este tipo de accidentes, considero el gobernante que, &#8221;fue buena &nbsp; en un evento de esta naturaleza, no paso a mayores&#8221;.<\/p>\n","protected":false},"excerpt":{"rendered":"<p>Torre\u00f3n, Coahuila.- Por primera ocasi\u00f3n, el Gobierno de Coahuila y la Federaci\u00f3n&nbsp; convienen&nbsp; la coordinaci\u00f3n&nbsp; necesaria para llevar adelante la vacunaci\u00f3n de todo el personal sindicalizado y de confianza&nbsp; de instituciones educativas tanto de \u00edndole publica como privada al servicio de la Secretar\u00eda de Educaci\u00f3n P\u00fablica en Coahuila y que se inicia a partir&nbsp; de este mismo martes, en 9 sedes seleccionadas exprofeso y en un per\u00edodo de tiempo que&#8230;<\/p>\n","protected":false},"author":2,"featured_media":0,"comment_status":"closed","ping_status":"","sticky":false,"template":"","format":"standard","meta":{"footnotes":""},"categories":[5,9,15,14],"tags":[],"class_list":["post-1658","post","type-post","status-publish","format-standard","hentry","category-coahuila","category-educacion","category-gobierno-de-coahuila","category-salud","wpcat-5-id","wpcat-9-id","wpcat-15-id","wpcat-14-id"],"_links":{"self":[{"href":"https:\/\/www.aquilaguna.com\/index.php\/wp-json\/wp\/v2\/posts\/1658","targetHints":{"allow":["GET"]}}],"collection":[{"href":"https:\/\/www.aquilaguna.com\/index.php\/wp-json\/wp\/v2\/posts"}],"about":[{"href":"https:\/\/www.aquilaguna.com\/index.php\/wp-json\/wp\/v2\/types\/post"}],"author":[{"embeddable":true,"href":"https:\/\/www.aquilaguna.com\/index.php\/wp-json\/wp\/v2\/users\/2"}],"replies":[{"embeddable":true,"href":"https:\/\/www.aquilaguna.com\/index.php\/wp-json\/wp\/v2\/comments?post=1658"}],"version-history":[{"count":3,"href":"https:\/\/www.aquilaguna.com\/index.php\/wp-json\/wp\/v2\/posts\/1658\/revisions"}],"predecessor-version":[{"id":1663,"href":"https:\/\/www.aquilaguna.com\/index.php\/wp-json\/wp\/v2\/posts\/1658\/revisions\/1663"}],"wp:attachment":[{"href":"https:\/\/www.aquilaguna.com\/index.php\/wp-json\/wp\/v2\/media?parent=1658"}],"wp:term":[{"taxonomy":"category","embeddable":true,"href":"https:\/\/www.aquilaguna.com\/index.php\/wp-json\/wp\/v2\/categories?post=1658"},{"taxonomy":"post_tag","embeddable":true,"href":"https:\/\/www.aquilaguna.com\/index.php\/wp-json\/wp\/v2\/tags?post=1658"}],"curies":[{"name":"wp","href":"https:\/\/api.w.org\/{rel}","templated":true}]}}