{"id":16608,"date":"2023-08-10T21:30:32","date_gmt":"2023-08-11T03:30:32","guid":{"rendered":"https:\/\/www.aquilaguna.com\/?p=16608"},"modified":"2023-08-10T21:30:33","modified_gmt":"2023-08-11T03:30:33","slug":"inaugura-cultura-coahuila-la-exposicion-brocados-azahares-y-sedas-ajuares-nupciales-saltillenses-1900-a-1950","status":"publish","type":"post","link":"https:\/\/www.aquilaguna.com\/index.php\/2023\/08\/10\/inaugura-cultura-coahuila-la-exposicion-brocados-azahares-y-sedas-ajuares-nupciales-saltillenses-1900-a-1950\/","title":{"rendered":"INAUGURA CULTURA COAHUILA LA EXPOSICI\u00d3N \u2018BROCADOS, AZAHARES Y SEDAS, AJUARES NUPCIALES SALTILLENSES, 1900 A 1950\u2019."},"content":{"rendered":"\n<p>Saltillo, Coahuila de Zaragoza; a 10 de Agosto de 2023.- Como parte de las actividades del Sistema Estatal de Museos, dependiente de la Secretar\u00eda de Cultura, se inaugur\u00f3 por parte de la secretaria Ana Sof\u00eda Garc\u00eda Camil, en el Museo del Palacio, la exposici\u00f3n \u201cBrocados, azahares y sedas, ajuares nupciales saltillenses, 1900 a 1950\u201d, misma que se realiza en coordinaci\u00f3n con el Patronato de Amigos del Patrimonio Hist\u00f3rico de Saltillo, A.C.\u00a0<\/p>\n\n\n\n<p>La exposici\u00f3n se compone de 30 vestidos de novia y otros elementos del ajuar nupcial, como ramos, lazos, tocados y velos, entre otros objetos, as\u00ed como fotograf\u00edas hist\u00f3ricas; en la misma se encuentran piezas representativas de la primera mitad del siglo XX, tiempo en el cual el visitante distinguir\u00e1 tres \u00e9pocas claramente diferenciadas: los principios del siglo, el per\u00edodo de entreguerras y la postguerra.&nbsp;<\/p>\n\n\n\n<p>El objetivo de esta muestra es que el p\u00fablico conozca y recuerde c\u00f3mo se realizaban los enlaces nupciales de las familias saltillenses de anta\u00f1o. Todas las piezas en exhibici\u00f3n representan un gran valor hist\u00f3rico y art\u00edstico.&nbsp;<\/p>\n\n\n\n<p>Buena parte de la colecci\u00f3n procede del acervo museogr\u00e1fico del Patronato de Amigos del Patrimonio Hist\u00f3rico de Saltillo, A.C., de la colecci\u00f3n de Hugo Rojas Posada y de algunos pr\u00e9stamos de particulares. El vestido m\u00e1s antiguo data de 1880.<\/p>\n\n\n\n<p>Durante la inauguraci\u00f3n, la secretaria Ana Sof\u00eda Garc\u00eda Camil dijo: \u201cEsta es una magn\u00edfica colecci\u00f3n de indumentaria nupcial, cuya antig\u00fcedad los convierte en Patrimonio Cultural, pues cuenta con elementos que trascienden los aparadores y las pasarelas\u201d.&nbsp;<\/p>\n\n\n\n<p>\u201cEl vestuario refleja los cambios propios de su \u00e9poca. En torno a este fen\u00f3meno social, tambi\u00e9n hay arte y elegancia en las confecciones, en los azahares de cera, en los brocados de las telas, los bordados y encajes. Este patrimonio cultural material tambi\u00e9n lleva consigo saberes antiguos propios de la costura y el bordado.<\/p>\n\n\n\n<p>\u201cQuiero reconocer el gran esfuerzo hecho por Patronato de Amigos del Patrimonio Hist\u00f3rico de Saltillo, en coordinaci\u00f3n con la Subdirecci\u00f3n de Patrimonio Cultural de la Secretar\u00eda de Cultura, as\u00ed como todas aquellas manos que han hecho posible esta hist\u00f3rica exposici\u00f3n\u201d.<\/p>\n\n\n\n<p>Entre los presentes en esta inauguraci\u00f3n estuvieron Andr\u00e9s Mendoza Salas, Director de Historia, Museos y Patrimonio Cultural del Estado; Mar\u00eda Elena Santoscoy Flores, presidenta del Patronato de Amigos del Patrimonio Hist\u00f3rico de Saltillo, y Mar\u00eda Herminia Garza Recio, Directora del Museo del Palacio, entre otros.<\/p>\n\n\n\n<p>Se invita al p\u00fablico a visitar esta expo en el Museo del Palacio de martes a domingo de las 10:00 a las 18:00 horas, y estar\u00e1 abierta al p\u00fablico hasta mediados del mes de octubre, con entrada el libre.<\/p>\n","protected":false},"excerpt":{"rendered":"<p>Saltillo, Coahuila de Zaragoza; a 10 de Agosto de 2023.- Como parte de las actividades del Sistema Estatal de Museos, dependiente de la Secretar\u00eda de Cultura, se inaugur\u00f3 por parte de la secretaria Ana Sof\u00eda Garc\u00eda Camil, en el Museo del Palacio, la exposici\u00f3n \u201cBrocados, azahares y sedas, ajuares nupciales saltillenses, 1900 a 1950\u201d, misma que se realiza en coordinaci\u00f3n con el Patronato de Amigos del Patrimonio Hist\u00f3rico de Saltillo,&#8230;<\/p>\n","protected":false},"author":1,"featured_media":16609,"comment_status":"closed","ping_status":"closed","sticky":false,"template":"","format":"standard","meta":{"footnotes":""},"categories":[5,12,15],"tags":[],"class_list":["post-16608","post","type-post","status-publish","format-standard","has-post-thumbnail","hentry","category-coahuila","category-cultura","category-gobierno-de-coahuila","wpcat-5-id","wpcat-12-id","wpcat-15-id"],"_links":{"self":[{"href":"https:\/\/www.aquilaguna.com\/index.php\/wp-json\/wp\/v2\/posts\/16608","targetHints":{"allow":["GET"]}}],"collection":[{"href":"https:\/\/www.aquilaguna.com\/index.php\/wp-json\/wp\/v2\/posts"}],"about":[{"href":"https:\/\/www.aquilaguna.com\/index.php\/wp-json\/wp\/v2\/types\/post"}],"author":[{"embeddable":true,"href":"https:\/\/www.aquilaguna.com\/index.php\/wp-json\/wp\/v2\/users\/1"}],"replies":[{"embeddable":true,"href":"https:\/\/www.aquilaguna.com\/index.php\/wp-json\/wp\/v2\/comments?post=16608"}],"version-history":[{"count":1,"href":"https:\/\/www.aquilaguna.com\/index.php\/wp-json\/wp\/v2\/posts\/16608\/revisions"}],"predecessor-version":[{"id":16610,"href":"https:\/\/www.aquilaguna.com\/index.php\/wp-json\/wp\/v2\/posts\/16608\/revisions\/16610"}],"wp:featuredmedia":[{"embeddable":true,"href":"https:\/\/www.aquilaguna.com\/index.php\/wp-json\/wp\/v2\/media\/16609"}],"wp:attachment":[{"href":"https:\/\/www.aquilaguna.com\/index.php\/wp-json\/wp\/v2\/media?parent=16608"}],"wp:term":[{"taxonomy":"category","embeddable":true,"href":"https:\/\/www.aquilaguna.com\/index.php\/wp-json\/wp\/v2\/categories?post=16608"},{"taxonomy":"post_tag","embeddable":true,"href":"https:\/\/www.aquilaguna.com\/index.php\/wp-json\/wp\/v2\/tags?post=16608"}],"curies":[{"name":"wp","href":"https:\/\/api.w.org\/{rel}","templated":true}]}}