{"id":16627,"date":"2023-08-11T18:49:15","date_gmt":"2023-08-12T00:49:15","guid":{"rendered":"https:\/\/www.aquilaguna.com\/?p=16627"},"modified":"2023-08-11T18:49:15","modified_gmt":"2023-08-12T00:49:15","slug":"continuan-en-ceros-diferentes-delitos-en-torreon","status":"publish","type":"post","link":"https:\/\/www.aquilaguna.com\/index.php\/2023\/08\/11\/continuan-en-ceros-diferentes-delitos-en-torreon\/","title":{"rendered":"Contin\u00faan en ceros diferentes delitos en Torre\u00f3n."},"content":{"rendered":"\n<p>Torre\u00f3n, Coahuila. A 11 de agosto de 2023.<\/p>\n\n\n\n<p>Durante la trig\u00e9sima primera reuni\u00f3n semanal de seguridad, presidida por el<br>alcalde Rom\u00e1n Alberto Cepeda Gonz\u00e1lez, fue analizado el \u00edndice general de<br>incidencia delictiva, correspondiente al periodo que va del 04 al 10 de agosto de<br>2023, en el cual contin\u00faan registros de cero eventos en algunas modalidades.<\/p>\n\n\n\n<p>El Presidente Municipal reconoci\u00f3 a las diferentes corporaciones policiacas que<br>participaron en la seguridad del rally Coahuila 1000, evento que se desarroll\u00f3 sin<br>incidentes.<\/p>\n\n\n\n<p>\u201cHago un reconocimiento a todas las corporaciones que estuvieron en toda la ruta<br>muy al pendiente de esta edici\u00f3n que ha sido la de mayor participaci\u00f3n\u201d, expres\u00f3<br>el edil.<\/p>\n\n\n\n<p>Dijo que las condiciones de seguridad de Torre\u00f3n y de Coahuila, permiten realizar<br>eventos de esta naturaleza, y reconoci\u00f3 tambi\u00e9n a la Guardia Nacional y al<br>Ej\u00e9rcito Mexicano, por su trabajo.<\/p>\n\n\n\n<p>En cuanto al \u00edndice general de incidencia delictiva, que corresponde al periodo que<br>va del 04 al 10 de agosto de 2023, el comisario C\u00e9sar Perales Esparza, director de<br>la Polic\u00eda Municipal, inform\u00f3 que registraron disminuci\u00f3n respecto a la semana<br>anterior, el robo a casa habitaci\u00f3n, 27 por ciento, con ocho eventos; robo de<br>veh\u00edculo, 100 por ciento, con cero eventos; y el robo a transporte p\u00fablico colectivo,<br>100 por ciento, con cero eventos.<\/p>\n\n\n\n<p>Se registr\u00f3 un evento de robo a persona, tres de accesorio de veh\u00edculo, y tres de<br>robo a local comercial.<\/p>\n\n\n\n<p>Derivado de las acciones tomadas durante la semana anterior, la Polic\u00eda Municipal<br>efectu\u00f3 96 detenciones que fueron turnadas al Ministerio P\u00fablico, y 113 remitidas<br>al Juez Calificador.<\/p>\n\n\n\n<p>Adem\u00e1s, seis detenidos por violencia familiar fueron remitidos al Centro de Justicia<br>y Empoderamiento para las Mujeres.<\/p>\n\n\n\n<p>El Grupo de Reacci\u00f3n Laguna efectu\u00f3 12 detenciones por posesi\u00f3n de narc\u00f3ticos.<br>Se mantienen en operaci\u00f3n 220 comit\u00e9s vecinales y se realizaron reuniones de<br>proximidad en la colonia La Fuente, Fuentes del Sur, Carmen Romano, Divisi\u00f3n<br>del Norte y Ampliaci\u00f3n Valle La Rosita.<\/p>\n\n\n\n<p>Luis Alberto Morales Cort\u00e9s, director de Vialidad y Movilidad Urbana, inform\u00f3 que<br>en el operativo &#8220;Sin casco no viajas&#8221;, coordinado con el Consejo Consultivo de<\/p>\n\n\n\n<p>Vialidad, se han aplicado 809 multas, por circular sin placa, sin licencia y sin<br>casco el conductor o acompa\u00f1ante.<\/p>\n\n\n\n<p>En siete semanas se han retirado 361 motocicletas para resguardarse en Tr\u00e1nsito<br>y Vialidad, y se han entregado 276 motos de ciudadanos que ya circulan en regla.<\/p>\n\n\n\n<p>Marco Prone Ram\u00edrez, director administrativo del Tribunal de Justicia Municipal,<br>inform\u00f3 que el \u00e1rea de trabajo social y g\u00e9nero del organismo, logr\u00f3 la canalizaci\u00f3n<br>de 27 personas infractoras a instituciones de apoyo.<\/p>\n\n\n\n<p>Las instituciones a donde se canaliz\u00f3 a mayor n\u00famero de personas son el Centro<br>de Integraci\u00f3n Juvenil, con siete y Alcoh\u00f3licos An\u00f3nimos, con seis.<\/p>\n\n\n\n<p>Jorge Luis Ju\u00e1rez Llanas, director de Protecci\u00f3n Civil y Bomberos, inform\u00f3 que la<br>corporaci\u00f3n brind\u00f3 185 servicios, mientras que la semana anterior fueron 178, de<br>los cuales destacan los incendios en lotes bald\u00edos con 61 eventos y los incendios<br>en casa habitaci\u00f3n con nueve.<\/p>\n\n\n\n<p>Ra\u00fal Rodr\u00edguez Garc\u00eda, director de Inspecci\u00f3n y Verificaci\u00f3n Municipal, report\u00f3<br>dos clausuras de establecimientos, una se refiere a un food park ubicado en la<br>colonia Ciudad Nazas por no contar con refrendo de licencia de funcionamiento,<br>falta de licencia de alcoholes y presencia de menores consumiendo bebidas<br>embriagantes en el interior.<\/p>\n\n\n\n<p>La otra clausura fue al \u201cBar Madrid\u201d de la colonia centro, por falta de licencia de<br>alcoholes, falta de extintores y por no mostrar certificado de fumigaci\u00f3n.<\/p>\n","protected":false},"excerpt":{"rendered":"<p>Torre\u00f3n, Coahuila. A 11 de agosto de 2023. Durante la trig\u00e9sima primera reuni\u00f3n semanal de seguridad, presidida por elalcalde Rom\u00e1n Alberto Cepeda Gonz\u00e1lez, fue analizado el \u00edndice general deincidencia delictiva, correspondiente al periodo que va del 04 al 10 de agosto de2023, en el cual contin\u00faan registros de cero eventos en algunas modalidades. El Presidente Municipal reconoci\u00f3 a las diferentes corporaciones policiacas queparticiparon en la seguridad del rally Coahuila 1000,&#8230;<\/p>\n","protected":false},"author":1,"featured_media":16628,"comment_status":"closed","ping_status":"closed","sticky":false,"template":"","format":"standard","meta":{"footnotes":""},"categories":[5,28,7],"tags":[],"class_list":["post-16627","post","type-post","status-publish","format-standard","has-post-thumbnail","hentry","category-coahuila","category-la-laguna","category-torreon","wpcat-5-id","wpcat-28-id","wpcat-7-id"],"_links":{"self":[{"href":"https:\/\/www.aquilaguna.com\/index.php\/wp-json\/wp\/v2\/posts\/16627","targetHints":{"allow":["GET"]}}],"collection":[{"href":"https:\/\/www.aquilaguna.com\/index.php\/wp-json\/wp\/v2\/posts"}],"about":[{"href":"https:\/\/www.aquilaguna.com\/index.php\/wp-json\/wp\/v2\/types\/post"}],"author":[{"embeddable":true,"href":"https:\/\/www.aquilaguna.com\/index.php\/wp-json\/wp\/v2\/users\/1"}],"replies":[{"embeddable":true,"href":"https:\/\/www.aquilaguna.com\/index.php\/wp-json\/wp\/v2\/comments?post=16627"}],"version-history":[{"count":1,"href":"https:\/\/www.aquilaguna.com\/index.php\/wp-json\/wp\/v2\/posts\/16627\/revisions"}],"predecessor-version":[{"id":16629,"href":"https:\/\/www.aquilaguna.com\/index.php\/wp-json\/wp\/v2\/posts\/16627\/revisions\/16629"}],"wp:featuredmedia":[{"embeddable":true,"href":"https:\/\/www.aquilaguna.com\/index.php\/wp-json\/wp\/v2\/media\/16628"}],"wp:attachment":[{"href":"https:\/\/www.aquilaguna.com\/index.php\/wp-json\/wp\/v2\/media?parent=16627"}],"wp:term":[{"taxonomy":"category","embeddable":true,"href":"https:\/\/www.aquilaguna.com\/index.php\/wp-json\/wp\/v2\/categories?post=16627"},{"taxonomy":"post_tag","embeddable":true,"href":"https:\/\/www.aquilaguna.com\/index.php\/wp-json\/wp\/v2\/tags?post=16627"}],"curies":[{"name":"wp","href":"https:\/\/api.w.org\/{rel}","templated":true}]}}