{"id":16649,"date":"2023-08-14T19:20:46","date_gmt":"2023-08-15T01:20:46","guid":{"rendered":"https:\/\/www.aquilaguna.com\/?p=16649"},"modified":"2023-08-14T19:20:47","modified_gmt":"2023-08-15T01:20:47","slug":"se-extienden-al-18-de-agosto-la-recepcion-de-obras-para-la-exposicion-colectiva-lobos-pintores-uadec-ut","status":"publish","type":"post","link":"https:\/\/www.aquilaguna.com\/index.php\/2023\/08\/14\/se-extienden-al-18-de-agosto-la-recepcion-de-obras-para-la-exposicion-colectiva-lobos-pintores-uadec-ut\/","title":{"rendered":"Se Extienden al 18 de agosto la Recepci\u00f3n de Obras para la Exposici\u00f3n Colectiva Lobos Pintores UAdeC UT."},"content":{"rendered":"\n<p>TORRE\u00d3N, Coahuila. 14 de agosto de 2023. La Universidad Aut\u00f3noma de<br>Coahuila a trav\u00e9s de la Coordinaci\u00f3n de Unidad Torre\u00f3n y su Departamento de<br>Difusi\u00f3n Cultural, extiende al viernes 18 de agosto de 2023 el plazo para la<br>recepci\u00f3n de obras a participar en la Exposici\u00f3n Colectiva \u201cLobos Pintores UAdeC<br>UT\u201d.<\/p>\n\n\n\n<p>La actividad est\u00e1 dirigida a alumnos, ex alumnos, maestros, directivos y personal<br>administrativo y manual de la Unidad Torre\u00f3n: la inauguraci\u00f3n se llevar\u00e1 a cabo el<br>23 de agosto de 2023 en la Infoteca Le\u00f3n Felipe en Ciudad Universitaria UT a las<br>12:00 horas.<\/p>\n\n\n\n<p>Las t\u00e9cnicas para participar son pintura, dibujo o grabado, con tem\u00e1tica libre, las<br>dimensiones no deben de exceder los 150 cent\u00edmetros cuadrados, la obra deber\u00e1<br>entregarse en la Coordinaci\u00f3n de Unidad Torre\u00f3n en el Departamento de Difusi\u00f3n<br>Cultural en Blvd. Revoluci\u00f3n e Ignacio Comonfort, Zona Centro en Torre\u00f3n,<br>Coahuila.<\/p>\n\n\n\n<p>Deber\u00e1 de colocarse por el reverso del cuadro la ficha t\u00e9cnica que incluya: t\u00edtulo,<br>t\u00e9cnica y nombre del autor tal y como desea que aparezca en la exposici\u00f3n, as\u00ed<br>como las medidas en cent\u00edmetros la altura y el ancho; la fecha l\u00edmite de entrega<br>ser\u00e1 hasta las 19:00 horas del 18 de agosto.<\/p>\n\n\n\n<p>La obra se presentar\u00e1 enmarcada, emplayada o empapelada para su protecci\u00f3n<br>durante el traslado y habr\u00e1 un comit\u00e9 de selecci\u00f3n; todos los participantes<br>recibir\u00e1n un reconocimiento.<\/p>\n\n\n\n<p>Para m\u00e1s informaci\u00f3n llamar al tel\u00e9fono (871) 729 3216, escribir al correo<br>difusioncultural-ut@uadec.edu.mx o visitar la p\u00e1gina de Facebook Cultura Uadec<br>Torre\u00f3n.<\/p>\n","protected":false},"excerpt":{"rendered":"<p>TORRE\u00d3N, Coahuila. 14 de agosto de 2023. La Universidad Aut\u00f3noma deCoahuila a trav\u00e9s de la Coordinaci\u00f3n de Unidad Torre\u00f3n y su Departamento deDifusi\u00f3n Cultural, extiende al viernes 18 de agosto de 2023 el plazo para larecepci\u00f3n de obras a participar en la Exposici\u00f3n Colectiva \u201cLobos Pintores UAdeCUT\u201d. La actividad est\u00e1 dirigida a alumnos, ex alumnos, maestros, directivos y personaladministrativo y manual de la Unidad Torre\u00f3n: la inauguraci\u00f3n se llevar\u00e1 a&#8230;<\/p>\n","protected":false},"author":1,"featured_media":16650,"comment_status":"closed","ping_status":"closed","sticky":false,"template":"","format":"standard","meta":{"footnotes":""},"categories":[7,2],"tags":[],"class_list":["post-16649","post","type-post","status-publish","format-standard","has-post-thumbnail","hentry","category-torreon","category-uadec","wpcat-7-id","wpcat-2-id"],"_links":{"self":[{"href":"https:\/\/www.aquilaguna.com\/index.php\/wp-json\/wp\/v2\/posts\/16649","targetHints":{"allow":["GET"]}}],"collection":[{"href":"https:\/\/www.aquilaguna.com\/index.php\/wp-json\/wp\/v2\/posts"}],"about":[{"href":"https:\/\/www.aquilaguna.com\/index.php\/wp-json\/wp\/v2\/types\/post"}],"author":[{"embeddable":true,"href":"https:\/\/www.aquilaguna.com\/index.php\/wp-json\/wp\/v2\/users\/1"}],"replies":[{"embeddable":true,"href":"https:\/\/www.aquilaguna.com\/index.php\/wp-json\/wp\/v2\/comments?post=16649"}],"version-history":[{"count":1,"href":"https:\/\/www.aquilaguna.com\/index.php\/wp-json\/wp\/v2\/posts\/16649\/revisions"}],"predecessor-version":[{"id":16651,"href":"https:\/\/www.aquilaguna.com\/index.php\/wp-json\/wp\/v2\/posts\/16649\/revisions\/16651"}],"wp:featuredmedia":[{"embeddable":true,"href":"https:\/\/www.aquilaguna.com\/index.php\/wp-json\/wp\/v2\/media\/16650"}],"wp:attachment":[{"href":"https:\/\/www.aquilaguna.com\/index.php\/wp-json\/wp\/v2\/media?parent=16649"}],"wp:term":[{"taxonomy":"category","embeddable":true,"href":"https:\/\/www.aquilaguna.com\/index.php\/wp-json\/wp\/v2\/categories?post=16649"},{"taxonomy":"post_tag","embeddable":true,"href":"https:\/\/www.aquilaguna.com\/index.php\/wp-json\/wp\/v2\/tags?post=16649"}],"curies":[{"name":"wp","href":"https:\/\/api.w.org\/{rel}","templated":true}]}}