{"id":16664,"date":"2023-08-15T19:37:41","date_gmt":"2023-08-16T01:37:41","guid":{"rendered":"https:\/\/www.aquilaguna.com\/?p=16664"},"modified":"2023-08-15T19:37:42","modified_gmt":"2023-08-16T01:37:42","slug":"inscribete-al-curso-sabatino-de-iniciacion-musical-que-ofrece-la-escuela-superior-de-musica-de-la-uadec","status":"publish","type":"post","link":"https:\/\/www.aquilaguna.com\/index.php\/2023\/08\/15\/inscribete-al-curso-sabatino-de-iniciacion-musical-que-ofrece-la-escuela-superior-de-musica-de-la-uadec\/","title":{"rendered":"Inscr\u00edbete al Curso Sabatino de Iniciaci\u00f3n Musical que Ofrece la Escuela Superior de M\u00fasica de la UAdeC."},"content":{"rendered":"\n<p>ARTEAGA, Coahuila. 15 de agosto de 2023. La Escuela Superior de M\u00fasica de la<br>Universidad Aut\u00f3noma de Coahuila invita a comunidad universitaria y al p\u00fablico en<br>general al Curso Sabatino de Iniciaci\u00f3n Musical que inicia este s\u00e1bado 19 de<br>agosto para aprender sobre canto, guitarra, viol\u00edn, piano, acorde\u00f3n y trompeta.<\/p>\n\n\n\n<p>El Curso est\u00e1 dirigido a personas a partir de los siete a\u00f1os y hasta cualquier edad,<br>sin importar el nivel que tenga el alumno; el costo de cada \u00e1rea es de $1,800<br>pesos y la duraci\u00f3n del curso es de 15 s\u00e1bados; las clases son de una hora a<br>elegir entre las 9:00 a las 14:00 horas.<\/p>\n\n\n\n<p>Las personas interesadas deber\u00e1n acudir a la Escuela Superior de M\u00fasica para<br>realizar la inscripci\u00f3n, pagar la cuota y elegir el horario que mejor se les acomode,<br>se podr\u00e1 acudir a dos clases de distintos instrumentos y horarios, siempre y<br>cuando se haga el pago correspondiente de cada curso.<\/p>\n\n\n\n<p>El Coordinador del curso sabatino y maestro de piano, Jos\u00e9 de Jes\u00fas Mart\u00ednez<br>Lizcano, inform\u00f3 que est\u00e1 dirigido para aquellas personas que est\u00e9n interesadas<br>en la m\u00fasica, ya sea para profundizar en su conocimiento o para contemplarla<br>desde otras perspectivas; las clases estar\u00e1n a cargo de alumnos de semestres<br>avanzados y habr\u00e1 un recital al finalizar el programa cuatrimestral.<\/p>\n\n\n\n<p>La iniciaci\u00f3n musical es una serie de conceptos b\u00e1sicos relacionados con el<br>sonido y su organizaci\u00f3n en forma de m\u00fasica; por lo que brinda un proceso previo<br>a la exploraci\u00f3n de cualquier instrumento musical a trav\u00e9s de la corporalidad, lo<br>visual y la escucha activa con el fin de iniciar un aprendizaje org\u00e1nico y efectivo.<\/p>\n\n\n\n<p>Para m\u00e1s informaci\u00f3n comunicarse v\u00eda WhatsApp al tel\u00e9fono (844) 300 89 36, o<br>acudir a la Escuela Superior de M\u00fasica ubicada en sus nuevas instalaciones<br>dentro de Ciudad Universitaria, Carretera a M\u00e9xico Km. 13 en Arteaga, Coahuila.<\/p>\n","protected":false},"excerpt":{"rendered":"<p>ARTEAGA, Coahuila. 15 de agosto de 2023. La Escuela Superior de M\u00fasica de laUniversidad Aut\u00f3noma de Coahuila invita a comunidad universitaria y al p\u00fablico engeneral al Curso Sabatino de Iniciaci\u00f3n Musical que inicia este s\u00e1bado 19 deagosto para aprender sobre canto, guitarra, viol\u00edn, piano, acorde\u00f3n y trompeta. El Curso est\u00e1 dirigido a personas a partir de los siete a\u00f1os y hasta cualquier edad,sin importar el nivel que tenga el alumno;&#8230;<\/p>\n","protected":false},"author":1,"featured_media":16665,"comment_status":"closed","ping_status":"closed","sticky":false,"template":"","format":"standard","meta":{"footnotes":""},"categories":[2],"tags":[],"class_list":["post-16664","post","type-post","status-publish","format-standard","has-post-thumbnail","hentry","category-uadec","wpcat-2-id"],"_links":{"self":[{"href":"https:\/\/www.aquilaguna.com\/index.php\/wp-json\/wp\/v2\/posts\/16664","targetHints":{"allow":["GET"]}}],"collection":[{"href":"https:\/\/www.aquilaguna.com\/index.php\/wp-json\/wp\/v2\/posts"}],"about":[{"href":"https:\/\/www.aquilaguna.com\/index.php\/wp-json\/wp\/v2\/types\/post"}],"author":[{"embeddable":true,"href":"https:\/\/www.aquilaguna.com\/index.php\/wp-json\/wp\/v2\/users\/1"}],"replies":[{"embeddable":true,"href":"https:\/\/www.aquilaguna.com\/index.php\/wp-json\/wp\/v2\/comments?post=16664"}],"version-history":[{"count":1,"href":"https:\/\/www.aquilaguna.com\/index.php\/wp-json\/wp\/v2\/posts\/16664\/revisions"}],"predecessor-version":[{"id":16666,"href":"https:\/\/www.aquilaguna.com\/index.php\/wp-json\/wp\/v2\/posts\/16664\/revisions\/16666"}],"wp:featuredmedia":[{"embeddable":true,"href":"https:\/\/www.aquilaguna.com\/index.php\/wp-json\/wp\/v2\/media\/16665"}],"wp:attachment":[{"href":"https:\/\/www.aquilaguna.com\/index.php\/wp-json\/wp\/v2\/media?parent=16664"}],"wp:term":[{"taxonomy":"category","embeddable":true,"href":"https:\/\/www.aquilaguna.com\/index.php\/wp-json\/wp\/v2\/categories?post=16664"},{"taxonomy":"post_tag","embeddable":true,"href":"https:\/\/www.aquilaguna.com\/index.php\/wp-json\/wp\/v2\/tags?post=16664"}],"curies":[{"name":"wp","href":"https:\/\/api.w.org\/{rel}","templated":true}]}}