{"id":16708,"date":"2023-08-17T20:27:58","date_gmt":"2023-08-18T02:27:58","guid":{"rendered":"https:\/\/www.aquilaguna.com\/?p=16708"},"modified":"2023-08-17T20:27:59","modified_gmt":"2023-08-18T02:27:59","slug":"inician-en-la-uadec-las-actividades-de-la-catedra-de-derechos-humanos-ministra-ana-margarita-rios-farjat","status":"publish","type":"post","link":"https:\/\/www.aquilaguna.com\/index.php\/2023\/08\/17\/inician-en-la-uadec-las-actividades-de-la-catedra-de-derechos-humanos-ministra-ana-margarita-rios-farjat\/","title":{"rendered":"Inician en la UAdeC las Actividades de la \u201cC\u00e1tedra de Derechos Humanos Ministra Ana Margarita R\u00edos Farjat\u201d."},"content":{"rendered":"\n<p>SALTILLO, Coahuila. 17 de agosto de 2023. En el Aula Magna \u201cJos\u00e9 Mar\u00eda<br>Fraustro Siller\u201d del Campus Poniente de la Universidad Aut\u00f3noma de Coahuila, se<br>inauguraron las actividades para el semestre agosto-diciembre de 2023 de la<br>\u201cC\u00e1tedra de Derechos Humanos Ministra Ana Margarita R\u00edos Farjat\u201d.<\/p>\n\n\n\n<p>La C\u00e1tedra es un espacio de reflexi\u00f3n y an\u00e1lisis en materia de derechos humanos,<br>por lo cual este semestre se trabajar\u00e1 en la socializaci\u00f3n de las sentencias de la<br>Suprema Corte de Justicia de la Naci\u00f3n (SCJN), para acercar al alumnado y a la<br>comunidad en general al conocimiento de sus derechos.<\/p>\n\n\n\n<p>A la ceremonia asistieron la ministra de la Suprema Corte de Justicia de la Naci\u00f3n,<br>Ana Margarita R\u00edos Farjat, en representaci\u00f3n del gobernador del Estado de<br>Coahuila, Miguel \u00c1ngel Riquelme Sol\u00eds, el consejero jur\u00eddico, Valeriano Vald\u00e9s<br>Cabello, en representaci\u00f3n del magistrado presidente del Tribunal Superior de<br>Justicia del Estado de Coahuila, Miguel Felipe Mery Ayup, el magistrado<br>presidente de la Sala Colegiada Civil y Familiar, C\u00e9sar Alejandro Saucedo Flores.<br>As\u00ed mismo, el rector de la m\u00e1xima casa de estudios, Salvador Hern\u00e1ndez V\u00e9lez, la<br>titular de la Defensor\u00eda de los Derechos Humanos Universitarios, Magda Yadira<br>Robles Garza, funcionariado de la administraci\u00f3n central, directoras y directores<br>de las diversas Escuelas y Facultades, comunidad estudiantil y docente e<br>invitados especiales.<\/p>\n\n\n\n<p>La ministra Ana Margarita R\u00edos Farjat felicit\u00f3 a la UAdeC por cristalizar un<br>programa completo y ambicioso en materia de derechos humanos que sembrar\u00e1<br>en positivo hacia una sociedad mejor a partir del estudio de casos resueltos en la<br>SCJN que derivan de la lucha de personas que, a trav\u00e9s del litigio de sus<br>problemas, buscan hacer uso pleno de sus derechos y al mismo tiempo abren la<br>puerta para otras que se encuentran en la misma situaci\u00f3n.<\/p>\n\n\n\n<p>Durante su participaci\u00f3n, la ministra destac\u00f3 la importancia de difundir las<br>sentencias para que la sociedad se apropie de ellas y conozca que los derechos<br>humanos significan el potencial pleno de la vida, \u201cAnte la hostilidad, avanzar y<br>empatizar, sumar en positivo, de eso se trata esta propuesta de trabajo (\u2026) que yo<br>concibo como una forma de romper justamente con el ego\u00edsmo y de ir<br>estructurando el conocimiento que hay sobre c\u00f3mo avanzar a un porvenir m\u00e1s<br>luminoso, m\u00e1s brillante, donde todos podamos ser plenos y dar nuestra mejor<br>versi\u00f3n a los dem\u00e1s. Nosotros podemos encargarnos de la administraci\u00f3n, del<br>dise\u00f1o de leyes, de la ejecuci\u00f3n, pero es la sociedad, necesitamos que la<br>sociedad avance con nosotros, que sepa tanto de derecho y justicia como<br>nosotros \u201c, dijo.<\/p>\n\n\n\n<p>Por su parte, el rector Salvador Hern\u00e1ndez V\u00e9lez, coment\u00f3 que como universidad<br>p\u00fablica responsable de la formaci\u00f3n integral del mayor n\u00famero de estudiantes del<br>estado, se tiene la certeza de la necesidad de dotarlos de los conocimientos y<br>herramientas m\u00e1s actuales, les permitir\u00e1n desarrollarse y desempe\u00f1arse como<br>excelentes profesionistas, pero tambi\u00e9n como ciudadanos y ciudadanas con<br>principios, valores y comportamientos en su rol como estudiantes como en todos<br>los \u00e1mbitos de su vida cotidiana.<\/p>\n\n\n\n<p>\u201cLa articulaci\u00f3n que se ha podido lograr entre la c\u00e1tedra que lleva su nombre<br>se\u00f1ora ministra, la Defensor\u00eda de los Derechos Humanos Universitarios que<br>encabeza la doctora Magda Yadira Robles y el Centro de Estudios<br>Interdisciplinarios, nos permitir\u00e1 fortalecer la materia de Educaci\u00f3n para la<br>Ciudadan\u00eda y Derechos Humanos, asignatura que se encuentra instituida en<br>nuestra Universidad, la cual es transversal y obligatoria para el alumnado del<br>sexto, s\u00e9ptimo y \u00faltimo semestre de todas las carreras y que impacta a m\u00e1s de 38<br>mil estudiantes\u201d, dijo.<\/p>\n\n\n\n<p>Se\u00f1al\u00f3 que la promoci\u00f3n y difusi\u00f3n de los valores, actitudes y estilos de vida<br>basados en los derechos humanos, se convierte en el eje transversal que permite<br>edificar las estructuras de una sociedad m\u00e1s justa, pac\u00edfica y solidaria, en la que<br>se aborde la soluci\u00f3n de conflictos por medio del di\u00e1logo, por ello, es de<br>celebrarse que exista este espacio acad\u00e9mico y de reflexi\u00f3n sobre temas<br>relevantes en materia de derechos humanos donde se aborden problem\u00e1ticas<br>concretas.<\/p>\n\n\n\n<p>Mientras que el consejero jur\u00eddico del Estado de Coahuila, Valeriano Vald\u00e9s<br>Cabello, dijo que la experiencia de vida como jurista, funcionaria y escritora de la<br>ministra Ana Margarita R\u00edos Farjat abonar\u00e1 al bienestar de Coahuila ya que a<br>trav\u00e9s de la educaci\u00f3n en derechos humanos se puede ofrecer a las nuevas<br>generaciones un mejor conocimiento de los mismos, por lo cual se valoran<br>ejercicios acad\u00e9micos como esta C\u00e1tedra.<\/p>\n\n\n\n<p>La titular de la Defensor\u00eda de los Derechos Humanos Universitarios, Magda Yadira<br>Robles Garza, coment\u00f3 que la ministra Ana Margarita R\u00edos Farjat es una gran<br>aliada solidaria y comprometida de la Universidad Aut\u00f3noma de Coahuila y que la<br>C\u00e1tedra es un espacio acad\u00e9mico abierto y plural que ayuda en el trabajo que realiza la Defensor\u00eda, pues se busca promover y difundir a todas y todos, el conocimiento sobre los derechos humanos.<br>Posteriormente se llev\u00f3 a cabo la Mesa de Di\u00e1logo \u201cLa academia y la judicatura\u201d,<br>con la participaci\u00f3n de la ministra Ana Margarita R\u00edos Farjat, la magistrada de la<br>Sala Civil y Familiar, Mar\u00eda Eugenia Galindo Hern\u00e1ndez y el magistrado y<br>coordinador de la Escuela Judicial Federal en Saltillo, Hugo Berm\u00fadez Manr\u00edquez,<br>como moderadora la Dra. Magda Yadira Robles Garza.<\/p>\n\n\n\n<p>El objetivo de la Mesa fue comentar sobre la importancia de transmitir a trav\u00e9s de<br>la academia y la docencia la actividad que diariamente realizan los jueces y las<br>juezas en nuestro pa\u00eds, por lo que los penalistas compartieron su experiencia<br>como docentes y juzgadores, abordaron adem\u00e1s la relaci\u00f3n entre la academia, la<br>docencia y la pr\u00e1ctica profesional, as\u00ed como experiencias de \u00e9xito en el aula.<\/p>\n\n\n\n<p>As\u00ed mismo, hablaron sobre c\u00f3mo llegar a personas que no son abogados y la<br>manera de explicarles los derechos humanos, por ello se\u00f1alaron lo que se puede<br>hacer a trav\u00e9s del conocimiento de casos y propiciar una discusi\u00f3n, explicarlos de<br>manera sencilla, para que se fomente una cultura de los derechos humanos y de<br>la legalidad.<\/p>\n\n\n\n<p>Las actividades de la C\u00e1tedra continuar\u00e1n el 23 de agosto con el Seminario \u201cLa<br>SCJN y la Protecci\u00f3n de los Derechos Humanos\u201d, dirigido a los alumnos de<br>licenciatura de la Universidad que cursan la materia de Educaci\u00f3n para la<br>Ciudadan\u00eda y Derechos Humanos, para la comunidad universitaria y el p\u00fablico en<br>general; s transmitir\u00e1 a trav\u00e9s de la plataforma Microsoft Teams y por la p\u00e1gina de<br>Facebook de la Defensor\u00eda de los Derechos Humanos Universitarios UAdeC los<br>mi\u00e9rcoles de 17:00 a 19:00 horas.<\/p>\n\n\n\n<p>As\u00ed mismo, se llevar\u00e1 a cabo el Concurso \u201cPromoviendo los derechos de las<br>personas migrantes y en contexto de movilidad\u201d; el conversatorio \u201cLa importancia<br>de la autonom\u00eda universitaria en la garant\u00eda de los derechos humanos\u201d; el Cine-<br>debate y el Concurso \u201cComunicar con sensibilidad y perspectiva de g\u00e9nero.<\/p>\n\n\n\n<p>Las fechas de dichos eventos estar\u00e1n d\u00e1ndose a conocer en la p\u00e1gina de<br>Facebook Defensor\u00eda de los Derechos Humanos Universitarios UAdeC, tambi\u00e9n<br>pueden comunicarse al tel\u00e9fono (844) 438 15 03, para obtener el acceso al<br>Seminario escribir al correo defensoria@uadec.edu.mx.<\/p>\n","protected":false},"excerpt":{"rendered":"<p>SALTILLO, Coahuila. 17 de agosto de 2023. En el Aula Magna \u201cJos\u00e9 Mar\u00edaFraustro Siller\u201d del Campus Poniente de la Universidad Aut\u00f3noma de Coahuila, seinauguraron las actividades para el semestre agosto-diciembre de 2023 de la\u201cC\u00e1tedra de Derechos Humanos Ministra Ana Margarita R\u00edos Farjat\u201d. La C\u00e1tedra es un espacio de reflexi\u00f3n y an\u00e1lisis en materia de derechos humanos,por lo cual este semestre se trabajar\u00e1 en la socializaci\u00f3n de las sentencias de laSuprema&#8230;<\/p>\n","protected":false},"author":1,"featured_media":16709,"comment_status":"closed","ping_status":"closed","sticky":false,"template":"","format":"standard","meta":{"footnotes":""},"categories":[2],"tags":[],"class_list":["post-16708","post","type-post","status-publish","format-standard","has-post-thumbnail","hentry","category-uadec","wpcat-2-id"],"_links":{"self":[{"href":"https:\/\/www.aquilaguna.com\/index.php\/wp-json\/wp\/v2\/posts\/16708","targetHints":{"allow":["GET"]}}],"collection":[{"href":"https:\/\/www.aquilaguna.com\/index.php\/wp-json\/wp\/v2\/posts"}],"about":[{"href":"https:\/\/www.aquilaguna.com\/index.php\/wp-json\/wp\/v2\/types\/post"}],"author":[{"embeddable":true,"href":"https:\/\/www.aquilaguna.com\/index.php\/wp-json\/wp\/v2\/users\/1"}],"replies":[{"embeddable":true,"href":"https:\/\/www.aquilaguna.com\/index.php\/wp-json\/wp\/v2\/comments?post=16708"}],"version-history":[{"count":1,"href":"https:\/\/www.aquilaguna.com\/index.php\/wp-json\/wp\/v2\/posts\/16708\/revisions"}],"predecessor-version":[{"id":16710,"href":"https:\/\/www.aquilaguna.com\/index.php\/wp-json\/wp\/v2\/posts\/16708\/revisions\/16710"}],"wp:featuredmedia":[{"embeddable":true,"href":"https:\/\/www.aquilaguna.com\/index.php\/wp-json\/wp\/v2\/media\/16709"}],"wp:attachment":[{"href":"https:\/\/www.aquilaguna.com\/index.php\/wp-json\/wp\/v2\/media?parent=16708"}],"wp:term":[{"taxonomy":"category","embeddable":true,"href":"https:\/\/www.aquilaguna.com\/index.php\/wp-json\/wp\/v2\/categories?post=16708"},{"taxonomy":"post_tag","embeddable":true,"href":"https:\/\/www.aquilaguna.com\/index.php\/wp-json\/wp\/v2\/tags?post=16708"}],"curies":[{"name":"wp","href":"https:\/\/api.w.org\/{rel}","templated":true}]}}