{"id":16728,"date":"2023-08-18T19:15:03","date_gmt":"2023-08-19T01:15:03","guid":{"rendered":"https:\/\/www.aquilaguna.com\/?p=16728"},"modified":"2023-08-18T19:15:04","modified_gmt":"2023-08-19T01:15:04","slug":"condiciones-de-seguridad-en-torreon-elevan-la-calidad-de-vida-de-sus-habitantes-roman-alberto-cepeda-gonzalez","status":"publish","type":"post","link":"https:\/\/www.aquilaguna.com\/index.php\/2023\/08\/18\/condiciones-de-seguridad-en-torreon-elevan-la-calidad-de-vida-de-sus-habitantes-roman-alberto-cepeda-gonzalez\/","title":{"rendered":"Condiciones de seguridad en Torre\u00f3n elevan la calidad de vida de sus habitantes: Rom\u00e1n Alberto Cepeda Gonz\u00e1lez."},"content":{"rendered":"\n<p>Torre\u00f3n, Coahuila. A 18 de agosto de 2023.<\/p>\n\n\n\n<p>Durante la trig\u00e9sima segunda reuni\u00f3n semanal de seguridad, presidida por el<br>alcalde Rom\u00e1n Alberto Cepeda Gonz\u00e1lez, fue analizado el comportamiento de los<br>diferentes delitos que se presentan en la ciudad, destacando una semana m\u00e1s con<br>incidencias en cero en algunos y la contenci\u00f3n de otros, por lo que el edil asegur\u00f3<br>que las condiciones que actualmente vive la ciudad contribuyen a mejorar la<br>calidad de vida de sus habitantes.<br>\u00a0<br>\u201cEl mensaje que se manda de buena coordinaci\u00f3n, de trabajo conjunto y<br>comunicaci\u00f3n permanente, es importante porque es lo que ha dado resultado, y<br>eso permite que quienes escuchan lo que est\u00e1 sucediendo en Torre\u00f3n, en La<br>Laguna y en Coahuila, puedan hacerlos un lugar donde puedan invertir, generar<br>empleo y mejorar la calidad de vida\u201d, coment\u00f3.<br>\u00a0<br>El edil dijo adem\u00e1s que el tema de la seguridad se construye todos los d\u00edas, y<br>reconoci\u00f3 a todas las dependencias y corporaciones de los diferentes \u00f3rdenes de<br>gobierno, a la Guardia Nacional y al Ej\u00e9rcito Mexicano por la labor que<br>desempe\u00f1an para mantener a Torre\u00f3n en orden y en paz.<br>\u00a0<br>\u201cEste es un tema que no tiene descanso, nosotros tampoco\u201d, finaliz\u00f3.<br>\u00a0<br>En cuanto al \u00edndice general de incidencia delictiva, correspondiente a la semana<br>que va del 11 al 17 de agosto de 2023, el comisario C\u00e9sar Perales Esparza,<br>director de la Polic\u00eda Municipal, inform\u00f3 que respecto a la semana anterior,<br>presentaron disminuci\u00f3n los delitos de robo a casa habitaci\u00f3n, 12 por ciento, con<br>siete eventos; robo a local comercial con violencia, 100 por ciento, con cero<br>eventos; y robo a persona, 100 por ciento, con cero eventos.<br>\u00a0<br>Se present\u00f3 un robo de veh\u00edculo y tres robos de accesorios de veh\u00edculo.<br>\u00a0<br>La Polic\u00eda Municipal efectu\u00f3 80 detenciones que fueron consignadas al Ministerio<br>P\u00fablico y 110 remitidas al Juez Calificador.<\/p>\n\n\n\n<p>Adem\u00e1s, tres detenidos fueron remitidos por violencia familiar al Centro de Justicia<br>y Empoderamiento para las Mujeres.<br>\u00a0<br>El Grupo de Reacci\u00f3n Laguna efectu\u00f3 tres detenciones por posesi\u00f3n de<br>narc\u00f3ticos.<\/p>\n\n\n\n<p>Se mantienen en operaci\u00f3n 220 comit\u00e9s vecinales y se realizaron reuniones de<br>proximidad en colonias como Fuentes del Sur, Ampliaci\u00f3n Fuentes del Sur y<br>Francisco Villa.<br>\u00a0<br>Luis Alberto Morales Cort\u00e9s, director de Vialidad y Movilidad Urbana, inform\u00f3 que<br>como parte del operativo \u201cSin casco no viajas\u201d, 313 motociclistas certificados y<br>capacitados por el ICATEC, han acudido a recuperar sus veh\u00edculos, tramitando su<br>licencia y placas con el 50 por ciento de descuento, como beneficio por concluir el<br>curso de manejo defensivo y preventivo, adem\u00e1s de recibir una constancia con<br>validez oficial ante la SEP y la Secretar\u00eda del Trabajo.<br>\u00a0<br>Marco Prone Ram\u00edrez, director administrativo del Tribunal de Justicia Municipal,<br>inform\u00f3 que personal del organismo recibi\u00f3 una capacitaci\u00f3n en primeros auxilios,<br>para que cuenten con los conocimientos b\u00e1sicos necesarios para dar atenci\u00f3n<br>oportuna ante cualquier eventualidad y as\u00ed mejorar la atenci\u00f3n a los ciudadanos<br>que ingresan al centro de detenci\u00f3n temporal.<br>\u00a0<br>Jorge Luis Ju\u00e1rez Llanas, director de Protecci\u00f3n Civil y Bomberos, inform\u00f3 que<br>personal de la dependencia contin\u00faa con la realizaci\u00f3n de simulacros en<br>diferentes establecimientos, visitando en la semana anterior empresas como<br>Techtronic Industries, Milwaukee, Guarder\u00eda Infantil Ciudad Nazas y Guarder\u00eda<br>Peques.<br>\u00a0<br>Las acciones en menci\u00f3n buscan que el personal y usuarios de esos<br>establecimientos sepan c\u00f3mo reaccionar oportunamente ante cualquier incidente.<br>\u00a0<br>Ra\u00fal Gerardo Rodr\u00edguez Garc\u00eda, director de Inspecci\u00f3n y Verificaci\u00f3n, report\u00f3<br>cuatro clausuras de establecimientos comerciales, dos por falta de licencia de<br>funcionamiento, uno por condiciones insalubres, y uno m\u00e1s por menores<br>consumiendo bebidas embriagantes.<\/p>\n","protected":false},"excerpt":{"rendered":"<p>Torre\u00f3n, Coahuila. A 18 de agosto de 2023. Durante la trig\u00e9sima segunda reuni\u00f3n semanal de seguridad, presidida por elalcalde Rom\u00e1n Alberto Cepeda Gonz\u00e1lez, fue analizado el comportamiento de losdiferentes delitos que se presentan en la ciudad, destacando una semana m\u00e1s conincidencias en cero en algunos y la contenci\u00f3n de otros, por lo que el edil asegur\u00f3que las condiciones que actualmente vive la ciudad contribuyen a mejorar lacalidad de vida de&#8230;<\/p>\n","protected":false},"author":1,"featured_media":16729,"comment_status":"closed","ping_status":"closed","sticky":false,"template":"","format":"standard","meta":{"footnotes":""},"categories":[5,28,7],"tags":[],"class_list":["post-16728","post","type-post","status-publish","format-standard","has-post-thumbnail","hentry","category-coahuila","category-la-laguna","category-torreon","wpcat-5-id","wpcat-28-id","wpcat-7-id"],"_links":{"self":[{"href":"https:\/\/www.aquilaguna.com\/index.php\/wp-json\/wp\/v2\/posts\/16728","targetHints":{"allow":["GET"]}}],"collection":[{"href":"https:\/\/www.aquilaguna.com\/index.php\/wp-json\/wp\/v2\/posts"}],"about":[{"href":"https:\/\/www.aquilaguna.com\/index.php\/wp-json\/wp\/v2\/types\/post"}],"author":[{"embeddable":true,"href":"https:\/\/www.aquilaguna.com\/index.php\/wp-json\/wp\/v2\/users\/1"}],"replies":[{"embeddable":true,"href":"https:\/\/www.aquilaguna.com\/index.php\/wp-json\/wp\/v2\/comments?post=16728"}],"version-history":[{"count":1,"href":"https:\/\/www.aquilaguna.com\/index.php\/wp-json\/wp\/v2\/posts\/16728\/revisions"}],"predecessor-version":[{"id":16730,"href":"https:\/\/www.aquilaguna.com\/index.php\/wp-json\/wp\/v2\/posts\/16728\/revisions\/16730"}],"wp:featuredmedia":[{"embeddable":true,"href":"https:\/\/www.aquilaguna.com\/index.php\/wp-json\/wp\/v2\/media\/16729"}],"wp:attachment":[{"href":"https:\/\/www.aquilaguna.com\/index.php\/wp-json\/wp\/v2\/media?parent=16728"}],"wp:term":[{"taxonomy":"category","embeddable":true,"href":"https:\/\/www.aquilaguna.com\/index.php\/wp-json\/wp\/v2\/categories?post=16728"},{"taxonomy":"post_tag","embeddable":true,"href":"https:\/\/www.aquilaguna.com\/index.php\/wp-json\/wp\/v2\/tags?post=16728"}],"curies":[{"name":"wp","href":"https:\/\/api.w.org\/{rel}","templated":true}]}}