{"id":16744,"date":"2023-08-21T19:02:02","date_gmt":"2023-08-22T01:02:02","guid":{"rendered":"https:\/\/www.aquilaguna.com\/?p=16744"},"modified":"2023-08-21T19:02:03","modified_gmt":"2023-08-22T01:02:03","slug":"reporte-coahuila-del-plan-estatal-de-prevencion-y-control-covid-19-584","status":"publish","type":"post","link":"https:\/\/www.aquilaguna.com\/index.php\/2023\/08\/21\/reporte-coahuila-del-plan-estatal-de-prevencion-y-control-covid-19-584\/","title":{"rendered":"REPORTE COAHUILA DEL PLAN ESTATAL DE PREVENCI\u00d3N Y CONTROL COVID- 19"},"content":{"rendered":"\n<p>Saltillo, Coahuila de Zaragoza; a 21 de agosto del 2023.- Con motivo de mantener a la poblaci\u00f3n informada de los principales avances del Plan Estatal de Prevenci\u00f3n y Control COVID-19, la Secretar\u00eda de Salud de Coahuila (SS) informa:<\/p>\n\n\n\n<p>1.- El REPORTE SEMANAL registran 277 casos incluidas 3 defunciones.&nbsp;<\/p>\n\n\n\n<p>DISTRIBUCI\u00d3N<\/p>\n\n\n\n<p>ABASOLO 1<\/p>\n\n\n\n<p>ACU\u00d1A 4&nbsp;<\/p>\n\n\n\n<p>CASTA\u00d1OS 4&nbsp;<\/p>\n\n\n\n<p>CUATROCI\u00c9NEGAS 2<\/p>\n\n\n\n<p>FRANCISCO I. MADERO 1<\/p>\n\n\n\n<p>FRONTERA 17&nbsp;<\/p>\n\n\n\n<p>MATAMOROS 2<\/p>\n\n\n\n<p>MONCLOVA 62&nbsp;<\/p>\n\n\n\n<p>MORELOS 3<\/p>\n\n\n\n<p>M\u00daZQUIZ 11<\/p>\n\n\n\n<p>NADADORES 3<\/p>\n\n\n\n<p>NAVA 4&nbsp;<\/p>\n\n\n\n<p>PARRAS DE LA FUENTE 1<\/p>\n\n\n\n<p>PIEDRAS NEGRAS 11<\/p>\n\n\n\n<p>RAMOS ARIZPE 3<\/p>\n\n\n\n<p>SABINAS 22<\/p>\n\n\n\n<p>SALTILLO 84<\/p>\n\n\n\n<p>SAN BUENAVENTURA 9&nbsp;<\/p>\n\n\n\n<p>SAN JUAN DE SABINAS 14<\/p>\n\n\n\n<p>SAN PEDRO 4&nbsp;<\/p>\n\n\n\n<p>TORRE\u00d3N 14&nbsp;<\/p>\n\n\n\n<p>ZARAGOZA 1<\/p>\n\n\n\n<p>DEFUNCIONES<\/p>\n\n\n\n<p>MONCLOVA<\/p>\n\n\n\n<p>Hombre de 89 a\u00f1os (caso ya reportado)<\/p>\n\n\n\n<p>SABINAS&nbsp;<\/p>\n\n\n\n<p>Mujer de 79 a\u00f1os (caso ya reportado)&nbsp;<\/p>\n\n\n\n<p>SALTILLO&nbsp;<\/p>\n\n\n\n<p>Hombre de 41 a\u00f1os (caso ya reportado)&nbsp;<\/p>\n\n\n\n<p>2.- Existen AHORA en Coahuila 468 casos activos de COVID \u2013 19<\/p>\n\n\n\n<p>DISTRIBUCI\u00d3N DE CASOS ACTIVOS<\/p>\n\n\n\n<p>-Saltillo 125&nbsp;<\/p>\n\n\n\n<p>-Monclova 99&nbsp;<\/p>\n\n\n\n<p>-Frontera 31&nbsp;<\/p>\n\n\n\n<p>-Sabinas 31&nbsp;<\/p>\n\n\n\n<p>-San Juan de Sabinas 30&nbsp;<\/p>\n\n\n\n<p>-Piedras Negras 24&nbsp;<\/p>\n\n\n\n<p>-Torre\u00f3n 23&nbsp;<\/p>\n\n\n\n<p>-M\u00fazquiz 20&nbsp;<\/p>\n\n\n\n<p>-San Buenaventura 20&nbsp;<\/p>\n\n\n\n<p>-Acu\u00f1a 13&nbsp;<\/p>\n\n\n\n<p>-Nadadores 11&nbsp;<\/p>\n\n\n\n<p>-Casta\u00f1os 9&nbsp;<\/p>\n\n\n\n<p>-Nava 5&nbsp;<\/p>\n\n\n\n<p>-Progreso 5<\/p>\n\n\n\n<p>-San Pedro 4&nbsp;<\/p>\n\n\n\n<p>-Matamoros 3&nbsp;<\/p>\n\n\n\n<p>-Morelos 3&nbsp;<\/p>\n\n\n\n<p>-Sacramento 0&nbsp;<\/p>\n\n\n\n<p>-Ramos Arizpe 3&nbsp;<\/p>\n\n\n\n<p>-Cuatro Ci\u00e9negas 2&nbsp;<\/p>\n\n\n\n<p>-Francisco I. Madero 2&nbsp;<\/p>\n\n\n\n<p>-Allende 2&nbsp;<\/p>\n\n\n\n<p>-Ju\u00e1rez 0&nbsp;<\/p>\n\n\n\n<p>-Ocampo 0&nbsp;<\/p>\n\n\n\n<p>-Arteaga 0<\/p>\n\n\n\n<p>-Parras de la Fuente 1&nbsp;<\/p>\n\n\n\n<p>-Zaragoza 1&nbsp;<\/p>\n\n\n\n<p>-Abasolo 1&nbsp;<\/p>\n\n\n\n<p>-General Cepeda 0<\/p>\n\n\n\n<p>-Villa Uni\u00f3n 0<\/p>\n\n\n\n<p>-Lamadrid 0<\/p>\n\n\n\n<p>-Viesca 0<\/p>\n\n\n\n<p>-Guerrero 0<\/p>\n\n\n\n<p>-Escobedo 0<\/p>\n\n\n\n<p>-Sierra Mojada 0<\/p>\n\n\n\n<p>-Candela 0<\/p>\n\n\n\n<p>-Jim\u00e9nez 0<\/p>\n\n\n\n<p>-Hidalgo 0<\/p>\n\n\n\n<p>3.- Al d\u00eda de hoy, se contabilizan en Coahuila EN TOTAL 193,258 casos, incluidos 9,064 decesos.<\/p>\n\n\n\n<p>4.- HOSPITALIZADOS: 7 (promedio estatal)&nbsp;<\/p>\n\n\n\n<p>Regi\u00f3n Laguna 5<\/p>\n\n\n\n<p>Regi\u00f3n Sureste 2<\/p>\n\n\n\n<p>5.- TOTAL DE RECUPERADOS: 183,726&nbsp;<\/p>\n\n\n\n<p>51,519 SALTILLO<\/p>\n\n\n\n<p>36,880 TORRE\u00d3N<\/p>\n\n\n\n<p>18,265 MONCLOVA<\/p>\n\n\n\n<p>15,001 PIEDRAS NEGRAS<\/p>\n\n\n\n<p>8,142 ACU\u00d1A<\/p>\n\n\n\n<p>5,678 FRONTERA<\/p>\n\n\n\n<p>5,238 SABINAS<\/p>\n\n\n\n<p>4,959 RAMOS ARIZPE<\/p>\n\n\n\n<p>4,405 SAN PEDRO<\/p>\n\n\n\n<p>4,232 M\u00daZQUIZ<\/p>\n\n\n\n<p>3,873 PARRAS DE LA FUENTE<\/p>\n\n\n\n<p>3,940 SAN JUAN DE SABINAS<\/p>\n\n\n\n<p>3,152 FRANCISCO I. MADERO<\/p>\n\n\n\n<p>3,232 MATAMOROS<\/p>\n\n\n\n<p>2,432 NAVA<\/p>\n\n\n\n<p>2,196 CUATRO CI\u00c9NEGAS<\/p>\n\n\n\n<p>2,056 SAN BUENAVENTURA<\/p>\n\n\n\n<p>1,638 CASTA\u00d1OS<\/p>\n\n\n\n<p>1,471 ALLENDE<\/p>\n\n\n\n<p>902 ZARAGOZA<\/p>\n\n\n\n<p>793 ARTEAGA<\/p>\n\n\n\n<p>619 VILLA UNI\u00d3N<\/p>\n\n\n\n<p>484 NADADORES<\/p>\n\n\n\n<p>492 GENERAL CEPEDA<\/p>\n\n\n\n<p>479 MORELOS<\/p>\n\n\n\n<p>339 OCAMPO<\/p>\n\n\n\n<p>316 SACRAMENTO<\/p>\n\n\n\n<p>221 LAMADRID<\/p>\n\n\n\n<p>180 VIESCA<\/p>\n\n\n\n<p>130 PROGRESO<\/p>\n\n\n\n<p>89 JIM\u00c9NEZ<\/p>\n\n\n\n<p>80 SIERRA MOJADA<\/p>\n\n\n\n<p>77 GUERRERO<\/p>\n\n\n\n<p>56 CANDELA<\/p>\n\n\n\n<p>48 ESCOBEDO<\/p>\n\n\n\n<p>44 ABASOLO<\/p>\n\n\n\n<p>42 JU\u00c1REZ<\/p>\n\n\n\n<p>26 HIDALGO<\/p>\n","protected":false},"excerpt":{"rendered":"<p>Saltillo, Coahuila de Zaragoza; a 21 de agosto del 2023.- Con motivo de mantener a la poblaci\u00f3n informada de los principales avances del Plan Estatal de Prevenci\u00f3n y Control COVID-19, la Secretar\u00eda de Salud de Coahuila (SS) informa: 1.- El REPORTE SEMANAL registran 277 casos incluidas 3 defunciones.&nbsp; DISTRIBUCI\u00d3N ABASOLO 1 ACU\u00d1A 4&nbsp; CASTA\u00d1OS 4&nbsp; CUATROCI\u00c9NEGAS 2 FRANCISCO I. MADERO 1 FRONTERA 17&nbsp; MATAMOROS 2 MONCLOVA 62&nbsp; MORELOS 3 M\u00daZQUIZ&#8230;<\/p>\n","protected":false},"author":1,"featured_media":0,"comment_status":"closed","ping_status":"closed","sticky":false,"template":"","format":"standard","meta":{"footnotes":""},"categories":[5,4],"tags":[],"class_list":["post-16744","post","type-post","status-publish","format-standard","hentry","category-coahuila","category-covid","wpcat-5-id","wpcat-4-id"],"_links":{"self":[{"href":"https:\/\/www.aquilaguna.com\/index.php\/wp-json\/wp\/v2\/posts\/16744","targetHints":{"allow":["GET"]}}],"collection":[{"href":"https:\/\/www.aquilaguna.com\/index.php\/wp-json\/wp\/v2\/posts"}],"about":[{"href":"https:\/\/www.aquilaguna.com\/index.php\/wp-json\/wp\/v2\/types\/post"}],"author":[{"embeddable":true,"href":"https:\/\/www.aquilaguna.com\/index.php\/wp-json\/wp\/v2\/users\/1"}],"replies":[{"embeddable":true,"href":"https:\/\/www.aquilaguna.com\/index.php\/wp-json\/wp\/v2\/comments?post=16744"}],"version-history":[{"count":1,"href":"https:\/\/www.aquilaguna.com\/index.php\/wp-json\/wp\/v2\/posts\/16744\/revisions"}],"predecessor-version":[{"id":16745,"href":"https:\/\/www.aquilaguna.com\/index.php\/wp-json\/wp\/v2\/posts\/16744\/revisions\/16745"}],"wp:attachment":[{"href":"https:\/\/www.aquilaguna.com\/index.php\/wp-json\/wp\/v2\/media?parent=16744"}],"wp:term":[{"taxonomy":"category","embeddable":true,"href":"https:\/\/www.aquilaguna.com\/index.php\/wp-json\/wp\/v2\/categories?post=16744"},{"taxonomy":"post_tag","embeddable":true,"href":"https:\/\/www.aquilaguna.com\/index.php\/wp-json\/wp\/v2\/tags?post=16744"}],"curies":[{"name":"wp","href":"https:\/\/api.w.org\/{rel}","templated":true}]}}