{"id":16805,"date":"2023-08-24T19:13:31","date_gmt":"2023-08-25T01:13:31","guid":{"rendered":"https:\/\/www.aquilaguna.com\/?p=16805"},"modified":"2023-08-24T19:13:34","modified_gmt":"2023-08-25T01:13:34","slug":"gobierno-del-estado-de-coahuila-informa-26","status":"publish","type":"post","link":"https:\/\/www.aquilaguna.com\/index.php\/2023\/08\/24\/gobierno-del-estado-de-coahuila-informa-26\/","title":{"rendered":"Gobierno del Estado de Coahuila informa:"},"content":{"rendered":"\n<p>Saltillo, Coahuila de Zaragoza; a 24 de Agosto de 2023.- Ante las manifestaciones en el Municipio de San Pedro, derivadas de la localizaci\u00f3n sin vida de Mart\u00edn Alexis \u201cN\u201d, la Secretar\u00eda de Gobierno de Coahuila\u00a0puntualiza:<\/p>\n\n\n\n<p>La Fiscal\u00eda General del Estado lleva a cabo una investigaci\u00f3n para esclarecer los hechos, deslindar responsabilidades y llevar ante las autoridades competentes al o los responsables.&nbsp;<\/p>\n\n\n\n<p>Esta Secretar\u00eda coadyuva en las investigaciones y hace un llamado a esperar los resultados de los trabajos de investigaci\u00f3n que deslindar\u00e1n responsabilidades y pondr\u00e1n ante las autoridades judiciales a los responsables de lo sucedido.<\/p>\n","protected":false},"excerpt":{"rendered":"<p>Saltillo, Coahuila de Zaragoza; a 24 de Agosto de 2023.- Ante las manifestaciones en el Municipio de San Pedro, derivadas de la localizaci\u00f3n sin vida de Mart\u00edn Alexis \u201cN\u201d, la Secretar\u00eda de Gobierno de Coahuila\u00a0puntualiza: La Fiscal\u00eda General del Estado lleva a cabo una investigaci\u00f3n para esclarecer los hechos, deslindar responsabilidades y llevar ante las autoridades competentes al o los responsables.&nbsp; Esta Secretar\u00eda coadyuva en las investigaciones y hace un&#8230;<\/p>\n","protected":false},"author":1,"featured_media":0,"comment_status":"closed","ping_status":"closed","sticky":false,"template":"","format":"standard","meta":{"footnotes":""},"categories":[5,15],"tags":[],"class_list":["post-16805","post","type-post","status-publish","format-standard","hentry","category-coahuila","category-gobierno-de-coahuila","wpcat-5-id","wpcat-15-id"],"_links":{"self":[{"href":"https:\/\/www.aquilaguna.com\/index.php\/wp-json\/wp\/v2\/posts\/16805","targetHints":{"allow":["GET"]}}],"collection":[{"href":"https:\/\/www.aquilaguna.com\/index.php\/wp-json\/wp\/v2\/posts"}],"about":[{"href":"https:\/\/www.aquilaguna.com\/index.php\/wp-json\/wp\/v2\/types\/post"}],"author":[{"embeddable":true,"href":"https:\/\/www.aquilaguna.com\/index.php\/wp-json\/wp\/v2\/users\/1"}],"replies":[{"embeddable":true,"href":"https:\/\/www.aquilaguna.com\/index.php\/wp-json\/wp\/v2\/comments?post=16805"}],"version-history":[{"count":1,"href":"https:\/\/www.aquilaguna.com\/index.php\/wp-json\/wp\/v2\/posts\/16805\/revisions"}],"predecessor-version":[{"id":16806,"href":"https:\/\/www.aquilaguna.com\/index.php\/wp-json\/wp\/v2\/posts\/16805\/revisions\/16806"}],"wp:attachment":[{"href":"https:\/\/www.aquilaguna.com\/index.php\/wp-json\/wp\/v2\/media?parent=16805"}],"wp:term":[{"taxonomy":"category","embeddable":true,"href":"https:\/\/www.aquilaguna.com\/index.php\/wp-json\/wp\/v2\/categories?post=16805"},{"taxonomy":"post_tag","embeddable":true,"href":"https:\/\/www.aquilaguna.com\/index.php\/wp-json\/wp\/v2\/tags?post=16805"}],"curies":[{"name":"wp","href":"https:\/\/api.w.org\/{rel}","templated":true}]}}