{"id":16832,"date":"2023-08-27T18:28:39","date_gmt":"2023-08-28T00:28:39","guid":{"rendered":"https:\/\/www.aquilaguna.com\/?p=16832"},"modified":"2023-08-27T18:28:40","modified_gmt":"2023-08-28T00:28:40","slug":"trabajo-por-las-y-los-adultos-mayores-legado-del-dif-coahuila-marcela-gorgon","status":"publish","type":"post","link":"https:\/\/www.aquilaguna.com\/index.php\/2023\/08\/27\/trabajo-por-las-y-los-adultos-mayores-legado-del-dif-coahuila-marcela-gorgon\/","title":{"rendered":"TRABAJO POR LAS Y LOS ADULTOS MAYORES, LEGADO DEL DIF COAHUILA: MARCELA GORG\u00d3N"},"content":{"rendered":"\n<p>\u00b7&nbsp;&nbsp;&nbsp;&nbsp;&nbsp;&nbsp;<strong><em>&nbsp;Gracias a AMA, se han brindado m\u00e1s de 328 mil apoyos y 101 mil servicios a las personas adultas mayores en situaci\u00f3n de abandono.<\/em><\/strong><\/p>\n\n\n\n<p>Torre\u00f3n, Coahuila de Zaragoza; a 27 de Agosto de 2023.- Ante la celebraci\u00f3n del D\u00eda del Abuelo este 28 de agosto, la Presidenta Honoraria de DIF Coahuila, Marcela Gorg\u00f3n Carrillo, se\u00f1al\u00f3 que uno de los legados que dejar\u00e1 su gesti\u00f3n ser\u00e1 el trabajo intenso a favor de las personas adultas mayores, estableciendo programas como AMA, enfocado a la atenci\u00f3n de las personas de edad avanzada que se encuentran en situaci\u00f3n de abandono.<\/p>\n\n\n\n<p>Gorg\u00f3n Carrillo se\u00f1al\u00f3 que garantizar el acceso a todos los derechos de las personas adultos mayores, como lo son la salud, alimentaci\u00f3n y vivienda, entre otros, son una tarea que parte desde el seno de cada familia y en la que el DIF Estatal hace equipo para que este grupo poblacional tenga una buena calidad de vida.<\/p>\n\n\n\n<p>\u201cEl amor, la gratitud, el respeto, la inclusi\u00f3n y la no discriminaci\u00f3n, son algunas de las obligaciones que como sociedad tenemos para con nuestros adultos mayores, y para ello hemos trabajado durante estos casi seis a\u00f1os desde DIF Coahuila\u201d, resalt\u00f3 Gorg\u00f3n Carrillo.<\/p>\n\n\n\n<p>La titular de la dependencia del Estado resalt\u00f3 que un legado de su gesti\u00f3n ser\u00e1 la implementaci\u00f3n en toda la entidad del programa AMA (Adulto Mayor en Abandono), mismo que naci\u00f3 en Torre\u00f3n y que recibi\u00f3 un gran impulso cuando ella presid\u00eda el DIF Municipal.<\/p>\n\n\n\n<p>\u201cA partir de diciembre de 2017 pusimos manos a la obra para llevar este gran programa a todo el estado, buscando que ning\u00fan adulto mayor que se encontrara en situaci\u00f3n de abandono quedara desprotegido. Por ello implementamos una serie de acciones enfocadas a brindarles atenci\u00f3n integral\u201d, record\u00f3.<\/p>\n\n\n\n<p>Bajo un esquema de coordinaci\u00f3n con la sociedad civil, los Sistemas DIF Municipales, dependencias del Gobierno de Coahuila, los Poderes Legislativo y Judicial, as\u00ed como universidades, empresarios y equipos de beisbol de la Liga Mexicana, se han logrado otorgar m\u00e1s de 328 mil apoyos a las y los beneficiarios de este programa, as\u00ed como m\u00e1s de 101 mil servicios de salud f\u00edsica y emocional, alimentaci\u00f3n, orientaci\u00f3n jur\u00eddica, visitas de seguimiento y actividades recreativas, apunt\u00f3.<\/p>\n\n\n\n<p>\u201cY algo muy importante: las y los colaboradores de DIF Coahuila, los j\u00f3venes de universidades que participan en este programa, personal de los Sistemas DIF Municipales y de los asilos adheridos a nuestro programa, les han dado cari\u00f1o y atenci\u00f3n a las personas que llegamos a apoyar. Eso los hace sentir que no est\u00e1n solos, que son importantes para nosotros y que cuentan siempre con nuestra mano amiga\u201d, resalt\u00f3.<\/p>\n\n\n\n<p>Aunado a ese programa, record\u00f3, DIF Coahuila opera los Centros Comunitarios y Comedores de las Personas Adultas Mayores, los Centros de Integrales y de Inclusi\u00f3n Social, el programa Bienestar Integral del Adulto Mayor y el Programa Adulto Mayor en Plenitud, entre otros, que buscan apoyar a este grupo poblacional para mejorar su calidad de vida.<\/p>\n\n\n\n<p>Gracias a estas acciones, las y los adultos mayores reciben apoyos alimentarios, de salud, capacitaciones, actividades culturales, deportivas y de esparcimiento, as\u00ed como un apoyo para su econom\u00eda familiar.<\/p>\n\n\n\n<p>Marcela Gorg\u00f3n record\u00f3 que durante el mes de agosto se han llevado a cabo 120 eventos en toda la entidad para celebrar a las y los abuelos coahuilenses.<\/p>\n\n\n\n<p>Finalmente, agradeci\u00f3 el apoyo que el Gobierno de Coahuila, los ayuntamientos, universidades, empresarios y organismos de la sociedad civil han brindado al DIF Estatal para esta causa, y reiter\u00f3 que hasta el \u00faltimo d\u00eda de la Administraci\u00f3n se trabajar\u00e1 para que las personas adultas mayores disfruten a plenitud esta bella etapa de sus vidas.<\/p>\n","protected":false},"excerpt":{"rendered":"<p>\u00b7&nbsp;&nbsp;&nbsp;&nbsp;&nbsp;&nbsp;&nbsp;Gracias a AMA, se han brindado m\u00e1s de 328 mil apoyos y 101 mil servicios a las personas adultas mayores en situaci\u00f3n de abandono. Torre\u00f3n, Coahuila de Zaragoza; a 27 de Agosto de 2023.- Ante la celebraci\u00f3n del D\u00eda del Abuelo este 28 de agosto, la Presidenta Honoraria de DIF Coahuila, Marcela Gorg\u00f3n Carrillo, se\u00f1al\u00f3 que uno de los legados que dejar\u00e1 su gesti\u00f3n ser\u00e1 el trabajo intenso a favor&#8230;<\/p>\n","protected":false},"author":1,"featured_media":16833,"comment_status":"closed","ping_status":"closed","sticky":false,"template":"","format":"standard","meta":{"footnotes":""},"categories":[5,26,15],"tags":[],"class_list":["post-16832","post","type-post","status-publish","format-standard","has-post-thumbnail","hentry","category-coahuila","category-dif","category-gobierno-de-coahuila","wpcat-5-id","wpcat-26-id","wpcat-15-id"],"_links":{"self":[{"href":"https:\/\/www.aquilaguna.com\/index.php\/wp-json\/wp\/v2\/posts\/16832","targetHints":{"allow":["GET"]}}],"collection":[{"href":"https:\/\/www.aquilaguna.com\/index.php\/wp-json\/wp\/v2\/posts"}],"about":[{"href":"https:\/\/www.aquilaguna.com\/index.php\/wp-json\/wp\/v2\/types\/post"}],"author":[{"embeddable":true,"href":"https:\/\/www.aquilaguna.com\/index.php\/wp-json\/wp\/v2\/users\/1"}],"replies":[{"embeddable":true,"href":"https:\/\/www.aquilaguna.com\/index.php\/wp-json\/wp\/v2\/comments?post=16832"}],"version-history":[{"count":1,"href":"https:\/\/www.aquilaguna.com\/index.php\/wp-json\/wp\/v2\/posts\/16832\/revisions"}],"predecessor-version":[{"id":16834,"href":"https:\/\/www.aquilaguna.com\/index.php\/wp-json\/wp\/v2\/posts\/16832\/revisions\/16834"}],"wp:featuredmedia":[{"embeddable":true,"href":"https:\/\/www.aquilaguna.com\/index.php\/wp-json\/wp\/v2\/media\/16833"}],"wp:attachment":[{"href":"https:\/\/www.aquilaguna.com\/index.php\/wp-json\/wp\/v2\/media?parent=16832"}],"wp:term":[{"taxonomy":"category","embeddable":true,"href":"https:\/\/www.aquilaguna.com\/index.php\/wp-json\/wp\/v2\/categories?post=16832"},{"taxonomy":"post_tag","embeddable":true,"href":"https:\/\/www.aquilaguna.com\/index.php\/wp-json\/wp\/v2\/tags?post=16832"}],"curies":[{"name":"wp","href":"https:\/\/api.w.org\/{rel}","templated":true}]}}