{"id":16859,"date":"2023-08-28T19:42:37","date_gmt":"2023-08-29T01:42:37","guid":{"rendered":"https:\/\/www.aquilaguna.com\/?p=16859"},"modified":"2023-08-28T19:42:37","modified_gmt":"2023-08-29T01:42:37","slug":"educacion-que-se-imparte-en-coahuila-tienen-calidad-asegura-secretario-de-educacion-en-el-estado","status":"publish","type":"post","link":"https:\/\/www.aquilaguna.com\/index.php\/2023\/08\/28\/educacion-que-se-imparte-en-coahuila-tienen-calidad-asegura-secretario-de-educacion-en-el-estado\/","title":{"rendered":"Educaci\u00f3n que se imparte en Coahuila tienen calidad, asegura Secretario de Educaci\u00f3n en el Estado."},"content":{"rendered":"\n<p>Torre\u00f3n, Coahuila.- El Secretario de Educaci\u00f3n P\u00fablica en el Estado, Licenciado Francisco Saracho Navarro\u00a0 asegura que en este Estado,\u00a0 la educaci\u00f3n p\u00fablica que se imparte, tiene\u00a0 calidad, m\u00e1s all\u00e1 de las diferencias que\u00a0 se sostienen\u00a0 por ahora entre la administraci\u00f3n\u00a0 estatal y\u00a0 el Gobierno Federal, en torno a los contenidos de los Libros de Texto, que seguir\u00e1n, por ahora, de\u00a0 distribuci\u00f3n alguna,\u00a0 sujeto como est\u00e1 el tema a una decisi\u00f3n de orden judicial,\u00a0 dando a conocer que tales herramientas corresponder\u00e1n a las utilizadas \u00a0 el a\u00f1o anterior.<\/p>\n\n\n\n<p>Los\u00a0 padres de familia, afirm\u00f3 el funcionario, &#8220;deben de tener\u00a0 la seguridad de que sus hijos van a recibir\u00a0 una educaci\u00f3n de calidad&#8221;.<\/p>\n\n\n\n<p>&#8220;Los maestros y maestras abordar\u00e1n los Planes y Programas, y los libros&#8221;, \u00a0 dijo, &#8220;son solo herramientas\u00a0 de apoyo, pero el maestro va sobre planes y programas&#8221;.\u00a0<\/p>\n\n\n\n<p>Como aqu\u00ed, explic\u00f3, &#8220;se\u00a0 elaboraron\u00a0 los libros primero\u00a0 y posteriormente se hicieron los Programas, muchos de los cuales\u00a0 no est\u00e1n adoptados a los libros, quiz\u00e1s ahora\u00a0 los quieran adoptar a los libros\u00a0 al programa y no el programa a los libros&#8221;.\u00a0<\/p>\n\n\n\n<p>Inform\u00f3 luego de las cifras que involucran que m\u00e1s de un mill\u00f3n de ni\u00f1os\u00a0 y adolescentes\u00a0 hayan iniciado este d\u00eda un nuevo ciclo escolar en los niveles de educaci\u00f3n preescolar, primaria, media y superior, agregando que, &#8220;seguir\u00e1n adelante las obras de infraestructura educativa incluyendo en estos, la construcci\u00f3n de una nueva escuela primaria en la Colonia San Agust\u00edn, con una inversi\u00f3n de 7.3 millones de pesos y \u00a0 una secundaria en la Colonia Amistad\u00a0 con casi 10 millones de pesos\u00a0 adem\u00e1s de 50 millones de pesos se adquiri\u00f3 mobiliario escolar&#8221;.<\/p>\n\n\n\n<p>Agreg\u00f3 que\u00a0 ser\u00e1 el pr\u00f3ximo\u00a0 mi\u00e9rcoles desde Piedras Negras,\u00a0 en la escuela 16 de octubre, har\u00e1 entrega de zapatos y uniformes,\u00a0a 96 mil\u00a0 ni\u00f1os y ni\u00f1as y el pr\u00f3ximo jueves el Gobernador \u00a0dar\u00e1 inicio al ciclo escolar en las Escuelas Normales en la Ciudad de Saltillo.\u00a0<\/p>\n\n\n\n<p><strong>RUTA LEGAL.<\/strong>\u00a0<\/p>\n\n\n\n<p>Enseguida el funcionario se refiri\u00f3 al tema que domina\u00a0 el escenario educativo\u00a0 en este Estado, es decir, de los Libros de Texto diciendo que, &#8220;la Consejer\u00eda\u00a0 Jur\u00eddica del Gobierno\u00a0 del Estado\u00a0 fue notificada por el Ministro ponente que hab\u00eda\u00a0 dado entrado bajo la controversia constitucional\u00a0 412\/2023 que fue interpuesta por el Gobierno del Estado en donde suspende la distribuci\u00f3n de los libros de texto ya que ni la Secretar\u00eda de Educaci\u00f3n P\u00fablica ni la CONILITEC, cumplieron con los procedimientos legales\u00a0 para la realizaci\u00f3n de los libros&#8221;.\u00a0\u00a0<\/p>\n\n\n\n<p>De ah\u00ed que, dijo, &#8220;con fundamento en esta controversia que es un Poder aut\u00f3nomo determin\u00f3 la no\u00a0 entrega de los libros de texto. Adem\u00e1s&#8221;, dijo, &#8220;est\u00e1 el Juicio de Amparo 184\/2023 en donde muy claramente se dice\u00a0 tal resoluci\u00f3n, que es Inconstitucional \u00a0 el procedimiento y\u00a0 aplicaci\u00f3n de los programas&#8221;.\u00a0\u00a0<\/p>\n\n\n\n<p>&#8220;Y aqu\u00ed\u00a0 viene lo m\u00e1s importante&#8221;, dijo el Secretario Saracho, &#8220;por lo que se\u00a0 aprueba el\u00a0 uso de los textos del ciclo anterior&#8221;.\u00a0\u00a0<\/p>\n\n\n\n<p>&#8220;Hemos solicitado los textos del ciclo anterior como lo dispone\u00a0 la anterior decisi\u00f3n judicial, y el mismo dia la SEP responde\u00a0 no ser posible entregar los libros del ciclo anterior y me llegaron los libros nuevos, los del 23\u00a0 y que si los quiero entregar, pues que los entregue y sin no, pues no&#8221;.<\/p>\n\n\n\n<p>Con lo anterior, dijo el funcionario, &#8220;es que\u00a0 no se trate de que\u00a0 se entreguen\u00a0 o no, es una Resoluci\u00f3n y una controversia constitucional que me dice, no los entregues&#8221;.<\/p>\n\n\n\n<p>&#8220;Volvimos por segunda ocasi\u00f3n el\u00a0 viernes pasado a\u00a0 enviar otro oficio a la SEP solicit\u00e1ndoles\u00a0 otra vez, los libros de texto del a\u00f1o anterior\u00a0 y el d\u00eda de hoy tengo la respuesta negativa&#8221;.\u00a0\u00a0<\/p>\n\n\n\n<p>&#8220;Y nuevamente, este dia por tercera ocasi\u00f3n\u00a0 voy a solicitar que se me env\u00eden los libros de texto\u00a0 del ciclo inmediato anterior, porque ellos, no est\u00e1n\u00a0 respetando las decisiones de la Suprema Corte de Justicia&#8221;.\u00a0\u00a0<\/p>\n\n\n\n<p>Anticip\u00f3 el Licenciado Saracho Navarro\u00a0 que, &#8220;esta Resoluci\u00f3n puede durar \u00a0 hasta siete u ocho meses\u00a0 y alcanzar incluso en procedimiento\u00a0 hasta la Suprema\u00a0 Corte de Justicia, de ah\u00ed&#8221;, sentenci\u00f3, &#8220;que el camino, ser\u00e1 largo&#8221;.\u00a0<\/p>\n\n\n\n<p>Seguiremos insistiendo, &#8220;en tanto estamos capacitando a los maestros, estamos en per\u00edodo de adaptaci\u00f3n\u00a0 y trabajamos en colaboraci\u00f3n de escuela familia y entregamos cajas de materiales entre padres&#8221;.<\/p>\n","protected":false},"excerpt":{"rendered":"<p>Torre\u00f3n, Coahuila.- El Secretario de Educaci\u00f3n P\u00fablica en el Estado, Licenciado Francisco Saracho Navarro\u00a0 asegura que en este Estado,\u00a0 la educaci\u00f3n p\u00fablica que se imparte, tiene\u00a0 calidad, m\u00e1s all\u00e1 de las diferencias que\u00a0 se sostienen\u00a0 por ahora entre la administraci\u00f3n\u00a0 estatal y\u00a0 el Gobierno Federal, en torno a los contenidos de los Libros de Texto, que seguir\u00e1n, por ahora, de\u00a0 distribuci\u00f3n alguna,\u00a0 sujeto como est\u00e1 el tema a una decisi\u00f3n&#8230;<\/p>\n","protected":false},"author":2,"featured_media":0,"comment_status":"closed","ping_status":"","sticky":false,"template":"","format":"standard","meta":{"footnotes":""},"categories":[5,9,15],"tags":[],"class_list":["post-16859","post","type-post","status-publish","format-standard","hentry","category-coahuila","category-educacion","category-gobierno-de-coahuila","wpcat-5-id","wpcat-9-id","wpcat-15-id"],"_links":{"self":[{"href":"https:\/\/www.aquilaguna.com\/index.php\/wp-json\/wp\/v2\/posts\/16859","targetHints":{"allow":["GET"]}}],"collection":[{"href":"https:\/\/www.aquilaguna.com\/index.php\/wp-json\/wp\/v2\/posts"}],"about":[{"href":"https:\/\/www.aquilaguna.com\/index.php\/wp-json\/wp\/v2\/types\/post"}],"author":[{"embeddable":true,"href":"https:\/\/www.aquilaguna.com\/index.php\/wp-json\/wp\/v2\/users\/2"}],"replies":[{"embeddable":true,"href":"https:\/\/www.aquilaguna.com\/index.php\/wp-json\/wp\/v2\/comments?post=16859"}],"version-history":[{"count":1,"href":"https:\/\/www.aquilaguna.com\/index.php\/wp-json\/wp\/v2\/posts\/16859\/revisions"}],"predecessor-version":[{"id":16860,"href":"https:\/\/www.aquilaguna.com\/index.php\/wp-json\/wp\/v2\/posts\/16859\/revisions\/16860"}],"wp:attachment":[{"href":"https:\/\/www.aquilaguna.com\/index.php\/wp-json\/wp\/v2\/media?parent=16859"}],"wp:term":[{"taxonomy":"category","embeddable":true,"href":"https:\/\/www.aquilaguna.com\/index.php\/wp-json\/wp\/v2\/categories?post=16859"},{"taxonomy":"post_tag","embeddable":true,"href":"https:\/\/www.aquilaguna.com\/index.php\/wp-json\/wp\/v2\/tags?post=16859"}],"curies":[{"name":"wp","href":"https:\/\/api.w.org\/{rel}","templated":true}]}}