{"id":16861,"date":"2023-08-28T19:47:20","date_gmt":"2023-08-29T01:47:20","guid":{"rendered":"https:\/\/www.aquilaguna.com\/?p=16861"},"modified":"2023-08-28T19:47:20","modified_gmt":"2023-08-29T01:47:20","slug":"inicia-ciclo-escolar-2023-2024-en-coahuila","status":"publish","type":"post","link":"https:\/\/www.aquilaguna.com\/index.php\/2023\/08\/28\/inicia-ciclo-escolar-2023-2024-en-coahuila\/","title":{"rendered":"Inicia ciclo escolar 2023\/2024 en Coahuila."},"content":{"rendered":"\n<p>Torre\u00f3n, Coahuila.- En\u00a0ceremonia formal, esta ma\u00f1ana,\u00a0 bajo la techumbre de la Escuela Primaria Lol\u00f3 Vigat\u00e1 de M\u00e9ndez P\u00e9rez,\u00a0 Coahuila dio inicio\u00a0 al ciclo escolar 2023\/2024, sin que el diferendo\u00a0 que registra en esto\u00a0 la Secretar\u00eda de Educaci\u00f3n P\u00fablica Federal\u00a0 y la presente administraci\u00f3n estatal\u00a0 generada por el tema que corresponde al rechazo a que los nuevos libros de texto sean distribuidos en las escuelas\u00a0 de Coahuila, y que ha generado recursos judiciales para impedirlo, y hasta acciones a cargo de grupos de padres de familia hayan perturbado\u00a0 el acto en cuesti\u00f3n.<\/p>\n\n\n\n<p>El evento, que fuera presidido por el Gobernador Miguel\u00a0 Angel Riquelme Solis, acompa\u00f1ado del Secretario de Educaci\u00f3n P\u00fablica Estatal Licenciado Francisco Saracho Navarro, los titulares del Poder Judicial y Legislativo, as\u00ed como a varios miembros de este \u00faltimo,\u00a0 incluy\u00f3 la presencia de los tres dirigentes de las\u00a0 Delegaciones 5, 38 y 35 del\u00a0 Sindicato Nacional de Trabajadores de la Educaci\u00f3n que los representan.<\/p>\n\n\n\n<p>Contra lo esperado\u00a0 en este evento que cont\u00f3 tambi\u00e9n con la asistencia de funcionarios estatales y municipales, as\u00ed como padres de familia, qued\u00f3 exento de  confrontaci\u00f3n alguna, sirviendo de marco para hacer la simb\u00f3lica entrega de 550 mil paquetes de \u00fatiles escolares \u00a0 y anunciar la inversi\u00f3n de 50 millones de pesos para atender \u00a0 deficiencias en la infraestructura escolar en algunos planteles, anuncio a cargo del titular de la Secretar\u00eda de Educaci\u00f3n en Coahuila, licenciado Saracho Navarro.<\/p>\n\n\n\n<p>\u00a0As\u00ed mismo, en este acto,\u00a0 no tuvieron participaci\u00f3n alguna, las representaciones sindicales ah\u00ed presentes, correspondiendo los agradecimientos correspondientes a cargo de alumnos en representaci\u00f3n de todos los educandos en \u00e9ste Estado y cerr\u00f3 con\u00a0 breve alocuci\u00f3n \u00a0 el Gobernador Miguel\u00a0 Angel Riquelme Solis,\u00a0 quien hizo p\u00fablico su agradecimiento al apoyo que a su gobierno le han proporcionado los maestros en Coahuila.<\/p>\n\n\n\n<p>Hizo este \u00e9nfasis,\u00a0 los dif\u00edciles retos que represent\u00f3\u00a0 la prestaci\u00f3n del importante servicio\u00a0 durante la pandemia que azot\u00f3 al mundo, justificando que el litigio controversia que Coahuila hoy sostiene\u00a0 contra la Federaci\u00f3n es un acci\u00f3n que los padre de familia\u00a0 est\u00e1n exigiendo.<\/p>\n","protected":false},"excerpt":{"rendered":"<p>Torre\u00f3n, Coahuila.- En\u00a0ceremonia formal, esta ma\u00f1ana,\u00a0 bajo la techumbre de la Escuela Primaria Lol\u00f3 Vigat\u00e1 de M\u00e9ndez P\u00e9rez,\u00a0 Coahuila dio inicio\u00a0 al ciclo escolar 2023\/2024, sin que el diferendo\u00a0 que registra en esto\u00a0 la Secretar\u00eda de Educaci\u00f3n P\u00fablica Federal\u00a0 y la presente administraci\u00f3n estatal\u00a0 generada por el tema que corresponde al rechazo a que los nuevos libros de texto sean distribuidos en las escuelas\u00a0 de Coahuila, y que ha generado&#8230;<\/p>\n","protected":false},"author":2,"featured_media":0,"comment_status":"closed","ping_status":"","sticky":false,"template":"","format":"standard","meta":{"footnotes":""},"categories":[5,9,15],"tags":[],"class_list":["post-16861","post","type-post","status-publish","format-standard","hentry","category-coahuila","category-educacion","category-gobierno-de-coahuila","wpcat-5-id","wpcat-9-id","wpcat-15-id"],"_links":{"self":[{"href":"https:\/\/www.aquilaguna.com\/index.php\/wp-json\/wp\/v2\/posts\/16861","targetHints":{"allow":["GET"]}}],"collection":[{"href":"https:\/\/www.aquilaguna.com\/index.php\/wp-json\/wp\/v2\/posts"}],"about":[{"href":"https:\/\/www.aquilaguna.com\/index.php\/wp-json\/wp\/v2\/types\/post"}],"author":[{"embeddable":true,"href":"https:\/\/www.aquilaguna.com\/index.php\/wp-json\/wp\/v2\/users\/2"}],"replies":[{"embeddable":true,"href":"https:\/\/www.aquilaguna.com\/index.php\/wp-json\/wp\/v2\/comments?post=16861"}],"version-history":[{"count":1,"href":"https:\/\/www.aquilaguna.com\/index.php\/wp-json\/wp\/v2\/posts\/16861\/revisions"}],"predecessor-version":[{"id":16862,"href":"https:\/\/www.aquilaguna.com\/index.php\/wp-json\/wp\/v2\/posts\/16861\/revisions\/16862"}],"wp:attachment":[{"href":"https:\/\/www.aquilaguna.com\/index.php\/wp-json\/wp\/v2\/media?parent=16861"}],"wp:term":[{"taxonomy":"category","embeddable":true,"href":"https:\/\/www.aquilaguna.com\/index.php\/wp-json\/wp\/v2\/categories?post=16861"},{"taxonomy":"post_tag","embeddable":true,"href":"https:\/\/www.aquilaguna.com\/index.php\/wp-json\/wp\/v2\/tags?post=16861"}],"curies":[{"name":"wp","href":"https:\/\/api.w.org\/{rel}","templated":true}]}}