{"id":16926,"date":"2023-09-01T20:39:47","date_gmt":"2023-09-02T02:39:47","guid":{"rendered":"https:\/\/www.aquilaguna.com\/?p=16926"},"modified":"2023-09-01T20:39:47","modified_gmt":"2023-09-02T02:39:47","slug":"roman-alberto-cepeda-gonzalez-preside-ceremonia-de-izamiento-de-bandera","status":"publish","type":"post","link":"https:\/\/www.aquilaguna.com\/index.php\/2023\/09\/01\/roman-alberto-cepeda-gonzalez-preside-ceremonia-de-izamiento-de-bandera\/","title":{"rendered":"Rom\u00e1n Alberto Cepeda Gonz\u00e1lez preside ceremonia de izamiento de bandera."},"content":{"rendered":"\n<p>Torre\u00f3n, Coahuila. A 01 de septiembre de 2023.<\/p>\n\n\n\n<p>\u00a0El alcalde de Torre\u00f3n, Rom\u00e1n Alberto Cepeda Gonz\u00e1lez, presidi\u00f3 la ceremonia de<br>Izamiento de la Bandera Nacional, en la explanada de la Plaza Mayor,<br>acompa\u00f1ado de autoridades civiles y militares en el marco de las fiestas patrias<br>por la Independencia de M\u00e9xico y del 116 aniversario de la ciudad.<br>\u00a0<br>En la ceremonia se ofrecieron palabras alusivas y lectura del bando solemne de la<br>ciudad.<br>\u00a0<br>El presidente municipal dio lectura al Decreto 1029, mediante el que se erige la<br>ciudad de Torre\u00f3n, Coahuila.<br>\u00a0<br>\u201cSe erige en ciudad, con la denominaci\u00f3n de Torre\u00f3n, la villa de este nombre, del<br>distrito de Viesca\u201d, indica el documento hist\u00f3rico en su art\u00edculo primero.<br>\u00a0<br>En su art\u00edculo segundo se\u00f1ala \u201cLa promulgaci\u00f3n de este decreto tendr\u00e1 lugar el<br>d\u00eda 15 de septiembre pr\u00f3ximo\u201d.<br>\u00a0<br>El Mayor de Infanter\u00eda, Galo Ibarra Nieto, ofreci\u00f3 las palabras alusivas a la<br>ceremonia, indic\u00f3 que en este d\u00eda se rinden los honores a la Bandera Nacional, y<br>el acto se enmarca en el 213 aniversario de la lucha de Independencia.<br>\u00a0<br>Destac\u00f3 que el pr\u00f3ximo 11 de octubre de 2023, se cumplir\u00e1n 200 a\u00f1os de la<br>creaci\u00f3n del Heroico Colegio Militar.<br>\u00a0<br>En su intervenci\u00f3n hizo alusi\u00f3n a la Gesta Heroica de Chapultepec, citando a los<br>Ni\u00f1os H\u00e9roes: Fernando Montes de Oca, Francisco M\u00e1rquez, Vicente Su\u00e1rez,<br>Juan Escutia, Agust\u00edn Melgar y el teniente Juan de la Barrera, quienes entregaron<br>sus vidas en defensa de la patria.<br>\u00a0<br>En la ceremonia fue entonado el Himno del Heroico Colegio Militar.<br>Posteriormente el primer regidor Luis Jorge Cuerda Serna, procedi\u00f3 a la lectura<br>del Bando Solemne de la ciudad de Torre\u00f3n, Coahuila.<br>\u00a0<br>Acudieron a la ceremonia el General de Divisi\u00f3n Diplomado de Estado Mayor,<br>Eufemio Alberto Ibarra Flores, comandante de la XI Regi\u00f3n Militar; Natalia<br>Guadalupe Fern\u00e1ndez Mart\u00ednez, Secretaria del Ayuntamiento; David Flores<br>Lavenant, representante del Gobernador de Coahuila; comisario de la Guardia<br>Nacional, Jos\u00e9 Luis Sedano Ram\u00edrez, coordinador estatal de la Guardia Nacional<br>en Coahuila; General Brigadier Diplomado de Estado Mayor, H\u00e9ctor Jim\u00e9nez<\/p>\n\n\n\n<p>B\u00e1ez, comandante del Mando Especial de la Laguna y el Coronel de Infanter\u00eda,<br>Diplomado de Estado Mayor, El\u00edas Alejandro Palomares Villegas, comandante del<br>33 Batall\u00f3n de Infanter\u00eda.<\/p>\n","protected":false},"excerpt":{"rendered":"<p>Torre\u00f3n, Coahuila. A 01 de septiembre de 2023. \u00a0El alcalde de Torre\u00f3n, Rom\u00e1n Alberto Cepeda Gonz\u00e1lez, presidi\u00f3 la ceremonia deIzamiento de la Bandera Nacional, en la explanada de la Plaza Mayor,acompa\u00f1ado de autoridades civiles y militares en el marco de las fiestas patriaspor la Independencia de M\u00e9xico y del 116 aniversario de la ciudad.\u00a0En la ceremonia se ofrecieron palabras alusivas y lectura del bando solemne de laciudad.\u00a0El presidente municipal dio&#8230;<\/p>\n","protected":false},"author":1,"featured_media":16927,"comment_status":"closed","ping_status":"closed","sticky":false,"template":"","format":"standard","meta":{"footnotes":""},"categories":[5,28,7],"tags":[],"class_list":["post-16926","post","type-post","status-publish","format-standard","has-post-thumbnail","hentry","category-coahuila","category-la-laguna","category-torreon","wpcat-5-id","wpcat-28-id","wpcat-7-id"],"_links":{"self":[{"href":"https:\/\/www.aquilaguna.com\/index.php\/wp-json\/wp\/v2\/posts\/16926","targetHints":{"allow":["GET"]}}],"collection":[{"href":"https:\/\/www.aquilaguna.com\/index.php\/wp-json\/wp\/v2\/posts"}],"about":[{"href":"https:\/\/www.aquilaguna.com\/index.php\/wp-json\/wp\/v2\/types\/post"}],"author":[{"embeddable":true,"href":"https:\/\/www.aquilaguna.com\/index.php\/wp-json\/wp\/v2\/users\/1"}],"replies":[{"embeddable":true,"href":"https:\/\/www.aquilaguna.com\/index.php\/wp-json\/wp\/v2\/comments?post=16926"}],"version-history":[{"count":1,"href":"https:\/\/www.aquilaguna.com\/index.php\/wp-json\/wp\/v2\/posts\/16926\/revisions"}],"predecessor-version":[{"id":16928,"href":"https:\/\/www.aquilaguna.com\/index.php\/wp-json\/wp\/v2\/posts\/16926\/revisions\/16928"}],"wp:featuredmedia":[{"embeddable":true,"href":"https:\/\/www.aquilaguna.com\/index.php\/wp-json\/wp\/v2\/media\/16927"}],"wp:attachment":[{"href":"https:\/\/www.aquilaguna.com\/index.php\/wp-json\/wp\/v2\/media?parent=16926"}],"wp:term":[{"taxonomy":"category","embeddable":true,"href":"https:\/\/www.aquilaguna.com\/index.php\/wp-json\/wp\/v2\/categories?post=16926"},{"taxonomy":"post_tag","embeddable":true,"href":"https:\/\/www.aquilaguna.com\/index.php\/wp-json\/wp\/v2\/tags?post=16926"}],"curies":[{"name":"wp","href":"https:\/\/api.w.org\/{rel}","templated":true}]}}