{"id":16955,"date":"2023-09-04T19:36:48","date_gmt":"2023-09-05T01:36:48","guid":{"rendered":"https:\/\/www.aquilaguna.com\/?p=16955"},"modified":"2023-09-04T19:36:48","modified_gmt":"2023-09-05T01:36:48","slug":"colocan-primera-piedra-del-parque-industrial-amistad-laguna","status":"publish","type":"post","link":"https:\/\/www.aquilaguna.com\/index.php\/2023\/09\/04\/colocan-primera-piedra-del-parque-industrial-amistad-laguna\/","title":{"rendered":"Colocan primera piedra del Parque Industrial Amistad Laguna."},"content":{"rendered":"\n<p>\u00a0Torre\u00f3n, Coahuila. A 04 de septiembre de 2023.<\/p>\n\n\n\n<p>\u00a0El alcalde Rom\u00e1n Alberto Cepeda Gonz\u00e1lez acompa\u00f1\u00f3 al gobernador Miguel<br>\u00c1ngel Riquelme Sol\u00eds, a colocar la primera piedra del Parque Industrial Amistad<br>Laguna que tendr\u00e1 una inversi\u00f3n de 80 millones de d\u00f3lares y se ubicar\u00e1 en<br>Matamoros, Coahuila.<\/p>\n\n\n\n<p>El presidente municipal coment\u00f3 que el trabajo coordinado y la visi\u00f3n de La<br>Laguna 2040 agrupa a toda la Zona Metropolitana.<br>\u00a0<br>\u201cEl primer bien p\u00fablico de Coahuila, as\u00ed como el de Torre\u00f3n, es la seguridad<br>p\u00fablica, y como consecuencia desarrollo econ\u00f3mico, atracci\u00f3n de inversiones,<br>hospedaje industrial y buena coordinaci\u00f3n\u201d, coment\u00f3.<br>\u00a0<br>Dijo que a cualquier orden de Gobierno le corresponde generar certeza,<br>credibilidad y confianza, para que lleguen las empresas.<br>\u00a0<br>\u201cEsta inversi\u00f3n tiene que ver con el presente y con el futuro de La Laguna, de<br>Torre\u00f3n, de Matamoros y de una nueva actividad empresarial que le dar\u00e1 a<br>nuestros municipios una nueva visi\u00f3n\u201d, coment\u00f3.<br>\u00a0<br>Miguel \u00c1ngel Riquelme Sol\u00eds, gobernador de Coahuila, dijo que garantizar el<br>estado de derecho, significa certidumbre para los inversionistas que llegan al<br>estado.<br>\u00a0<br>\u201cAgradezco este gran proyecto, conozco a las familias, s\u00e9 perfectamente que es<br>gente que le apuesta a su tierra, este proyecto nos va a dar un impulso para elevar<br>nuestra competitividad\u201d, expres\u00f3 Riquelme Sol\u00eds.<br>\u00a0<br>\u201cEstar unidos con fortaleza y coordinaci\u00f3n entre todos los sectores de la sociedad<br>es lo que nos va a llevar a tener los resultados que hoy tenemos, a la Comarca<br>Lagunera muchas felicidades\u201d, finaliz\u00f3 el mandatario estatal.<br>\u00a0<br>Miguel \u00c1ngel Ram\u00edrez L\u00f3pez, alcalde de Matamoros, Coahuila, agradeci\u00f3 a la<br>familia Ram\u00f3n por confiar en el municipio para invertir, al igual que reconoci\u00f3 el<br>apoyo brindado por el gobernador Miguel \u00c1ngel Riquelme Sol\u00eds, y habl\u00f3 sobre el<br>trabajo coordinado con el municipio de Torre\u00f3n.<br>\u00a0<br>\u201cRom\u00e1n y yo hemos compartido estos proyectos de desarrollo, hoy no podemos<br>centralizar las inversiones en un solo territorio, hoy es un d\u00eda de fiesta para La<br>Laguna en general, porque todos los beneficios que va a traer este parque y las<\/p>\n\n\n\n<p>empresas que van a llegar a este municipio, ser\u00e1n en beneficio de todos los<br>laguneros, no nada m\u00e1s de Matamoros\u201d, expres\u00f3.<br>&nbsp;<br>Dijo que Matamoros ofrece a los inversionistas un marco jur\u00eddico fuerte, finanzas<br>sanas y un Plan Rector de Desarrollo.<br>&nbsp;<br>Claudio Bress Garza, Secretario de Econom\u00eda, dijo que se trata de una inversi\u00f3n<br>sin precedentes en La Laguna.<br>&nbsp;<br>\u201cVa a representar un cambio durante muchos a\u00f1os, hablar de 262 hect\u00e1reas para<br>el desarrollo econ\u00f3mico, especialmente en lo m\u00e1s preciado en este pa\u00eds, que es la<br>energ\u00eda el\u00e9ctrica no tiene precedente\u201d, coment\u00f3.<br>&nbsp;<br>Jes\u00fas Mar\u00eda Ram\u00f3n, presidente de Constructora Amistad, dijo que se trata de un<br>proyecto importante para la regi\u00f3n, de 262 hect\u00e1reas.<br>&nbsp;<br>\u201cVamos a tratar de trabajar lo m\u00e1s que se pueda con la gente local, constructores<br>y proveedores de aqu\u00ed, para hacer un parque de primer mundo, estamos seguros<br>de que habr\u00e1 una derrama econ\u00f3mica importante\u201d, expres\u00f3.<br>&nbsp;<br>Acudieron al evento Miguel Felipe Mery Ayup, magistrado presidente del Tribunal<br>Superior de Justicia del Estado; Ver\u00f3nica Mart\u00ednez Garc\u00eda, Senadora de la<br>Rep\u00fablica; Marco Ram\u00f3n, presidente de Parques Industriales Amistad; Jos\u00e9<br>Antonio Guti\u00e9rrez Jard\u00f3n, Diputado Federal; Claudio Ram\u00f3n, presidente de<br>Amistad Global Developement; Ra\u00fal Onofre Contreras, Diputado Local; Jaime<br>Russek Fern\u00e1ndez, empresario y Antonio Hern\u00e1ndez Nafarrete, empresario.<\/p>\n","protected":false},"excerpt":{"rendered":"<p>\u00a0Torre\u00f3n, Coahuila. A 04 de septiembre de 2023. \u00a0El alcalde Rom\u00e1n Alberto Cepeda Gonz\u00e1lez acompa\u00f1\u00f3 al gobernador Miguel\u00c1ngel Riquelme Sol\u00eds, a colocar la primera piedra del Parque Industrial AmistadLaguna que tendr\u00e1 una inversi\u00f3n de 80 millones de d\u00f3lares y se ubicar\u00e1 enMatamoros, Coahuila. El presidente municipal coment\u00f3 que el trabajo coordinado y la visi\u00f3n de LaLaguna 2040 agrupa a toda la Zona Metropolitana.\u00a0\u201cEl primer bien p\u00fablico de Coahuila, as\u00ed como&#8230;<\/p>\n","protected":false},"author":1,"featured_media":16956,"comment_status":"closed","ping_status":"closed","sticky":false,"template":"","format":"standard","meta":{"footnotes":""},"categories":[5,28,7],"tags":[],"class_list":["post-16955","post","type-post","status-publish","format-standard","has-post-thumbnail","hentry","category-coahuila","category-la-laguna","category-torreon","wpcat-5-id","wpcat-28-id","wpcat-7-id"],"_links":{"self":[{"href":"https:\/\/www.aquilaguna.com\/index.php\/wp-json\/wp\/v2\/posts\/16955","targetHints":{"allow":["GET"]}}],"collection":[{"href":"https:\/\/www.aquilaguna.com\/index.php\/wp-json\/wp\/v2\/posts"}],"about":[{"href":"https:\/\/www.aquilaguna.com\/index.php\/wp-json\/wp\/v2\/types\/post"}],"author":[{"embeddable":true,"href":"https:\/\/www.aquilaguna.com\/index.php\/wp-json\/wp\/v2\/users\/1"}],"replies":[{"embeddable":true,"href":"https:\/\/www.aquilaguna.com\/index.php\/wp-json\/wp\/v2\/comments?post=16955"}],"version-history":[{"count":1,"href":"https:\/\/www.aquilaguna.com\/index.php\/wp-json\/wp\/v2\/posts\/16955\/revisions"}],"predecessor-version":[{"id":16957,"href":"https:\/\/www.aquilaguna.com\/index.php\/wp-json\/wp\/v2\/posts\/16955\/revisions\/16957"}],"wp:featuredmedia":[{"embeddable":true,"href":"https:\/\/www.aquilaguna.com\/index.php\/wp-json\/wp\/v2\/media\/16956"}],"wp:attachment":[{"href":"https:\/\/www.aquilaguna.com\/index.php\/wp-json\/wp\/v2\/media?parent=16955"}],"wp:term":[{"taxonomy":"category","embeddable":true,"href":"https:\/\/www.aquilaguna.com\/index.php\/wp-json\/wp\/v2\/categories?post=16955"},{"taxonomy":"post_tag","embeddable":true,"href":"https:\/\/www.aquilaguna.com\/index.php\/wp-json\/wp\/v2\/tags?post=16955"}],"curies":[{"name":"wp","href":"https:\/\/api.w.org\/{rel}","templated":true}]}}