{"id":16966,"date":"2023-09-04T19:44:36","date_gmt":"2023-09-05T01:44:36","guid":{"rendered":"https:\/\/www.aquilaguna.com\/?p=16966"},"modified":"2023-09-04T19:44:36","modified_gmt":"2023-09-05T01:44:36","slug":"el-proximo-fin-de-semana-habra-eventos-para-toda-la-familia-invita-sectur-a-hacer-turismo-en-coahuila","status":"publish","type":"post","link":"https:\/\/www.aquilaguna.com\/index.php\/2023\/09\/04\/el-proximo-fin-de-semana-habra-eventos-para-toda-la-familia-invita-sectur-a-hacer-turismo-en-coahuila\/","title":{"rendered":"EL PR\u00d3XIMO FIN DE SEMANA HABR\u00c1 EVENTOS PARA TODA LA FAMILIA; INVITA SECTUR A HACER TURISMO EN COAHUILA."},"content":{"rendered":"\n<p>Saltillo, Coahuila de Zaragoza; a 4 de Septiembre de 2023.- El pr\u00f3ximo fin de semana habr\u00e1n de llevarse a cabo diferentes eventos tur\u00edsticos para toda la familia, inform\u00f3 la titular de SECTUR estatal, Azucena Ramos Ramos, quien destac\u00f3 que el mes de septiembre inici\u00f3 con \u00e9xito con el Festival de la Paella Saltillo 2023, la Feria de Torre\u00f3n, el XXI Festival Internacional de Motociclismo, la Cabalgata Santo Domingo-Sabinas y conciertos musicales.<\/p>\n\n\n\n<p>\u201cTerminaron las vacaciones de verano con resultados positivos para el turismo, y este mes contin\u00faa el dinamismo en el sector con la realizaci\u00f3n de eventos, que atraer\u00e1n visitantes y dejar\u00e1n una derrama econ\u00f3mica en las regiones\u201d, apunt\u00f3.<\/p>\n\n\n\n<p>Las Fiestas Grandes de Sabinas comienzan este 8 de septiembre y concluir\u00e1n el 17 de septiembre; como parte de las actividades se efectuar\u00e1 la Gran Cabalgata, toda una tradici\u00f3n en este municipio y en la Regi\u00f3n Carbon\u00edfera.<\/p>\n\n\n\n<p>Adem\u00e1s, Sabinas celebrar\u00e1 su 81 Aniversario de ser elevada a ciudad y tendr\u00e1 una ceremonia c\u00edvica especial.<\/p>\n\n\n\n<p>En ese marco de los festejos, se desarrollar\u00e1 la Feriexpo Sabinas 2023, con juegos mec\u00e1nicos, m\u00fasica y conciertos, corredor gastron\u00f3mico, exposici\u00f3n ganadera y otras sorpresas m\u00e1s.<\/p>\n\n\n\n<p>Por otro lado, actualmente se lleva a cabo la Cabalgata Santo Domingo-Sabinas, que sali\u00f3 el pasado 2 de septiembre de esa comunidad de Ramos Arizpe y culminar\u00e1 el 9 de septiembre en Sabinas al sumarse a la Gran Cabalgata.<\/p>\n\n\n\n<p>Torre\u00f3n celebra su tradicional Feria del 1 de septiembre al 10 de octubre, una fiesta para las familias laguneras que podr\u00e1n disfrutar de la presentaci\u00f3n de artistas y grupos musicales, juegos mec\u00e1nicos, \u00e1rea de restaurantes y bebidas, entre otros atractivos.<\/p>\n\n\n\n<p>En Ciudad Acu\u00f1a se realiza el Mitote Folcl\u00f3rico y Festival del Folclor Internacional Acu\u00f1a 2023 \u201cUnidos por la Danza\u201d, del 2 al 17 de septiembre, en diferentes sedes de esta frontera.<\/p>\n\n\n\n<p>Mientras que para el resto del mes se proyecta la celebraci\u00f3n de la Feria de la Manzana, en Arteaga, del 15 al 17 de septiembre; la Cabalgata en General Cepeda, el 15 y 16 de septiembre y el Quinto Festival del Cabrito, en Nadadores, el 17.<\/p>\n\n\n\n<p>La Feria en Ju\u00e1rez ser\u00e1 del 21 al 24 de septiembre; el Rodeo Saltillo, Expogan &amp; Fest 2023, del 22 al 24, y la tradicional Vendimia de bodega Los Cedros en Arteaga, el 30 de septiembre.<\/p>\n\n\n\n<p>\u201cCoahuila es una entidad segura y en paz, estos eventos se disfrutan en una clima de tranquilidad para los asistentes. El gobernador Miguel \u00c1ngel Riquelme Sol\u00eds mantiene un estado con seguridad, resultado del trabajo coordinado y de las acciones en la materia\u201d, finaliz\u00f3 la secretaria de Turismo, Ramos Ramos.<\/p>\n","protected":false},"excerpt":{"rendered":"<p>Saltillo, Coahuila de Zaragoza; a 4 de Septiembre de 2023.- El pr\u00f3ximo fin de semana habr\u00e1n de llevarse a cabo diferentes eventos tur\u00edsticos para toda la familia, inform\u00f3 la titular de SECTUR estatal, Azucena Ramos Ramos, quien destac\u00f3 que el mes de septiembre inici\u00f3 con \u00e9xito con el Festival de la Paella Saltillo 2023, la Feria de Torre\u00f3n, el XXI Festival Internacional de Motociclismo, la Cabalgata Santo Domingo-Sabinas y conciertos&#8230;<\/p>\n","protected":false},"author":1,"featured_media":16967,"comment_status":"closed","ping_status":"closed","sticky":false,"template":"","format":"standard","meta":{"footnotes":""},"categories":[5,15,34],"tags":[],"class_list":["post-16966","post","type-post","status-publish","format-standard","has-post-thumbnail","hentry","category-coahuila","category-gobierno-de-coahuila","category-turismo","wpcat-5-id","wpcat-15-id","wpcat-34-id"],"_links":{"self":[{"href":"https:\/\/www.aquilaguna.com\/index.php\/wp-json\/wp\/v2\/posts\/16966","targetHints":{"allow":["GET"]}}],"collection":[{"href":"https:\/\/www.aquilaguna.com\/index.php\/wp-json\/wp\/v2\/posts"}],"about":[{"href":"https:\/\/www.aquilaguna.com\/index.php\/wp-json\/wp\/v2\/types\/post"}],"author":[{"embeddable":true,"href":"https:\/\/www.aquilaguna.com\/index.php\/wp-json\/wp\/v2\/users\/1"}],"replies":[{"embeddable":true,"href":"https:\/\/www.aquilaguna.com\/index.php\/wp-json\/wp\/v2\/comments?post=16966"}],"version-history":[{"count":1,"href":"https:\/\/www.aquilaguna.com\/index.php\/wp-json\/wp\/v2\/posts\/16966\/revisions"}],"predecessor-version":[{"id":16968,"href":"https:\/\/www.aquilaguna.com\/index.php\/wp-json\/wp\/v2\/posts\/16966\/revisions\/16968"}],"wp:featuredmedia":[{"embeddable":true,"href":"https:\/\/www.aquilaguna.com\/index.php\/wp-json\/wp\/v2\/media\/16967"}],"wp:attachment":[{"href":"https:\/\/www.aquilaguna.com\/index.php\/wp-json\/wp\/v2\/media?parent=16966"}],"wp:term":[{"taxonomy":"category","embeddable":true,"href":"https:\/\/www.aquilaguna.com\/index.php\/wp-json\/wp\/v2\/categories?post=16966"},{"taxonomy":"post_tag","embeddable":true,"href":"https:\/\/www.aquilaguna.com\/index.php\/wp-json\/wp\/v2\/tags?post=16966"}],"curies":[{"name":"wp","href":"https:\/\/api.w.org\/{rel}","templated":true}]}}