{"id":16974,"date":"2023-09-04T20:16:52","date_gmt":"2023-09-05T02:16:52","guid":{"rendered":"https:\/\/www.aquilaguna.com\/?p=16974"},"modified":"2023-09-04T20:16:52","modified_gmt":"2023-09-05T02:16:52","slug":"presentan-nueva-inversion-en-la-laguna","status":"publish","type":"post","link":"https:\/\/www.aquilaguna.com\/index.php\/2023\/09\/04\/presentan-nueva-inversion-en-la-laguna\/","title":{"rendered":"Presentan nueva inversi\u00f3n en La Laguna."},"content":{"rendered":"\n<p>Torre\u00f3n, Coahuila.- Con una inversi\u00f3n esperada de m\u00e1s de 80 millones de d\u00f3lares, y\u00a0 sobre una superficie de 246 hect\u00e1reas ubicadas en\u00a0el municipios de Matamoros, y colindantes con\u00a0 el de Torre\u00f3n \u00a0 fue\u00a0 colocada la primera piedra de un nuevo\u00a0 hospedaje\u00a0 industrial denominado Parque\u00a0 Amistad Laguna, misma que\u00a0 presidi\u00f3 el Gobernador Miguel\u00a0 Angel Riquelme\u00a0 Solis, miembros de las familias Ram\u00f3n Valdes y S\u00e1nchez Russek, con el que con esta obra\u00a0 se espera abastecer de\u00a0 albergue a las industrias que tienen ya contemplados esta regi\u00f3n como destino de inversi\u00f3n y desarrollo.\u00a0<\/p>\n\n\n\n<p>En este acto, celebrado por la ma\u00f1ana, se cont\u00f3 con la presencia de diversos\u00a0 miembros de la clase pol\u00edtica\u00a0 y empresarial, as\u00ed como contingente de \u00a0 funcionarios\u00a0 estatales y municipales concentrados e bajo elegante p\u00e9rgola que los cubri\u00f3 de los candentes rayos del sol.<\/p>\n\n\n\n<p>Correspondi\u00f3 la apertura de este acto al alcalde Miguel Angel Ram\u00edrez L\u00f3pez,\u00a0 quien singulariz\u00f3\u00a0 compartir hoy proyectos de desarrollo con el alcalde su\u00a0 municipio vecino,\u00a0 Rom\u00e1n Alberto Cepeda Gonz\u00e1lez, &#8220;puesto que hoy no se puede singularizar inversiones en un solo territorio&#8221;, que en el caso del municipio a su cargo, le ayude a cambiar su destino econ\u00f3mico, singularizado en estos tiempos por ser solo un productor de mel\u00f3n y sand\u00eda.<\/p>\n\n\n\n<p>Por su parte y durante su intervenci\u00f3n el alcalde de Torre\u00f3n, Licenciado Cepeda Gonz\u00e1lez\u00a0 hizo\u00a0 \u00e9nfasis en la importancia que\u00a0 la concentraci\u00f3n poblaci\u00f3n que registra la Laguna, en\u00a0 zona metropolitana y que alcanza 1.2 millones de habitantes, que demandan\u00a0 m\u00e1s y mejores condiciones de vida.<\/p>\n\n\n\n<p>Por\u00a0 su parte, el Secretario de Desarrollo Claudio Bress\u00a0 afirm\u00f3 que, &#8220;esta inversi\u00f3n de particulares\u00a0 en materia de hospedaje industrial, no tiene precedentes&#8221;, destacando luego las innovaciones con\u00a0la que contar\u00e1 para albergar\u00a0 las inversiones que potencialmente se\u00a0 esperan, de las cuales mencion\u00f3, se esperan en las pr\u00f3ximas semanas por lo menos siete m\u00e1s en esta comarca.<\/p>\n\n\n\n<p>Indic\u00f3 el funcionario que \u00e9ste, es el anuncio n\u00famero 53 que se realiza de enero a la fecha, \u00a0 dando a conocer que la Laguna, cerr\u00f3 la semana pasada \u00a0la creaci\u00f3n de m\u00e1s de 8,624\u00a0 nuevos\u00a0 empleos, esperando alcanzar en este mismo mes \u00a0m\u00e1s de 10,100 empleos \u00a0 a lo largo de este a\u00f1o &#8220;m\u00e1s que once Estados de nuestro pa\u00eds&#8221;, esperando concluir el a\u00f1o en todo el Estado con 35 mil.<\/p>\n\n\n\n<p>En su participaci\u00f3n, que precedi\u00f3 a las palabras que uno de los nuevos inversionistas\u00a0 \u00a0 ofreci\u00f3 a la audiencia ah\u00ed concentrada correspondi\u00f3 al Gobernador Miguel Angel Riquelme Solis no dej\u00f3 de recordar\u00a0 que en su trayectoria \u00a0 fue posible\u00a0 a que las oportunidades que\u00a0 registr\u00f3 en tal periplo, fueron acompa\u00f1adas por la participaci\u00f3n ciudadana.<\/p>\n\n\n\n<p>&#8220;As\u00ed todos pudimos construir lo que hoy tenemos aqu\u00ed en la comarca lagunera. Posteriormente \u00a0 fueron muchas las demandas del sector empresarial, que incluso&#8221;, cito, &#8220;la seguridad p\u00fablica\u00a0 y hoy, tenemos un estado muy distinto, claro que esto era obligaci\u00f3n dijo,\u00a0 y hoy puedo decir que tenemos infraestructura en todas las regiones del Estado\u00a0 citando luego los lugares que \u00a0 Coahuila ocupa hoy en el ranking nacional de diversos Indicadores,\u00a0 no solo en el de seguridad&#8221;.<\/p>\n\n\n\n<p>Asegur\u00f3 que hasta el \u00faltimo d\u00eda de su gobierno -a solo 87 d\u00edas-,\u00a0 vamos a garantizar la paz y la seguridad de Coahuila. Seguro y equilibro&#8221;, dijo en especial, &#8220;en materia de finanzas p\u00fablicas. Y lo que debemos hoy que hacer es cuidar lo alcanzado, que repito, no es del gobierno, es de la sociedad. As\u00ed lo entendemos y por eso, hemos tenido mejores resultados&#8221;.<\/p>\n","protected":false},"excerpt":{"rendered":"<p>Torre\u00f3n, Coahuila.- Con una inversi\u00f3n esperada de m\u00e1s de 80 millones de d\u00f3lares, y\u00a0 sobre una superficie de 246 hect\u00e1reas ubicadas en\u00a0el municipios de Matamoros, y colindantes con\u00a0 el de Torre\u00f3n \u00a0 fue\u00a0 colocada la primera piedra de un nuevo\u00a0 hospedaje\u00a0 industrial denominado Parque\u00a0 Amistad Laguna, misma que\u00a0 presidi\u00f3 el Gobernador Miguel\u00a0 Angel Riquelme\u00a0 Solis, miembros de las familias Ram\u00f3n Valdes y S\u00e1nchez Russek, con el que con esta obra\u00a0&#8230;<\/p>\n","protected":false},"author":2,"featured_media":0,"comment_status":"closed","ping_status":"","sticky":false,"template":"","format":"standard","meta":{"footnotes":""},"categories":[5,15,65,28,67],"tags":[],"class_list":["post-16974","post","type-post","status-publish","format-standard","hentry","category-coahuila","category-gobierno-de-coahuila","category-inversion","category-la-laguna","category-matamoros","wpcat-5-id","wpcat-15-id","wpcat-65-id","wpcat-28-id","wpcat-67-id"],"_links":{"self":[{"href":"https:\/\/www.aquilaguna.com\/index.php\/wp-json\/wp\/v2\/posts\/16974","targetHints":{"allow":["GET"]}}],"collection":[{"href":"https:\/\/www.aquilaguna.com\/index.php\/wp-json\/wp\/v2\/posts"}],"about":[{"href":"https:\/\/www.aquilaguna.com\/index.php\/wp-json\/wp\/v2\/types\/post"}],"author":[{"embeddable":true,"href":"https:\/\/www.aquilaguna.com\/index.php\/wp-json\/wp\/v2\/users\/2"}],"replies":[{"embeddable":true,"href":"https:\/\/www.aquilaguna.com\/index.php\/wp-json\/wp\/v2\/comments?post=16974"}],"version-history":[{"count":1,"href":"https:\/\/www.aquilaguna.com\/index.php\/wp-json\/wp\/v2\/posts\/16974\/revisions"}],"predecessor-version":[{"id":16975,"href":"https:\/\/www.aquilaguna.com\/index.php\/wp-json\/wp\/v2\/posts\/16974\/revisions\/16975"}],"wp:attachment":[{"href":"https:\/\/www.aquilaguna.com\/index.php\/wp-json\/wp\/v2\/media?parent=16974"}],"wp:term":[{"taxonomy":"category","embeddable":true,"href":"https:\/\/www.aquilaguna.com\/index.php\/wp-json\/wp\/v2\/categories?post=16974"},{"taxonomy":"post_tag","embeddable":true,"href":"https:\/\/www.aquilaguna.com\/index.php\/wp-json\/wp\/v2\/tags?post=16974"}],"curies":[{"name":"wp","href":"https:\/\/api.w.org\/{rel}","templated":true}]}}