{"id":16981,"date":"2023-09-05T20:00:47","date_gmt":"2023-09-06T02:00:47","guid":{"rendered":"https:\/\/www.aquilaguna.com\/?p=16981"},"modified":"2023-09-05T20:00:47","modified_gmt":"2023-09-06T02:00:47","slug":"firma-uadec-carta-de-colaboracion-interinstitucional-para-la-prevencion-del-suicidio","status":"publish","type":"post","link":"https:\/\/www.aquilaguna.com\/index.php\/2023\/09\/05\/firma-uadec-carta-de-colaboracion-interinstitucional-para-la-prevencion-del-suicidio\/","title":{"rendered":"Firma UAdeC Carta de Colaboraci\u00f3n Interinstitucional para la Prevenci\u00f3n del Suicidio."},"content":{"rendered":"\n<p>SALTILLO, Coahuila. 5 de septiembre de 2023. En un esfuerzo conjunto por<br>abordar el tema de la prevenci\u00f3n del suicidio, la Universidad Aut\u00f3noma de<br>Coahuila a trav\u00e9s de las Facultades que conforman las Dependencias de<br>Educaci\u00f3n Superior (DES) de Ciencias Sociales, firmaron una Carta compromiso<br>para el trabajo Interinstitucional destinada a llevar a cabo acciones de prevenci\u00f3n<br>del suicidio.<\/p>\n\n\n\n<p>Signaron el documento de la Secretar\u00eda de Salud del Estado de Coahuila, la<br>subdirectora de Promoci\u00f3n y Prevenci\u00f3n de la Secretar\u00eda de Salud, Martha Alicia<br>Romero Reyna; la titular de la Unidad de Integraci\u00f3n Familiar (UNIF) del Gobierno<br>Municipal de Saltillo, Patricia Moreno Dom\u00ednguez; la Coordinadora General de<br>Patrimonio y Difusi\u00f3n Cultural (DPC), Ana Sof\u00eda Rodr\u00edguez Cepeda.<\/p>\n\n\n\n<p>Adem\u00e1s de los directores de las Facultades de Ciencias de la Comunicaci\u00f3n y<br>Ciencias Sociales, Gabriela de la Pe\u00f1a Astorga y Jos\u00e9 Gustavo Gonz\u00e1lez Flores,<br>respectivamente, de la Facultad de Psicolog\u00eda, la coordinadora del Departamento<br>de Psicolog\u00eda Preventiva, Luc\u00eda Rodr\u00edguez; la Coordinadora de Vinculaci\u00f3n de la<br>Facultad de Trabajo Social, Griselda Granados y de la Facultad de Jurisprudencia<br>el coordinador de Competitividad, Alberto Campos Olivo.<\/p>\n\n\n\n<p>En conferencia de prensa, los representantes de las Instituciones involucradas<br>mencionaron que esta Carta Compromiso es el resultado de la colaboraci\u00f3n que<br>se ha venido realizando desde hace dos a\u00f1os entre las Facultades de la UAdeC<br>en coordinaci\u00f3n con distintas dependencias de gobierno estatal y municipal, entre<br>ellas el Primer Coloquio para la Prevenci\u00f3n del Suicidio, celebrado el 14 de marzo<br>de 2023.<\/p>\n\n\n\n<p>Se\u00f1alaron que el objetivo principal de esta Carta es establecer una s\u00f3lida<br>vinculaci\u00f3n entre diversas instituciones acad\u00e9micas y gubernamentales con el<br>prop\u00f3sito de promover el desarrollo acad\u00e9mico, de investigaci\u00f3n, difusi\u00f3n, cultura<br>y deporte enfocado en la prevenci\u00f3n y tratamiento del suicidio, como parte de la<br>formaci\u00f3n integral y profesional de la comunidad estudiantil.<\/p>\n\n\n\n<p>Entre los compromisos interinstitucionales se incluyen la planificaci\u00f3n y ejecuci\u00f3n<br>de actividades en los rubros antes mencionados, adem\u00e1s de la convocatoria anual<br>del Concurso de Cine Minuto \u201cJ\u00f3venes contra el suicidio\u201d y la creaci\u00f3n de un libro<br>sobre el tema.<\/p>\n\n\n\n<p>La subdirectora de Promoci\u00f3n y prevenci\u00f3n de la Secretar\u00eda de Salud del Estado,<br>Martha Alicia Romero Reyna, destac\u00f3 la importancia de esta colaboraci\u00f3n<br>interinstitucional y la necesidad de trabajar juntos por el bienestar de la salud<br>mental de las y los j\u00f3venes.<\/p>\n\n\n\n<p>Por su parte, la titular de la Unidad de Integraci\u00f3n Familiar (UNIF), Rosa Patricia<br>Moreno Dom\u00ednguez resalt\u00f3 la importancia de comprender y apoyar a los j\u00f3venes<br>en momentos de trance emocional, y destac\u00f3 el papel de la polic\u00eda municipal en la<br>atenci\u00f3n a personas en crisis.<\/p>\n\n\n\n<p>La coordinadora del Departamento de Psicolog\u00eda Preventiva, de la Facultad de<br>Psicolog\u00eda, Luc\u00eda Rodr\u00edguez enfatiz\u00f3 la necesidad de brindar apoyo emocional y<br>promover opciones para distraer a los j\u00f3venes de pensamientos negativos,<br>adem\u00e1s de la importancia en la conexi\u00f3n y la empat\u00eda de autoridades, amistades y<br>familiares en la prevenci\u00f3n del suicidio.<\/p>\n\n\n\n<p>El coordinador de Competitividad de la Facultad de Jurisprudencia, Alberto<br>Campos Olivo se comprometi\u00f3 a ofrecer acompa\u00f1amiento jur\u00eddico para fortalecer<br>las denuncias y brindar asesoramiento legal a las personas que sean parte de esta<br>problem\u00e1tica social y puedan acceder a todos los servicios que existen de ayuda.<\/p>\n\n\n\n<p>As\u00ed como el director de la Facultad de Ciencias Sociales, Jos\u00e9 Gustavo Gonz\u00e1lez<br>subray\u00f3 la importancia de la colaboraci\u00f3n entre la Universidad y las instituciones<br>gubernamentales para abordar el suicidio, desde diferentes perspectivas y generar<br>conocimiento en torno a este tema.<\/p>\n\n\n\n<p>Anuncian la Premiaci\u00f3n del Concurso de cine minuto \u201cJ\u00f3venes contra el<br>suicidio\u201d.<\/p>\n\n\n\n<p>En su intervenci\u00f3n, la directora de la Facultad de Ciencias de la Comunicaci\u00f3n,<br>Gabriela de la Pe\u00f1a Astorga, anunci\u00f3 la premiaci\u00f3n del Primer Concurso de Cine<br>minuto \u201cJ\u00f3venes contra el suicidio\u201d, el cual ser\u00e1 el pr\u00f3ximo 12 de septiembre a las<br>18:00 horas en la Sala de Videoconferencias de la Infoteca de Campus Arteaga de<br>la UAdeC.<\/p>\n\n\n\n<p>Se\u00f1al\u00f3 que el Concurso estuvo dirigido a la poblaci\u00f3n estudiantil de la UAdeC y se<br>ofreci\u00f3 un taller de &#8220;Producci\u00f3n de cine minuto&#8221; en la Facultad de Ciencias de la<br>Comunicaci\u00f3n en mayo pasado, por lo que se recibieron un total de 22 trabajos,<br>que fueron evaluados por un jurado experto en prevenci\u00f3n del suicidio y narrativa<br>cinematogr\u00e1fica; los trabajos ser\u00e1n exhibidos en el evento, adem\u00e1s se mostrar\u00e1n<br>en foros de cine-conversatorio a lo largo del a\u00f1o en centros comunitarios de<br>Saltillo y en las instituciones de la UAdeC, adem\u00e1s de que se pondr\u00e1n a<br>disposici\u00f3n de las instituciones y organismos coahuilenses que quieran<br>presentarlo a sus comunidades.<\/p>\n\n\n\n<p>Por su parte, la titular de la Coordinaci\u00f3n de Difusi\u00f3n y Patrimonio Cultural de la<br>UAdeC, Ana Sof\u00eda Rodr\u00edguez Cepeda agradeci\u00f3 a las Facultades de Ciencias<br>Sociales por invitar a la dependencia a trabajar en conjunto; agreg\u00f3 que este<br>Concurso de Cine Minuto ser\u00e1 un \u00e9xito sobre todo en la repercusi\u00f3n a los j\u00f3venes,<br>ya que a trav\u00e9s del arte es posible expresar aquello que sienten y que en<br>ocasiones no es posible de hacer o decir.<\/p>\n","protected":false},"excerpt":{"rendered":"<p>SALTILLO, Coahuila. 5 de septiembre de 2023. En un esfuerzo conjunto porabordar el tema de la prevenci\u00f3n del suicidio, la Universidad Aut\u00f3noma deCoahuila a trav\u00e9s de las Facultades que conforman las Dependencias deEducaci\u00f3n Superior (DES) de Ciencias Sociales, firmaron una Carta compromisopara el trabajo Interinstitucional destinada a llevar a cabo acciones de prevenci\u00f3ndel suicidio. Signaron el documento de la Secretar\u00eda de Salud del Estado de Coahuila, lasubdirectora de Promoci\u00f3n y&#8230;<\/p>\n","protected":false},"author":1,"featured_media":16982,"comment_status":"closed","ping_status":"closed","sticky":false,"template":"","format":"standard","meta":{"footnotes":""},"categories":[2],"tags":[],"class_list":["post-16981","post","type-post","status-publish","format-standard","has-post-thumbnail","hentry","category-uadec","wpcat-2-id"],"_links":{"self":[{"href":"https:\/\/www.aquilaguna.com\/index.php\/wp-json\/wp\/v2\/posts\/16981","targetHints":{"allow":["GET"]}}],"collection":[{"href":"https:\/\/www.aquilaguna.com\/index.php\/wp-json\/wp\/v2\/posts"}],"about":[{"href":"https:\/\/www.aquilaguna.com\/index.php\/wp-json\/wp\/v2\/types\/post"}],"author":[{"embeddable":true,"href":"https:\/\/www.aquilaguna.com\/index.php\/wp-json\/wp\/v2\/users\/1"}],"replies":[{"embeddable":true,"href":"https:\/\/www.aquilaguna.com\/index.php\/wp-json\/wp\/v2\/comments?post=16981"}],"version-history":[{"count":1,"href":"https:\/\/www.aquilaguna.com\/index.php\/wp-json\/wp\/v2\/posts\/16981\/revisions"}],"predecessor-version":[{"id":16983,"href":"https:\/\/www.aquilaguna.com\/index.php\/wp-json\/wp\/v2\/posts\/16981\/revisions\/16983"}],"wp:featuredmedia":[{"embeddable":true,"href":"https:\/\/www.aquilaguna.com\/index.php\/wp-json\/wp\/v2\/media\/16982"}],"wp:attachment":[{"href":"https:\/\/www.aquilaguna.com\/index.php\/wp-json\/wp\/v2\/media?parent=16981"}],"wp:term":[{"taxonomy":"category","embeddable":true,"href":"https:\/\/www.aquilaguna.com\/index.php\/wp-json\/wp\/v2\/categories?post=16981"},{"taxonomy":"post_tag","embeddable":true,"href":"https:\/\/www.aquilaguna.com\/index.php\/wp-json\/wp\/v2\/tags?post=16981"}],"curies":[{"name":"wp","href":"https:\/\/api.w.org\/{rel}","templated":true}]}}