{"id":17011,"date":"2023-09-06T19:38:08","date_gmt":"2023-09-07T01:38:08","guid":{"rendered":"https:\/\/www.aquilaguna.com\/?p=17011"},"modified":"2023-09-06T19:38:08","modified_gmt":"2023-09-07T01:38:08","slug":"sesiona-consejo-tecnico-de-evaluacion-de-adopciones-en-coahuila","status":"publish","type":"post","link":"https:\/\/www.aquilaguna.com\/index.php\/2023\/09\/06\/sesiona-consejo-tecnico-de-evaluacion-de-adopciones-en-coahuila\/","title":{"rendered":"SESIONA CONSEJO T\u00c9CNICO DE EVALUACI\u00d3N DE ADOPCIONES EN COAHUILA."},"content":{"rendered":"\n<p>Saltillo, Coahuila de Zaragoza; a 6 de Septiembre de 2023.- El Consejo T\u00e9cnico de Evaluaci\u00f3n llev\u00f3 a cabo su decimoquinta sesi\u00f3n ordinaria en las instalaciones de la Procuradur\u00eda para Ni\u00f1os, Ni\u00f1as y la Familia del Estado (PRONNIF), donde estuvieron presentes el Director General del DIF Coahuila, Roberto C\u00e1rdenas Zavala; la Procuradora, Mar\u00eda Leticia S\u00e1nchez Campos, y el presidente de la Comisi\u00f3n de Derechos Humanos del Estado de Coahuila, Jos\u00e9 \u00c1ngel Rodr\u00edguez Canales, as\u00ed como las y los integrantes de dicho Consejo.<\/p>\n\n\n\n<p>En esta sesi\u00f3n, gracias al trabajo realizado por la Direcci\u00f3n de Adopciones y Acogimiento Familiar de la PRONNIF, se logr\u00f3 la restituci\u00f3n del derecho a vivir en familia de 5 ni\u00f1as, ni\u00f1os y adolescentes, entre ellos una ni\u00f1a que vive con discapacidad.<\/p>\n\n\n\n<p>Tambi\u00e9n cabe destacar la participaci\u00f3n activa de representantes del Sistema DIF Coahuila, de los Centros de Asistencia Social y de la sociedad civil, as\u00ed como de la Secretar\u00eda de Fiscalizaci\u00f3n y Rendici\u00f3n de Cuentas del Estado (SEFIRC), quien colabora estrat\u00e9gicamente en dar certeza de la transparencia y la legalidad con la que se realizan cada una de las sesiones, as\u00ed como del irrestricto respeto a los Derechos Humanos de ni\u00f1as, ni\u00f1os, adolescentes y solicitantes.<\/p>\n\n\n\n<p>Durante la sesi\u00f3n se invit\u00f3 a los consejeros e invitados permanentes a ser part\u00edcipes de la promoci\u00f3n y difusi\u00f3n de la cultura de adopci\u00f3n y acogimiento familiar, para que de esta manera se incremente el n\u00famero de familias solicitantes de adopci\u00f3n.<\/p>\n\n\n\n<p>\u201cAgradezco una vez m\u00e1s la participaci\u00f3n de cada uno de las y los integrantes de este Consejo, pues damos respuesta a la encomienda del gobernador Miguel Riquelme de restituir el derecho a vivir en familia de nuestras ni\u00f1as, ni\u00f1os y adolescentes, invit\u00e1ndoles tambi\u00e9n a que sigamos siendo portavoces de que en nuestro estado la adopci\u00f3n es un proceso \u00e1gil e inclusivo\u201d, precis\u00f3 la Procuradora.<\/p>\n","protected":false},"excerpt":{"rendered":"<p>Saltillo, Coahuila de Zaragoza; a 6 de Septiembre de 2023.- El Consejo T\u00e9cnico de Evaluaci\u00f3n llev\u00f3 a cabo su decimoquinta sesi\u00f3n ordinaria en las instalaciones de la Procuradur\u00eda para Ni\u00f1os, Ni\u00f1as y la Familia del Estado (PRONNIF), donde estuvieron presentes el Director General del DIF Coahuila, Roberto C\u00e1rdenas Zavala; la Procuradora, Mar\u00eda Leticia S\u00e1nchez Campos, y el presidente de la Comisi\u00f3n de Derechos Humanos del Estado de Coahuila, Jos\u00e9 \u00c1ngel&#8230;<\/p>\n","protected":false},"author":1,"featured_media":17012,"comment_status":"closed","ping_status":"closed","sticky":false,"template":"","format":"standard","meta":{"footnotes":""},"categories":[5,15,30],"tags":[],"class_list":["post-17011","post","type-post","status-publish","format-standard","has-post-thumbnail","hentry","category-coahuila","category-gobierno-de-coahuila","category-pronif","wpcat-5-id","wpcat-15-id","wpcat-30-id"],"_links":{"self":[{"href":"https:\/\/www.aquilaguna.com\/index.php\/wp-json\/wp\/v2\/posts\/17011","targetHints":{"allow":["GET"]}}],"collection":[{"href":"https:\/\/www.aquilaguna.com\/index.php\/wp-json\/wp\/v2\/posts"}],"about":[{"href":"https:\/\/www.aquilaguna.com\/index.php\/wp-json\/wp\/v2\/types\/post"}],"author":[{"embeddable":true,"href":"https:\/\/www.aquilaguna.com\/index.php\/wp-json\/wp\/v2\/users\/1"}],"replies":[{"embeddable":true,"href":"https:\/\/www.aquilaguna.com\/index.php\/wp-json\/wp\/v2\/comments?post=17011"}],"version-history":[{"count":1,"href":"https:\/\/www.aquilaguna.com\/index.php\/wp-json\/wp\/v2\/posts\/17011\/revisions"}],"predecessor-version":[{"id":17013,"href":"https:\/\/www.aquilaguna.com\/index.php\/wp-json\/wp\/v2\/posts\/17011\/revisions\/17013"}],"wp:featuredmedia":[{"embeddable":true,"href":"https:\/\/www.aquilaguna.com\/index.php\/wp-json\/wp\/v2\/media\/17012"}],"wp:attachment":[{"href":"https:\/\/www.aquilaguna.com\/index.php\/wp-json\/wp\/v2\/media?parent=17011"}],"wp:term":[{"taxonomy":"category","embeddable":true,"href":"https:\/\/www.aquilaguna.com\/index.php\/wp-json\/wp\/v2\/categories?post=17011"},{"taxonomy":"post_tag","embeddable":true,"href":"https:\/\/www.aquilaguna.com\/index.php\/wp-json\/wp\/v2\/tags?post=17011"}],"curies":[{"name":"wp","href":"https:\/\/api.w.org\/{rel}","templated":true}]}}