{"id":17014,"date":"2023-09-06T19:40:17","date_gmt":"2023-09-07T01:40:17","guid":{"rendered":"https:\/\/www.aquilaguna.com\/?p=17014"},"modified":"2023-09-06T19:40:17","modified_gmt":"2023-09-07T01:40:17","slug":"llega-a-coahuila-el-premio-amazon","status":"publish","type":"post","link":"https:\/\/www.aquilaguna.com\/index.php\/2023\/09\/06\/llega-a-coahuila-el-premio-amazon\/","title":{"rendered":"LLEGA A COAHUILA EL PREMIO AMAZON."},"content":{"rendered":"\n<p>Saltillo, Coahuila de Zaragoza; a 6 de Septiembre de 2023.- Como parte del posicionamiento de Coahuila en el panorama de las letras nacionales e internacionales, llega a nuestro estado la tercera edici\u00f3n del Premio Primera Novela, convocado por Amazon M\u00e9xico, el Gobierno del Estado de Coahuila (a trav\u00e9s de su Secretar\u00eda de Cultura) y la Presidencia de la Rep\u00fablica.<\/p>\n\n\n\n<p>Este certamen tiene como objetivo promover la lectura y escritura como medio de creaci\u00f3n y comunicaci\u00f3n, reconociendo a las voces m\u00e1s reveladoras de la literatura mexicana contempor\u00e1nea, y a las y los autores que escribieron y publicaron su primera novela durante 2022.<\/p>\n\n\n\n<p>Lo anterior fue informado por Juan Salvador \u00c1lvarez de la Fuente, Director de Animaci\u00f3n Cultural de la SC , y promotor de importantes premios literarios en los \u00faltimos a\u00f1os, quien coment\u00f3 que se convoc\u00f3 a las y los escritores mayores de 18 a\u00f1os, mexicanos y\/o residentes permanentes en M\u00e9xico que hayan publicado su primera novela en 2022.<\/p>\n\n\n\n<p>\u201cEste premio tiene tres novelas finalistas: \u2018Feral\u2019, de Gabriela J\u00e1uregui; \u2018A veces despierto temblando\u2019, de Ximena Santaolalla, y \u2018Nosotras\u2019, de Suzette Celaya. La ganadora ser\u00e1 revelada en la ceremonia de premiaci\u00f3n que se realizar\u00e1 en esta ciudad\u201d, dijo el funcionario estatal.<\/p>\n\n\n\n<p>\u201cEs muy importante que se haya elegido a Coahuila como sede para la entrega de este premio, patrocinado por una de las empresas m\u00e1s reconocidas a nivel internacional, como Amazon. Esto se dio gracias al gran trabajo realizado en nuestro estado con el apoyo del gobernador Miguel \u00c1ngel Riquelme Sol\u00eds para el fomento de la lectura y la escritura\u201d, afirm\u00f3 \u00c1lvarez de la Fuente.<\/p>\n\n\n\n<p>Por \u00faltimo, detall\u00f3 que ser\u00e1 ma\u00f1ana cuando en la ceremonia de premiaci\u00f3n se revele el nombre de la ganadora de este a\u00f1o, adem\u00e1s de que se refrendar\u00e1 la vocaci\u00f3n por las letras que tiene Coahuila, lo cual es un importante incentivo para las y los noveles escritores no s\u00f3lo de nuestro estado, sino de todo el pa\u00eds.<\/p>\n","protected":false},"excerpt":{"rendered":"<p>Saltillo, Coahuila de Zaragoza; a 6 de Septiembre de 2023.- Como parte del posicionamiento de Coahuila en el panorama de las letras nacionales e internacionales, llega a nuestro estado la tercera edici\u00f3n del Premio Primera Novela, convocado por Amazon M\u00e9xico, el Gobierno del Estado de Coahuila (a trav\u00e9s de su Secretar\u00eda de Cultura) y la Presidencia de la Rep\u00fablica. Este certamen tiene como objetivo promover la lectura y escritura como&#8230;<\/p>\n","protected":false},"author":1,"featured_media":17015,"comment_status":"closed","ping_status":"closed","sticky":false,"template":"","format":"standard","meta":{"footnotes":""},"categories":[5,12,15],"tags":[],"class_list":["post-17014","post","type-post","status-publish","format-standard","has-post-thumbnail","hentry","category-coahuila","category-cultura","category-gobierno-de-coahuila","wpcat-5-id","wpcat-12-id","wpcat-15-id"],"_links":{"self":[{"href":"https:\/\/www.aquilaguna.com\/index.php\/wp-json\/wp\/v2\/posts\/17014","targetHints":{"allow":["GET"]}}],"collection":[{"href":"https:\/\/www.aquilaguna.com\/index.php\/wp-json\/wp\/v2\/posts"}],"about":[{"href":"https:\/\/www.aquilaguna.com\/index.php\/wp-json\/wp\/v2\/types\/post"}],"author":[{"embeddable":true,"href":"https:\/\/www.aquilaguna.com\/index.php\/wp-json\/wp\/v2\/users\/1"}],"replies":[{"embeddable":true,"href":"https:\/\/www.aquilaguna.com\/index.php\/wp-json\/wp\/v2\/comments?post=17014"}],"version-history":[{"count":1,"href":"https:\/\/www.aquilaguna.com\/index.php\/wp-json\/wp\/v2\/posts\/17014\/revisions"}],"predecessor-version":[{"id":17016,"href":"https:\/\/www.aquilaguna.com\/index.php\/wp-json\/wp\/v2\/posts\/17014\/revisions\/17016"}],"wp:featuredmedia":[{"embeddable":true,"href":"https:\/\/www.aquilaguna.com\/index.php\/wp-json\/wp\/v2\/media\/17015"}],"wp:attachment":[{"href":"https:\/\/www.aquilaguna.com\/index.php\/wp-json\/wp\/v2\/media?parent=17014"}],"wp:term":[{"taxonomy":"category","embeddable":true,"href":"https:\/\/www.aquilaguna.com\/index.php\/wp-json\/wp\/v2\/categories?post=17014"},{"taxonomy":"post_tag","embeddable":true,"href":"https:\/\/www.aquilaguna.com\/index.php\/wp-json\/wp\/v2\/tags?post=17014"}],"curies":[{"name":"wp","href":"https:\/\/api.w.org\/{rel}","templated":true}]}}