{"id":17052,"date":"2023-09-10T20:26:55","date_gmt":"2023-09-11T02:26:55","guid":{"rendered":"https:\/\/www.aquilaguna.com\/?p=17052"},"modified":"2023-09-10T20:26:55","modified_gmt":"2023-09-11T02:26:55","slug":"aqui-laguna-249","status":"publish","type":"post","link":"https:\/\/www.aquilaguna.com\/index.php\/2023\/09\/10\/aqui-laguna-249\/","title":{"rendered":"Aqu\u00ed Laguna."},"content":{"rendered":"\n<p>\u00bfTimming?, asi cual\u00a0 instintivo &#8220;animal pol\u00cdtico&#8221; -con todo respeto-,\u00a0 nuestro alcalde Rom\u00e1n\u00a0 Alberto Cepeda Gonz\u00e1lez, \u00a0 percibi\u00f3, con agudo instinto, el\u00a0 momento\u00a0 justo para\u00a0 salir\u00a0 a la contienda\u00a0 electoral\u00a0 que se avecina en este pa\u00eds \u00a0 y que\u00a0 est\u00e1 en marcha desde el pasado\u00a0 dos de septiembre en curso,\u00a0 y vaya\u00a0 no tuvo reparo alguno para admitir, as\u00ed haya sido sibilinamente, po\u00e9ticamente, el encontrarse \u00a0 listo para buscar\u00a0 la reelecci\u00f3n en su cargo como alcalde de Torre\u00f3n, es decir, que se encuentra pues \u00a0&#8220;montado y armado&#8221; para enfrentar, primero a sus compa\u00f1eros de partido que deseen\u00a0 disputar tal posibilidad bajo las siglas del Partido Revolucionario Institucional, y de ratificar alianza\u00a0 de sus\u00a0 ahora &#8220;aliados hist\u00f3ricos&#8221; con los que habr\u00e1n de enfrentar m\u00e1s tarde, la elecci\u00f3n constitucional versus \u00a0 a quien postule\u00a0 MORENA y los organismos partidistas que hoy figuran como sus compa\u00f1eros de viaje.<\/p>\n\n\n\n<p>La nota que generaron sus palabras,\u00a0 no pasaron desapercibidas, en especial por sus compa\u00f1eros de partido y &#8220;de lucha&#8221; que tambi\u00e9n se sienten merecedores\u00a0 de participar en tal contienda, que si bien se librar\u00e1 m\u00e1s adelante en escenarios p\u00fablicos partidistas, por ahora se libra en otros territorios donde habitan quienes con voto de calidad\u00a0 determinar\u00e1n destinos. De ah\u00ed que por ahora, el contrincante\u00a0 de Rom\u00e1n Alberto que m\u00e1s ha dado la cara, resulta ser el Contador Xavier Herrera,\u00a0 Subsecretario de Egresos en la Secretar\u00eda de Finanzas en Coahuila,\u00a0 y quien en las \u00faltimas semanas, tras las elecciones del pasado mes de junio, trata, con todo derecho, quien sabe si con\u00a0 las posibilidades necesarios de &#8220;poner el cascabel al gato&#8221; y llevarse la\u00a0 aspirada candidatura, lo que ha desatado en los Medios\u00a0 y mentideros pol\u00edticos, no solo del municipio, sino de la regi\u00f3n, las m\u00e1s ex\u00f3ticas teor\u00edas sobre las segundas intenciones que\u00a0 impulsan estas acciones, pues resulta que Don Xavier, que le ha encontrado el gusto a la actividad pol\u00edtica, se descuelga por esta\u00a0 su tierra lagunera, para hacer promoci\u00f3n en apoyo a personajes claves en la operaci\u00f3n pol\u00edtica de base. Sin duda,\u00a0 el se\u00f1or Xavier Herrera\u00a0 cuenta ya con experiencia administrativa acumulada a su paso por la Direcci\u00f3n de SIMAS Torre\u00f3n, terreno\u00a0 en donde no lo hizo mal -seg\u00fan dise\u00f1o\u00a0 de imagen p\u00fablica puesta en pr\u00e1ctica-, en el tema que\u00a0 domina\u00a0 la agenda de los \u00faltimos alcaldes de\u00a0 Torre\u00f3n, y a la que ahora suma la adquirida a su paso como Subsecretario de Egresos en la Secretar\u00eda de Finanzas\u00a0 que a\u00fan ocupa. Con todo y tal capital pudiera no ser suficiente para convencer de sus posibilidades\u00a0 a\u00a0 los grupos que en Torre\u00f3n, en la Laguna,\u00a0 resultan ser los grandes electores y\u00a0 est\u00e1n conformados por\u00a0 personajes claves\u00a0 del empresariado\u00a0 que se dice,\u00a0 cogobiernan en\u00a0 este municipio, segmento con\u00a0 los que hoy, al parecer,\u00a0s\u00ed cuenta el alcalde Cepeda Gonz\u00e1lez, pero tambi\u00e9n hay que recordar que ya se vivi\u00f3 en este municipio, en tiempos\u00a0 recientes\u00a0 el surgimiento de un vigoroso sujeto pol\u00edtico que no\u00a0 tuvo\u00a0 tales \u00a0 voluntades a favor\u00a0 en su momento y que hoy como Gobernador los ha conquistado por completo, luego de lograr vencer la sequ\u00eda de inversiones -extranjeras\u00a0por cierto y m\u00e1s recientes nacionales y locales-,\u00a0 en este territorio, tema m\u00e1s que superado por el gobierno estatal que est\u00e1\u00a0 por concluir y que hoy forma junto con los resultados que arroja para Coahuila entera el tema de la seguridad\u00a0 que\u00a0 deja a los coahuilenses, y en especial a los laguneros el Ingeniero Miguel Angel Riquelme Solis.<\/p>\n\n\n\n<p>Otras versiones\u00a0 de las muchas que circulan, dicen que por ahora  Xavier Herrera\u00a0 tendr\u00e1 que sumar m\u00e1s experiencia, \u00e9sta en el campo\u00a0 de la dirigencia y la organizaci\u00f3n pol\u00edtica y que ello pudiera servir\u00a0 para alcanzar la postulaci\u00f3n\u00a0 para una de las dos diputaciones federales que tienen como cabecera a Torre\u00f3n\u00a0 y\u00a0 que estar\u00e1n en juego\u00a0 en ya inminente 2024,\u00a0 y de ganarla en las urnas,\u00a0 estar\u00e1 en condiciones de ascender en su carrera partidista.<\/p>\n\n\n\n<p>Por ah\u00ed tambi\u00e9n apuntan otros nombres, otras trayectorias \u00a0 de quienes dicen tambi\u00e9n pretenden competir versus Cepeda Gonz\u00e1lez, citando los nombres del diputado federal Jos\u00e9 Antonio Guti\u00e9rrez\u00a0 Jard\u00f3n, a la Licenciada Ver\u00f3nica Mart\u00ednez, en tanto que se da por seguro repetidor\u00a0 en la C\u00e1mara de Diputados, al ingeniero \u00a0 Rodrigo Fuentes Avila, al paso de los d\u00edas,\u00a0 crece el impasse que genera el desconcierto, la incertidumbre\u00a0 de no conocer a\u00fan con certeza,\u00a0 los nombres e identidades que estar\u00e1n acompa\u00f1ando al\u00a0 nuevo Gobernador\u00a0 Manolo Jim\u00e9nez\u00a0 Salinas en su equipo de trabajo. Por ac\u00e1\u00a0 aun dan por seguro que el Licenciado Eduardo Olmos Castro como el\u00a0 pr\u00f3ximo\u00a0 Secretario de Gobierno, en tanto que al a\u00fan Secretario de Desarrollo e Inclusi\u00f3n Social Javier Diaz \u00a0 ya lo perfila como el \u00a0 pr\u00f3ximo titular de las Finanzas Estatales y al jovenazo Blas Flores junior, como sucesor de Sof\u00eda Garc\u00eda\u00a0 y no se diga el destino que se le desea a uno de los sensei del\u00a0 pr\u00f3ximo r\u00e9gimen,\u00a0 Oscar Pimentel como\u00a0 reincidente Secretario de Educaci\u00f3n, y en el colmo de los vaticinios, se ubica, sin\u00a0 mayores razones al Ingeniero Lauro Villarreal Navarro\u00a0 Secretario\u00a0 de\u00a0 Obras P\u00fablicas\u00a0 pues aseguran que su paso por el Congreso. Vaya\u00a0 Usted a saber, pero estas adivinanzas en\u00a0 las\u00a0 que va mucho el inter\u00e9s de quienes las\u00a0 vaticina, son solo eso, en tanto que se espera ya que Manolo d\u00e9 a conocer su gabinete&#8230;<\/p>\n\n\n\n<p>Y en otros temas menos\u00a0 espesos, diremos que los laguneros\u00a0 ya est\u00e1n entrados en gastos para celebrar este prolongado fin de semana en puerta, las tradicionales Fiestas Patrias, en especial la noche del Grito, el 15 de septiembre, y el festejo que amenizado por la millonaria contrataci\u00f3n del Grupo Los Tigres del Norte, ha generado\u00a0 mucho entusiasmo entre sus seguidores y muchas cr\u00edticas tambi\u00e9n\u00a0 entre quienes no son \u00a0 aficionados a este\u00a0 g\u00e9nero musical\u00a0 del cual tal grupo es un importante exponente internacional. En fin, como dicen, para gustos, los colores \u00a0 y en medio de este ambiente, que quiz\u00e1s se prolongue de manera\u00a0 festiva, se encuentra la inauguraci\u00f3n del Sistema Vial Cuatro Caminos\u00a0 con la cual el Gobernador Riquelme\u00a0 Solis, cierra y entrega una obra de gran calado a los torreonenses, pues como se sabe la el tema de la conectividad urbana empieza\u00a0 ya a ser problem\u00e1tica en algunas de sus avenidas y la obra citada cuya inversi\u00f3n alcanz\u00f3 los 500 millones de pesos,\u00a0 ayudar a desfogar una importante v\u00eda\u00a0 de Torre\u00f3n.<\/p>\n\n\n\n<p>Pendientes\u00a0 tambi\u00e9n del anuncio correspondiente, queda para tirios y troyanos la decisi\u00f3n gubernamental\u00a0 que incluya \u00a0 ya, la operaci\u00f3n del famoso\u00a0 Metrobus, el accidentado proyecto\u00a0 de transporte colectivo\u00a0 r\u00e1pido, cuyos avatares a\u00fan no terminan y en el que se ha puesto \u00a0 a prueba extrema no solo la paciencia de la poblaci\u00f3n, sino\u00a0 la de\u00a0 los gobiernos involucrados, pues resulta que la complejidad t\u00e9cnica de la obra, casi concluida, se sum\u00f3 otra, m\u00e1s dif\u00edcil y espinosa que\u00a0 resulta ser &#8220;el modelo de negocio&#8221; bajo el cual deber\u00e1 operar \u00a0 bajo un sistema de operaci\u00f3n t\u00e9cnico y empresarial que anda tiene que ver con el sistema\u00a0 hombre\/cami\u00f3n con el que ha operado la prestaci\u00f3n del servicio\u00a0 de transporte p\u00fablico desde siempre en Torre\u00f3n, al igual que en la mayor\u00eda de las ciudades en el pa\u00eds y en el que\u00a0 hay que decir en\u00a0 verdad, se ha tenido demasiadas contemplaciones para\u00a0 con los se\u00f1ores transportistas, pues no debe de olvidarse\u00a0 que este servicio, es un &#8220;servicio concesionado&#8221; y por lo tanto, sujeto al control\u00a0 gubernamental. En fin ya  diremos seg\u00fan se decida en este tema&#8230;<\/p>\n","protected":false},"excerpt":{"rendered":"<p>\u00bfTimming?, asi cual\u00a0 instintivo &#8220;animal pol\u00cdtico&#8221; -con todo respeto-,\u00a0 nuestro alcalde Rom\u00e1n\u00a0 Alberto Cepeda Gonz\u00e1lez, \u00a0 percibi\u00f3, con agudo instinto, el\u00a0 momento\u00a0 justo para\u00a0 salir\u00a0 a la contienda\u00a0 electoral\u00a0 que se avecina en este pa\u00eds \u00a0 y que\u00a0 est\u00e1 en marcha desde el pasado\u00a0 dos de septiembre en curso,\u00a0 y vaya\u00a0 no tuvo reparo alguno para admitir, as\u00ed haya sido sibilinamente, po\u00e9ticamente, el encontrarse \u00a0 listo para buscar\u00a0 la reelecci\u00f3n&#8230;<\/p>\n","protected":false},"author":2,"featured_media":0,"comment_status":"closed","ping_status":"","sticky":false,"template":"","format":"standard","meta":{"footnotes":""},"categories":[8],"tags":[],"class_list":["post-17052","post","type-post","status-publish","format-standard","hentry","category-aqui-laguna","wpcat-8-id"],"_links":{"self":[{"href":"https:\/\/www.aquilaguna.com\/index.php\/wp-json\/wp\/v2\/posts\/17052","targetHints":{"allow":["GET"]}}],"collection":[{"href":"https:\/\/www.aquilaguna.com\/index.php\/wp-json\/wp\/v2\/posts"}],"about":[{"href":"https:\/\/www.aquilaguna.com\/index.php\/wp-json\/wp\/v2\/types\/post"}],"author":[{"embeddable":true,"href":"https:\/\/www.aquilaguna.com\/index.php\/wp-json\/wp\/v2\/users\/2"}],"replies":[{"embeddable":true,"href":"https:\/\/www.aquilaguna.com\/index.php\/wp-json\/wp\/v2\/comments?post=17052"}],"version-history":[{"count":1,"href":"https:\/\/www.aquilaguna.com\/index.php\/wp-json\/wp\/v2\/posts\/17052\/revisions"}],"predecessor-version":[{"id":17053,"href":"https:\/\/www.aquilaguna.com\/index.php\/wp-json\/wp\/v2\/posts\/17052\/revisions\/17053"}],"wp:attachment":[{"href":"https:\/\/www.aquilaguna.com\/index.php\/wp-json\/wp\/v2\/media?parent=17052"}],"wp:term":[{"taxonomy":"category","embeddable":true,"href":"https:\/\/www.aquilaguna.com\/index.php\/wp-json\/wp\/v2\/categories?post=17052"},{"taxonomy":"post_tag","embeddable":true,"href":"https:\/\/www.aquilaguna.com\/index.php\/wp-json\/wp\/v2\/tags?post=17052"}],"curies":[{"name":"wp","href":"https:\/\/api.w.org\/{rel}","templated":true}]}}