{"id":17093,"date":"2023-09-12T18:31:30","date_gmt":"2023-09-13T00:31:30","guid":{"rendered":"https:\/\/www.aquilaguna.com\/?p=17093"},"modified":"2023-09-12T18:31:30","modified_gmt":"2023-09-13T00:31:30","slug":"roman-alberto-cepeda-gonzalez-lleva-servicios-de-la-administracion-municipal-a-fraccionamiento-latinoamericano","status":"publish","type":"post","link":"https:\/\/www.aquilaguna.com\/index.php\/2023\/09\/12\/roman-alberto-cepeda-gonzalez-lleva-servicios-de-la-administracion-municipal-a-fraccionamiento-latinoamericano\/","title":{"rendered":"Rom\u00e1n Alberto Cepeda Gonz\u00e1lez lleva servicios de la Administraci\u00f3n Municipal a fraccionamiento Latinoamericano."},"content":{"rendered":"\n<p>Torre\u00f3n, Coahuila. A 12 de septiembre de 2023.<\/p>\n\n\n\n<p>Con acciones de bacheo, pavimentaci\u00f3n, reforestaci\u00f3n, atenci\u00f3n a la salud, el<br>alcalde Rom\u00e1n Alberto Cepeda Gonz\u00e1lez llev\u00f3 la brigada DIF \u201cTorre\u00f3n Siempre<br>Contigo\u201d al fraccionamiento Latinoamericano y sectores aleda\u00f1os del sur oriente<br>de la ciudad.<\/p>\n\n\n\n<p>El presidente municipal agradeci\u00f3 a los cientos de colonos que se dieron cita para<br>acceder a los tr\u00e1mites y servicios de la brigada que el DIF Torre\u00f3n realiza en<br>coordinaci\u00f3n con dependencias y organismos de la Administraci\u00f3n Municipal.<br>\u00a0<br>\u201cGracias por acompa\u00f1arnos, vamos a estar aqu\u00ed toda la ma\u00f1ana dando atenci\u00f3n a<br>esta importante parte de Torre\u00f3n\u201d, expres\u00f3.<br>\u00a0<br>Cepeda Gonz\u00e1lez dijo que como en cada brigada \u201cTorre\u00f3n Siempre Contigo\u201d, en<br>esta ocasi\u00f3n en el fraccionamiento Latinoamericano se dieron cita personal y<br>directores de todas las dependencias y organismos de la Administraci\u00f3n<br>Municipal, para atender directamente a la ciudadan\u00eda.<\/p>\n\n\n\n<p>En la plaza del fraccionamiento Latinoamericano, el edil plant\u00f3 un \u00e1rbol como<br>parte de las acciones que se realizan para reforestar este sector.<br>\u00a0<br>La se\u00f1ora Selina Bremer de Cepeda, presidenta honoraria del Sistema para el<br>Desarrollo Integral de la Familia (DIF) Torre\u00f3n, dijo que con la nueva din\u00e1mica de<br>las brigadas y las Audiencias P\u00fablicas, el organismo hace entrega de aparatos<br>ortop\u00e9dicos y sillas de ruedas con mayor rapidez, beneficiando a los ciudadanos<br>directamente en sus colonias, sin que tengan la necesidad de esperar a una<br>entrega masiva.<br>\u00a0<br>\u201cNos resulta mejor apoyar a la gente directamente seg\u00fan la necesidad de cada<br>lugar, las gestiones que llegan se entregan de inmediato, nos interesa que la<br>gente no espere\u201d, manifest\u00f3.<br>\u00a0<br>La presidenta honoraria dijo que en esta Administraci\u00f3n Municipal, el DIF ha<br>entregado 600 sillas de ruedas tan solo en eventos propios del organismo,<br>brigadas y en las Audiencias P\u00fablicas.<br>\u00a0<br>Dijo que las brigadas \u201cTorre\u00f3n Siempre Contigo\u201d benefician a los ciudadanos al<br>ahorrarles tiempo y dinero en traslados.<\/p>\n\n\n\n<p>&nbsp;<br>\u201cLa gente est\u00e1 muy agradecida, se siente atendida, generalmente tienen varios<br>tr\u00e1mites por realizar y en estas brigadas los pueden hacer todos sin tener que<br>trasladarse\u201d, coment\u00f3.<br>&nbsp;<br>Fernando Villarreal Cu\u00e9llar, director de Servicios P\u00fablicos dijo que a la par de la<br>brigada \u201cTorre\u00f3n Siempre Contigo\u201d, se realizaron acciones de limpieza en el<br>fraccionamiento Latinoamericano, incluyendo Los Sauces, Periodistas y Campo<br>Nuevo Zaragoza.<br>&nbsp;<br>El funcionario dijo que tambi\u00e9n se procedi\u00f3 con la limpieza de terrenos y con la<br>liberaci\u00f3n de una vialidad que se encontraba invadida por basura y escombro,<br>adem\u00e1s de acciones de reforestaci\u00f3n en la plaza y reparaci\u00f3n de botes de basura<br>sobre la avenida M\u00e9xico.<br>&nbsp;<br>Juan Adolfo Von Bertrab Saracho, director de Obras P\u00fablicas, dio a conocer que<br>entre las acciones emprendidas en el sur oriente de la ciudad se encuentra la<br>construcci\u00f3n asf\u00e1ltica de las calles del Tule y Rosales en el ejido el \u00c1guila, as\u00ed<br>como la calle Gladiolas y Girasoles en el ejido La Rosita.<br>&nbsp;<br>Dijo adem\u00e1s que se atender\u00e1n solicitudes hechas en la brigada para trabajar en<br>torno de la plaza principal del fraccionamiento.<br>&nbsp;<br>Algunas dependencias y organismos que participan en las brigadas \u201cTorre\u00f3n<br>Siempre Contigo\u201d son la Direcci\u00f3n de Obras P\u00fablicas, Protecci\u00f3n Civil y<br>Bomberos, Salud Municipal, Tesorer\u00eda, Instituto de la Mujer, Desarrollo Social,<br>Tr\u00e1nsito y Vialidad, as\u00ed como Desarrollo Econ\u00f3mico.<\/p>\n","protected":false},"excerpt":{"rendered":"<p>Torre\u00f3n, Coahuila. A 12 de septiembre de 2023. Con acciones de bacheo, pavimentaci\u00f3n, reforestaci\u00f3n, atenci\u00f3n a la salud, elalcalde Rom\u00e1n Alberto Cepeda Gonz\u00e1lez llev\u00f3 la brigada DIF \u201cTorre\u00f3n SiempreContigo\u201d al fraccionamiento Latinoamericano y sectores aleda\u00f1os del sur orientede la ciudad. El presidente municipal agradeci\u00f3 a los cientos de colonos que se dieron cita paraacceder a los tr\u00e1mites y servicios de la brigada que el DIF Torre\u00f3n realiza encoordinaci\u00f3n con dependencias&#8230;<\/p>\n","protected":false},"author":1,"featured_media":17094,"comment_status":"closed","ping_status":"closed","sticky":false,"template":"","format":"standard","meta":{"footnotes":""},"categories":[5,28,7],"tags":[],"class_list":["post-17093","post","type-post","status-publish","format-standard","has-post-thumbnail","hentry","category-coahuila","category-la-laguna","category-torreon","wpcat-5-id","wpcat-28-id","wpcat-7-id"],"_links":{"self":[{"href":"https:\/\/www.aquilaguna.com\/index.php\/wp-json\/wp\/v2\/posts\/17093","targetHints":{"allow":["GET"]}}],"collection":[{"href":"https:\/\/www.aquilaguna.com\/index.php\/wp-json\/wp\/v2\/posts"}],"about":[{"href":"https:\/\/www.aquilaguna.com\/index.php\/wp-json\/wp\/v2\/types\/post"}],"author":[{"embeddable":true,"href":"https:\/\/www.aquilaguna.com\/index.php\/wp-json\/wp\/v2\/users\/1"}],"replies":[{"embeddable":true,"href":"https:\/\/www.aquilaguna.com\/index.php\/wp-json\/wp\/v2\/comments?post=17093"}],"version-history":[{"count":1,"href":"https:\/\/www.aquilaguna.com\/index.php\/wp-json\/wp\/v2\/posts\/17093\/revisions"}],"predecessor-version":[{"id":17095,"href":"https:\/\/www.aquilaguna.com\/index.php\/wp-json\/wp\/v2\/posts\/17093\/revisions\/17095"}],"wp:featuredmedia":[{"embeddable":true,"href":"https:\/\/www.aquilaguna.com\/index.php\/wp-json\/wp\/v2\/media\/17094"}],"wp:attachment":[{"href":"https:\/\/www.aquilaguna.com\/index.php\/wp-json\/wp\/v2\/media?parent=17093"}],"wp:term":[{"taxonomy":"category","embeddable":true,"href":"https:\/\/www.aquilaguna.com\/index.php\/wp-json\/wp\/v2\/categories?post=17093"},{"taxonomy":"post_tag","embeddable":true,"href":"https:\/\/www.aquilaguna.com\/index.php\/wp-json\/wp\/v2\/tags?post=17093"}],"curies":[{"name":"wp","href":"https:\/\/api.w.org\/{rel}","templated":true}]}}