{"id":17097,"date":"2023-09-12T18:40:47","date_gmt":"2023-09-13T00:40:47","guid":{"rendered":"https:\/\/www.aquilaguna.com\/?p=17097"},"modified":"2023-09-12T18:40:48","modified_gmt":"2023-09-13T00:40:48","slug":"torreonenses-disfrutaron-de-concierto-mexicano-la-guelaguetza-dentro-del-programa-por-las-fiestas-de-la-ciudad","status":"publish","type":"post","link":"https:\/\/www.aquilaguna.com\/index.php\/2023\/09\/12\/torreonenses-disfrutaron-de-concierto-mexicano-la-guelaguetza-dentro-del-programa-por-las-fiestas-de-la-ciudad\/","title":{"rendered":"Torreonenses disfrutaron de concierto mexicano: La Guelaguetza, dentro del programa por las \u00a1Fiestas de la Ciudad!."},"content":{"rendered":"\n<p>Torre\u00f3n, Coahuila. A 12 de septiembre de 2023.<\/p>\n\n\n\n<p>El Teatro Isauro Mart\u00ednez fue sede de otro de los eventos dispuestos en la agenda<br>de actividades por los festejos del D\u00eda de la Independencia y del 116 aniversario<br>de Torre\u00f3n como ciudad, con la presentaci\u00f3n del concierto mexicano La<br>Guelaguetza, celebrado ayer por la noche.<\/p>\n\n\n\n<p>El Instituto Municipal de Cultura y Educaci\u00f3n (IMCE), prepar\u00f3 para los<br>torreonenses un espect\u00e1culo que muestra el folclor del pa\u00eds.<\/p>\n\n\n\n<p>Antonio M\u00e9ndez Vigat\u00e1, director del IMCE, mencion\u00f3 que la presentaci\u00f3n estuvo a<br>cargo de la Banda de M\u00fasica de la XI Regi\u00f3n Militar, en compa\u00f1\u00eda de la Banda<br>Municipal de Torre\u00f3n y el Ballet Folcl\u00f3rico Nahucalli, en el recinto antes<br>mencionado, con un importante aforo de quienes acudieron a disfrutar el concierto.<\/p>\n\n\n\n<p>Por otro lado, dijo que para el d\u00eda de hoy, se llevar\u00e1n a cabo otras actividades<br>como es la \u201cExposici\u00f3n de postales antiguas: los edificios, parques y calles de<br>Torre\u00f3n\u201d, a las 12:00 horas en el Canal de La Perla.<\/p>\n\n\n\n<p>La exhibici\u00f3n vendr\u00e1 a enriquecer el acervo de la primera exposici\u00f3n de postales<br>que ya se encuentra en el recinto.<\/p>\n\n\n\n<p>Adem\u00e1s, en la agenda dirigida especialmente a ni\u00f1os de entre seis a 12 a\u00f1os, el<br>d\u00eda de hoy y el pr\u00f3ximo jueves 14 de septiembre, la Biblioteca Enriqueta Ochoa,<br>realizar\u00e1 un mini taller con lecturas tem\u00e1ticas y actividades culturales, en horario a<br>partir de las 10:00 a las 12:00 horas.<\/p>\n\n\n\n<p>Como continuaci\u00f3n al programa el d\u00eda de ma\u00f1ana se llevar\u00e1 a cabo tambi\u00e9n el<br>taller de lectura y escritura conjunta, con comentarios en torno a la poes\u00eda de Jos\u00e9<br>Emilio Pacheco, que impartir\u00e1 Nadia Contreras, dentro de las instalaciones del<br>IMCE a las 16:00 horas.<\/p>\n","protected":false},"excerpt":{"rendered":"<p>Torre\u00f3n, Coahuila. A 12 de septiembre de 2023. El Teatro Isauro Mart\u00ednez fue sede de otro de los eventos dispuestos en la agendade actividades por los festejos del D\u00eda de la Independencia y del 116 aniversariode Torre\u00f3n como ciudad, con la presentaci\u00f3n del concierto mexicano LaGuelaguetza, celebrado ayer por la noche. El Instituto Municipal de Cultura y Educaci\u00f3n (IMCE), prepar\u00f3 para lostorreonenses un espect\u00e1culo que muestra el folclor del pa\u00eds&#8230;.<\/p>\n","protected":false},"author":1,"featured_media":17098,"comment_status":"closed","ping_status":"closed","sticky":false,"template":"","format":"standard","meta":{"footnotes":""},"categories":[5,28,7],"tags":[],"class_list":["post-17097","post","type-post","status-publish","format-standard","has-post-thumbnail","hentry","category-coahuila","category-la-laguna","category-torreon","wpcat-5-id","wpcat-28-id","wpcat-7-id"],"_links":{"self":[{"href":"https:\/\/www.aquilaguna.com\/index.php\/wp-json\/wp\/v2\/posts\/17097","targetHints":{"allow":["GET"]}}],"collection":[{"href":"https:\/\/www.aquilaguna.com\/index.php\/wp-json\/wp\/v2\/posts"}],"about":[{"href":"https:\/\/www.aquilaguna.com\/index.php\/wp-json\/wp\/v2\/types\/post"}],"author":[{"embeddable":true,"href":"https:\/\/www.aquilaguna.com\/index.php\/wp-json\/wp\/v2\/users\/1"}],"replies":[{"embeddable":true,"href":"https:\/\/www.aquilaguna.com\/index.php\/wp-json\/wp\/v2\/comments?post=17097"}],"version-history":[{"count":1,"href":"https:\/\/www.aquilaguna.com\/index.php\/wp-json\/wp\/v2\/posts\/17097\/revisions"}],"predecessor-version":[{"id":17099,"href":"https:\/\/www.aquilaguna.com\/index.php\/wp-json\/wp\/v2\/posts\/17097\/revisions\/17099"}],"wp:featuredmedia":[{"embeddable":true,"href":"https:\/\/www.aquilaguna.com\/index.php\/wp-json\/wp\/v2\/media\/17098"}],"wp:attachment":[{"href":"https:\/\/www.aquilaguna.com\/index.php\/wp-json\/wp\/v2\/media?parent=17097"}],"wp:term":[{"taxonomy":"category","embeddable":true,"href":"https:\/\/www.aquilaguna.com\/index.php\/wp-json\/wp\/v2\/categories?post=17097"},{"taxonomy":"post_tag","embeddable":true,"href":"https:\/\/www.aquilaguna.com\/index.php\/wp-json\/wp\/v2\/tags?post=17097"}],"curies":[{"name":"wp","href":"https:\/\/api.w.org\/{rel}","templated":true}]}}