{"id":17106,"date":"2023-09-12T19:20:11","date_gmt":"2023-09-13T01:20:11","guid":{"rendered":"https:\/\/www.aquilaguna.com\/?p=17106"},"modified":"2023-09-12T19:20:11","modified_gmt":"2023-09-13T01:20:11","slug":"pulpo-transportista-resucita","status":"publish","type":"post","link":"https:\/\/www.aquilaguna.com\/index.php\/2023\/09\/12\/pulpo-transportista-resucita\/","title":{"rendered":"Pulpo transportista &#8220;resucita&#8221;."},"content":{"rendered":"\n<p>Torre\u00f3n, Coahuila.- Desconocen  vigencia del Fideicomiso\u00a0 bajo el que estar\u00e1 operando el Sistema\u00a0 de Transporte Colectivo, ahora denominado Bus Laguna -otrora Metrobus-, bajo el argumento de que \u00e9sta figura\u00a0 ya signada,\u00a0 &#8220;tiene vigencia\u00a0 que corre pareja\u00a0 con el t\u00e9rmino de la actual administraci\u00f3n estatal, de ah\u00ed que con seguridad tenga que volverse a realizar tal tr\u00e1mite jur\u00eddico&#8221;, argumenta uno de los mas viejos y conocidos concesionarios del transporte p\u00fablico Jos\u00e9 Luis Cu\u00e9llar Rodr\u00edguez.<\/p>\n\n\n\n<p>Abordado esta ma\u00f1ana cuando en compa\u00f1\u00eda de otros miembros de este gremio, conocido como &#8220;los pulpos del transporte&#8221;, pretend\u00edan abordar al alcalde Rom\u00e1n Alberto Cepeda, indic\u00f3 lo anterior,\u00a0expres\u00f3 luego que, &#8220;una vez sabido que al parecer la actual administraci\u00f3n\u00a0 estatal no dar\u00e1 por inaugurado y\u00a0 puesto en operaci\u00f3n el\u00a0 sistema vial \u00a0 conocido\u00a0 ahora como Bus Torre\u00f3n\u00a0 se estar\u00e1 \u00a0 imponiendo el cambio del Fideicomiso&#8221;, bajo el argumento, &#8220;que\u00a0 ya no va a quedar el Fideicomiso\u00a0 por parte del Gobierno del Estado, signado por los concesionarios hace ya alg\u00fan tiempo&#8221;.<\/p>\n\n\n\n<p>Conocido que tal instrumento jur\u00eddico\u00a0 est\u00e1 signado de manera institucional y con ello su vigencia no queda sujeta al cambio de\u00a0 titular del\u00a0 actual poder ejecutivo \u00a0 el l\u00edder Cu\u00e9llar Gonz\u00e1lez \u00a0 afirm\u00f3, &#8220;bueno, sigue vigente lo que se firm\u00f3, pero conforme cambian las autoridades se tiene que modificar, porque tienen que firmar&#8221;, insisti\u00f3.<\/p>\n\n\n\n<p>Preguntado si\u00a0 han entrado en di\u00e1logo ya con el Gobernador electo Manolo\u00a0 Jim\u00e9nez Salinas,\u00a0 inform\u00f3 que, &#8220;yo no, mis compa\u00f1eros s\u00ed&#8221;.<\/p>\n\n\n\n<p>Revel\u00f3 luego que entre los dialogantes\u00a0 figuran\u00a0 Roberto Serna, Ulises Medrano, Jes\u00fas Rodr\u00edguez y Tito Escobedo, agregando, &#8220;no sentirse, en lo personal, muy bien representado&#8221;, pues afirm\u00f3, &#8220;me gustaba m\u00e1s cuando yo era parte de la toma de decisiones&#8221;.<\/p>\n\n\n\n<p>Preguntado cu\u00e1l fue la causa de su salida de tal grupo, manteni\u00e9ndose\u00a0 a\u00fan\u00a0 como concesionario\u00a0 del transporte p\u00fablico, diciendo que, &#8220;bueno ya\u00a0 me cans\u00f3 mucho y quer\u00eda pasar m\u00e1s tiempo\u00a0con mi familia&#8221;.<\/p>\n\n\n\n<p>Afirm\u00f3 luego que con todo y sus resistencias, &#8220;descansamos en ellos, y\u00a0 tendremos que confiar, pero las se\u00f1ales que da el gobierno, ni una es confiable, ni\u00a0 las del Gobierno del Estado ni las del municipio&#8221;.<\/p>\n\n\n\n<p>Preguntado\u00a0 sobre cu\u00e1les son las se\u00f1ales que menciona, dijo, &#8220;bueno, los comentarios de ayer. El Ingeniero Riquelme dijo que \u00e9l ya hizo todo lo posible y que ya est\u00e1 cediendo la batuta al nuevo Gobernador y luego sale\u00a0 el Presidente -municipal-&#8220;, y dice que, &#8220;se va a buscar\u00a0 una tarifa justa, que se est\u00e1 buscando desde que entr\u00f3 \u00e9l&#8221;.<\/p>\n\n\n\n<p>Preguntado\u00a0 sobre cu\u00e1l es el monto de la tarifa de\u00a0 transporte p\u00fablico que el gremio transportista\u00a0 busca ahora dijo que, &#8220;bueno, ahora ya no se estaba hablando de una tarifa justa, y pues ya se hablaba de un sistema integrado de transporte que era el Bus Laguna y en ese entonces y hace a\u00f1os, se mencion\u00f3 que la tarifa iba a ser de 17 pesos y una de sus condicionantes, era que, si el usuario pagabas dos tarifas diarias, todos las dem\u00e1s\u00a0 servicios eran gratis&#8221;.<\/p>\n\n\n\n<p>Expres\u00f3 que, &#8220;yo\u00a0 me imaginaba que entre la \u00faltima propuesta citada pudiera haber alg\u00fan ajuste, pero el problema sigue&#8221;.<\/p>\n\n\n\n<p>Con todo hay versi\u00f3n oficial de que los concesionarios que tengan unidades nuevas en servicio pudieran alcanzar ya alg\u00fan aumento, a lo que dijo.<\/p>\n\n\n\n<p>&#8220;El problema es que el Gobierno nos impidi\u00f3\u00a0 adquirir unidades nuevas y ahorita aunque queremos muchos, no hay dinero para comprarlas&#8221;.<\/p>\n\n\n\n<p>Pero agreg\u00f3, &#8220;si ahorita dan el anticipo del 10 por ciento para la compra de camiones, eso se puede llevar aun hasta un medio a\u00f1os m\u00e1s&#8221;.<\/p>\n\n\n\n<p>Preguntado sobre el precio de cada unidad destinada al servicio p\u00fablico de transporte,\u00a0 dio a conocer que, &#8221; la \u00faltima cotizaci\u00f3n,\u00a0 era\u00a0 para los del troncal, cinco millones 200 mil pesos y los tradicionales de dos millones 700 mil pesos&#8221;.<\/p>\n\n\n\n<p>Afirm\u00f3 el se\u00f1or\u00a0 Cu\u00e9llar Gonz\u00e1lez\u00a0 que otro problema que se agrega es que, &#8220;el aforo de uso de transporte p\u00fablico, no se ha recuperado, pues de lo que mov\u00edamos antes de la pandemia, era una\u00a0 media de 180 \/185 mil usuarios\u00a0diarios y ahorita\u00a0 el aforo anda en solo 239 mil, con operaci\u00f3n de 300 unidades, contra las 500 que\u00a0 operaban antes&#8221;.<\/p>\n\n\n\n<p>Explic\u00f3 luego a lo anterior que, &#8220;hay rutas donde no hay aforo, no son costeables y las fallas y descomposturas de las unidades\u00a0 llega\u00a0 al momento en que no se tienen con que pagarlas&#8221;.<\/p>\n\n\n\n<p>Cuestionado sobre el argumento tradicional del gremio escuchado a lo largo de \u00a0 varios a\u00f1os de que el negocio del transporte p\u00fablico no es costeable, y que sin embargo lo siguen detentando el mismo grupo de concesionarios, expres\u00f3 que, &#8220;yo no tengo tanto, pero para mi el transporte es rentable, siempre y cuando se maneje de manera adecuada&#8221;.<\/p>\n\n\n\n<p>Y la manera adecuada seg\u00fan el entrevistado es, &#8220;que el gobierno nos deje manejar\u00a0 el transporte, libere\u00a0 la tarifa\u00a0 y que nos deja hacer lo que se debe hacer&#8221;.<\/p>\n\n\n\n<p>&#8220;Si eso, se hubiera hecho, ya estar\u00eda operando el Bus Laguna&#8221;.\u00a0<\/p>\n\n\n\n<p>\u00bfY qu\u00e9 es lo que\u00a0 se debi\u00f3 haber hecho?, se le pregunta y dice, &#8220;pues no poner tantas trabas\u00a0 y echar a volar las cosas&#8221;.<\/p>\n\n\n\n<p>Las trabas, seg\u00fan Cu\u00e9llar Gonz\u00e1lez son; &#8220;no han dado el anticipo, no han hecho\u00a0 ning\u00fan ajuste a la tarifa del transporte desde hace cuatro a\u00f1os y medio&#8221;.<\/p>\n\n\n\n<p>&#8220;As\u00ed no hay negocio que aguante, pues \u00a0 los camiones nos los estamos comiendo. No tendremos\u00a0 con que reponerlos&#8221;.<\/p>\n","protected":false},"excerpt":{"rendered":"<p>Torre\u00f3n, Coahuila.- Desconocen vigencia del Fideicomiso\u00a0 bajo el que estar\u00e1 operando el Sistema\u00a0 de Transporte Colectivo, ahora denominado Bus Laguna -otrora Metrobus-, bajo el argumento de que \u00e9sta figura\u00a0 ya signada,\u00a0 &#8220;tiene vigencia\u00a0 que corre pareja\u00a0 con el t\u00e9rmino de la actual administraci\u00f3n estatal, de ah\u00ed que con seguridad tenga que volverse a realizar tal tr\u00e1mite jur\u00eddico&#8221;, argumenta uno de los mas viejos y conocidos concesionarios del transporte p\u00fablico Jos\u00e9&#8230;<\/p>\n","protected":false},"author":2,"featured_media":0,"comment_status":"closed","ping_status":"","sticky":false,"template":"","format":"standard","meta":{"footnotes":""},"categories":[5,28,7,68],"tags":[],"class_list":["post-17106","post","type-post","status-publish","format-standard","hentry","category-coahuila","category-la-laguna","category-torreon","category-transporte","wpcat-5-id","wpcat-28-id","wpcat-7-id","wpcat-68-id"],"_links":{"self":[{"href":"https:\/\/www.aquilaguna.com\/index.php\/wp-json\/wp\/v2\/posts\/17106","targetHints":{"allow":["GET"]}}],"collection":[{"href":"https:\/\/www.aquilaguna.com\/index.php\/wp-json\/wp\/v2\/posts"}],"about":[{"href":"https:\/\/www.aquilaguna.com\/index.php\/wp-json\/wp\/v2\/types\/post"}],"author":[{"embeddable":true,"href":"https:\/\/www.aquilaguna.com\/index.php\/wp-json\/wp\/v2\/users\/2"}],"replies":[{"embeddable":true,"href":"https:\/\/www.aquilaguna.com\/index.php\/wp-json\/wp\/v2\/comments?post=17106"}],"version-history":[{"count":1,"href":"https:\/\/www.aquilaguna.com\/index.php\/wp-json\/wp\/v2\/posts\/17106\/revisions"}],"predecessor-version":[{"id":17107,"href":"https:\/\/www.aquilaguna.com\/index.php\/wp-json\/wp\/v2\/posts\/17106\/revisions\/17107"}],"wp:attachment":[{"href":"https:\/\/www.aquilaguna.com\/index.php\/wp-json\/wp\/v2\/media?parent=17106"}],"wp:term":[{"taxonomy":"category","embeddable":true,"href":"https:\/\/www.aquilaguna.com\/index.php\/wp-json\/wp\/v2\/categories?post=17106"},{"taxonomy":"post_tag","embeddable":true,"href":"https:\/\/www.aquilaguna.com\/index.php\/wp-json\/wp\/v2\/tags?post=17106"}],"curies":[{"name":"wp","href":"https:\/\/api.w.org\/{rel}","templated":true}]}}