{"id":17135,"date":"2023-09-15T07:58:26","date_gmt":"2023-09-15T13:58:26","guid":{"rendered":"https:\/\/www.aquilaguna.com\/?p=17135"},"modified":"2023-09-15T07:58:27","modified_gmt":"2023-09-15T13:58:27","slug":"listo-operativo-de-seguridad-vial-con-motivo-de-celebracion-del-15-de-septiembre","status":"publish","type":"post","link":"https:\/\/www.aquilaguna.com\/index.php\/2023\/09\/15\/listo-operativo-de-seguridad-vial-con-motivo-de-celebracion-del-15-de-septiembre\/","title":{"rendered":"Listo operativo de Seguridad Vial con motivo de celebraci\u00f3n del 15 de septiembre."},"content":{"rendered":"\n<p>Torre\u00f3n, Coahuila. A 14 de septiembre de 2023.<\/p>\n\n\n\n<p>Con un operativo conformado por 120 oficiales de tr\u00e1nsito, entre patrullas, motos y<br>pedestres, se resguardar\u00e1 la Seguridad Vial para la ciudadan\u00eda que acude a la<br>Plaza Mayor la noche del 15 de septiembre con motivo de los festejos patrios.<\/p>\n\n\n\n<p>Luis Alberto Morales Cort\u00e9s, director general de Vialidad y Movilidad Urbana de<br>Torre\u00f3n, inform\u00f3 que para el evento de la celebraci\u00f3n del Grito de Independencia,<br>se montar\u00e1 un dispositivo con dos anillos de seguridad.<\/p>\n\n\n\n<p>Para el festejo del 15 de septiembre, se dispondr\u00e1 de la presencia de 120<br>oficiales, entre patrullas, motos y pedestres.<\/p>\n\n\n\n<p>El director precis\u00f3 que los elementos iniciar\u00e1n labores desde las 04:00 horas con<br>el barrido de calles para el retiro de veh\u00edculos alrededor de la Plaza Mayor.<\/p>\n\n\n\n<p>Y a las 06:00 horas se activar\u00e1 el primer anillo de seguridad para el cierre de<br>acceso a los veh\u00edculos, mientras que el segundo anillo se instalar\u00e1 hacia la tarde,<br>y para las 17:00-18:00 horas ya estar\u00e1 completamente inhabilitado el paso<br>vehicular hacia la Plaza Mayor.<\/p>\n\n\n\n<p>La presencia de agentes de tr\u00e1nsito e instalaci\u00f3n de vallas en los anillos de<br>seguridad ser\u00e1 en los siguientes puntos:<\/p>\n\n\n\n<p>Calle Allende y Galeana; avenida Jim\u00e9nez y calle Matamoros; avenida Morelos y<br>Jim\u00e9nez; Ju\u00e1rez y Galeana; Ju\u00e1rez y Ram\u00f3n Corona; Morelos y Leona Vicario;<br>Matamoros y Leona Vicario; y Allende y Ram\u00f3n Corona.<\/p>\n\n\n\n<p>Los oficiales permanecer\u00e1n una hora despu\u00e9s de concluido el concierto de los<br>Tigres del Norte, para el apoyo vial en el desalojo de la ciudadan\u00eda.<\/p>\n\n\n\n<p>En ese sentido, Morales Cort\u00e9s hizo el llamado a la ciudadan\u00eda que desea acudir a<br>disfrutar del evento que prepara la Administraci\u00f3n Municipal, a llegar con tiempo,<br>revisar las rutas alternas a los cierres de calle y cuidar de los menores de edad por<br>el importante aforo que se estima.<\/p>\n\n\n\n<p>Por otro lado, para quienes cometan alguna falta de tr\u00e1nsito y busquen pagar su<br>multa, la Direcci\u00f3n de Garant\u00edas e Infracciones abrir\u00e1 el viernes 15 de septiembre<br>hasta las 13:00 horas, y el pr\u00f3ximo lunes en horario cotidiano.<\/p>\n","protected":false},"excerpt":{"rendered":"<p>Torre\u00f3n, Coahuila. A 14 de septiembre de 2023. Con un operativo conformado por 120 oficiales de tr\u00e1nsito, entre patrullas, motos ypedestres, se resguardar\u00e1 la Seguridad Vial para la ciudadan\u00eda que acude a laPlaza Mayor la noche del 15 de septiembre con motivo de los festejos patrios. Luis Alberto Morales Cort\u00e9s, director general de Vialidad y Movilidad Urbana deTorre\u00f3n, inform\u00f3 que para el evento de la celebraci\u00f3n del Grito de Independencia,se&#8230;<\/p>\n","protected":false},"author":1,"featured_media":17136,"comment_status":"closed","ping_status":"closed","sticky":false,"template":"","format":"standard","meta":{"footnotes":""},"categories":[5,28,7],"tags":[],"class_list":["post-17135","post","type-post","status-publish","format-standard","has-post-thumbnail","hentry","category-coahuila","category-la-laguna","category-torreon","wpcat-5-id","wpcat-28-id","wpcat-7-id"],"_links":{"self":[{"href":"https:\/\/www.aquilaguna.com\/index.php\/wp-json\/wp\/v2\/posts\/17135","targetHints":{"allow":["GET"]}}],"collection":[{"href":"https:\/\/www.aquilaguna.com\/index.php\/wp-json\/wp\/v2\/posts"}],"about":[{"href":"https:\/\/www.aquilaguna.com\/index.php\/wp-json\/wp\/v2\/types\/post"}],"author":[{"embeddable":true,"href":"https:\/\/www.aquilaguna.com\/index.php\/wp-json\/wp\/v2\/users\/1"}],"replies":[{"embeddable":true,"href":"https:\/\/www.aquilaguna.com\/index.php\/wp-json\/wp\/v2\/comments?post=17135"}],"version-history":[{"count":1,"href":"https:\/\/www.aquilaguna.com\/index.php\/wp-json\/wp\/v2\/posts\/17135\/revisions"}],"predecessor-version":[{"id":17137,"href":"https:\/\/www.aquilaguna.com\/index.php\/wp-json\/wp\/v2\/posts\/17135\/revisions\/17137"}],"wp:featuredmedia":[{"embeddable":true,"href":"https:\/\/www.aquilaguna.com\/index.php\/wp-json\/wp\/v2\/media\/17136"}],"wp:attachment":[{"href":"https:\/\/www.aquilaguna.com\/index.php\/wp-json\/wp\/v2\/media?parent=17135"}],"wp:term":[{"taxonomy":"category","embeddable":true,"href":"https:\/\/www.aquilaguna.com\/index.php\/wp-json\/wp\/v2\/categories?post=17135"},{"taxonomy":"post_tag","embeddable":true,"href":"https:\/\/www.aquilaguna.com\/index.php\/wp-json\/wp\/v2\/tags?post=17135"}],"curies":[{"name":"wp","href":"https:\/\/api.w.org\/{rel}","templated":true}]}}