{"id":17191,"date":"2023-09-18T18:59:49","date_gmt":"2023-09-19T00:59:49","guid":{"rendered":"https:\/\/www.aquilaguna.com\/?p=17191"},"modified":"2023-09-18T18:59:49","modified_gmt":"2023-09-19T00:59:49","slug":"inauguran-en-torreon-sistema-vial-cuatro-caminos","status":"publish","type":"post","link":"https:\/\/www.aquilaguna.com\/index.php\/2023\/09\/18\/inauguran-en-torreon-sistema-vial-cuatro-caminos\/","title":{"rendered":"Inauguran en Torre\u00f3n Sistema Vial Cuatro Caminos."},"content":{"rendered":"\n<p>Torre\u00f3n, Coahuila.- En medio de un ambiente festivo, esta ma\u00f1ana fue inaugurado el Sistema Vial Cuatro Caminos, obra\u00a0 que para Torre\u00f3n en materia de\u00a0 conectividad urbana\u00a0 involucr\u00f3 una inversi\u00f3n estatal de m\u00e1s de 500 millones de pesos, contando con la asistencia del Gobernador \u00a0 Miguel Angel Riquelme Solis, asi como la del Gobernador electo Manolo Jim\u00e9nez Salinas,\u00a0 los titulares del Poder Legislativo y Judicial, as\u00ed\u00a0 como el empresario Eduardo\u00a0 Murra Marcos, el alcalde Rom\u00e1n Alberto Cepeda as\u00ed como los de sus hom\u00f3logos de los municipios vecinos de Matamoros, San Pedro y\u00a0 Francisco I. Madero, funcionarios estatales,\u00a0 legisladores locales y federales y numeroso p\u00fablico.\u00a0\u00a0<\/p>\n\n\n\n<p>Tal obra que da soluci\u00f3n vial a la arteria conformada por Bulevar Independencia y prolongaci\u00f3n\u00a0 de la Calzada Cuauht\u00e9moc,\u00a0 por ahora\u00a0 el desfogue del intenso\u00a0 tr\u00e1fico vehicular, seg\u00fan aforo de\u00a0 m\u00e1s de\u00a0 20 mil veh\u00edculos por d\u00eda, ser\u00e1 abierta al uso p\u00fablico a partir de las 16:00 horas de este mismo d\u00eda sobre el Bulevar Independencia, habi\u00e9ndose destacado que\u00a0se logr\u00f3 concluir en menos de los 18 meses inicialmente programados.<\/p>\n\n\n\n<p>Correspondi\u00f3 al alcalde Cepeda Gonz\u00e1lez,\u00a0 iniciar el acto fijado para las 10:00 horas\u00a0 tras \u00a0 la simb\u00f3lica apertura\u00a0 de la v\u00eda citada, quien dio la bienvenida correspondiente\u00a0 a los ah\u00ed presentes, no sin expresar de manera p\u00fablica sus felicitaciones al\u00a0 Gobernador electo Manolo Jim\u00e9nez\u00a0 y al\u00a0 Gobernador Riquelme Solis con motivo, \u00e9ste mismo dia de su cumplea\u00f1os n\u00famero 53.<\/p>\n\n\n\n<p>Narr\u00f3 que la obra, a 16 meses de haberse iniciado\u00a0 y hoy concluye, gener\u00f3 molestias, pero que estas\u00a0 son parciales, ya que sus beneficios\u00a0 durar\u00e1n toda la vida.<\/p>\n\n\n\n<p>&#8220;Gracias a la determinaci\u00f3n, a la decisi\u00f3n del Gobernador que hace\u00a0 16 meses y medio iniciara esta obra,\u00a0 hoy Torre\u00f3n est\u00e1 cambiando, hoy hay un antes y un despu\u00e9s en materia de infraestructura vial&#8221;.<\/p>\n\n\n\n<p>Dijo luego que, &#8220;para poder construir el Torre\u00f3n que todos queremos se requiere seguridad p\u00fablica, es el bien p\u00fablico m\u00e1s requerido y que hoy tiene nombre y apellido y ese es\u00a0 el\u00a0 del Gobernador Miguel Angel Riquelme Solis&#8221;.\u00a0<\/p>\n\n\n\n<p>Indic\u00f3 que, &#8220;hoy en Torre\u00f3n se requiere invertir, se requiere pensar en Torre\u00f3n y no solo eso, sino hacer obras y trabajar incansablemente, todos los meses del a\u00f1os, 24 horas del d\u00eda para poder construir ese Torre\u00f3n que queremos&#8221;.<\/p>\n\n\n\n<p>Correspondi\u00f3 luego al titular de la Secretar\u00eda de Infraestructura en el Estado, Licenciado Miguel Algara dar a conocer\u00a0 los detalles t\u00e9cnicos que involucr\u00f3 la obra puesta en marcha diciendo, tras las felicitaciones y saludos\u00a0 de rigor que, &#8220;hoy es un gran dia\u00a0 para todos los laguneros, al entregar esta\u00a0 gran magna obra del Sistema Vial 4 Caminos,\u00a0 a partir de hoy esta obra detonar\u00e1 un impacto vial de gran importancia, al brindar flujo libre a los m\u00e1s de 20 mil veh\u00edculos que transitan diariamente por el bulevar Independencia&#8221;.<\/p>\n\n\n\n<p>Con su entrega,\u00a0 indic\u00f3,\u00a0 &#8220;en su intersecci\u00f3n con\u00a0 Bulevar Independencia,\u00a0 Calzada Avila Camacho y Cuauht\u00e9moc\u00a0 y actualmente atienden a m\u00e1s de 60 mil veh\u00edculos, permitir\u00e1 sostener un flujo estable y una similitud y disminuci\u00f3n en los tiempos de espera&#8221;.<\/p>\n\n\n\n<p>La inversi\u00f3n inicial sum\u00f3 510 millones de pesos, que incluy\u00f3 excavaciones por 230 mil metros cuadrados, perforaciones\u00a0 de pilotes por m\u00e1s de 16.5 kil\u00f3metros\u00a0 y un total de 1,500 piezas, reforzadas, etc., 74 luminarias, banquetas por 1,498 metros cuadrados y sistemas semaforizadas, c\u00e1rcamo de rebombeo y una planta de electricidad emergente, adem\u00e1s de 57 mil metros cuadrados de \u00a0 carpeta asf\u00e1ltica. El tramo cuenta con cuatro carriles de circulaci\u00f3n&#8221;.\u00a0\u00a0<\/p>\n\n\n\n<p>Correspondi\u00f3 por parte\u00a0 del sector empresarial\u00a0 dirigir algunas palabras a\u00a0 Eduardo Murra Marcos, que record\u00f3 los proleg\u00f3menos de esta obra ubicada al frente de la entrada principal\u00a0 de la Compa\u00f1\u00eda Comercial Cimaco\u00a0y quien reivindic\u00f3\u00a0 su\u00a0 decisi\u00f3n de\u00a0 no oponerse a la\u00a0 construcci\u00f3n de esta obra, debido a los impactos\u00a0 de orden econ\u00f3mico que pudo haber resentido a lo largo de\u00a0 la misma.\u00a0<\/p>\n\n\n\n<p>Agradeci\u00f3 luego al Gobernador\u00a0 haberlo participado con mucha antelaci\u00f3n y comprobando a los inquilinos de Cuatro Caminos, al tiempo que daba a conocer su decisi\u00f3n, de no cobrar por dos d\u00edas -hoy y ma\u00f1ana-\u00a0  por el uso del estacionamiento del Centro Comercial citado, decisi\u00f3n que arranc\u00f3 aplausos y risas de los asistentes.\u00a0\u00a0\u00a0<\/p>\n\n\n\n<p>Correspondi\u00f3 luego dirigir unas palabras a los asistentes,\u00a0al Gobernador Electo Manolo Jim\u00e9nez Salinas\u00a0 como invitado especial al acto, quien tras agradecer la invitaci\u00f3n recibida a este acto, saludo a todos los ah\u00ed\u00a0 presentes, reiter\u00f3 su decisi\u00f3n de hacer,\u00a0&#8220;otras grandes obras\u00a0 aqu\u00ed en Torre\u00f3n y en la Laguna&#8221;.<\/p>\n\n\n\n<p>Felicit\u00f3 luego al Gobernador Riquelme Solis por su cumplea\u00f1os, pero principalmente por su trabajo, por los resultados que se han venido teniendo en Coahuila estos a\u00f1os.<\/p>\n\n\n\n<p>Luego le recomend\u00f3\u00a0 a \u00e9ste, &#8220;tomarse unos d\u00edas de descanso en diciembre, porque en el 2024 vamos a seguir trabajando en equipo con todo, para el bien de Coahuila&#8221;.<\/p>\n\n\n\n<p>Quiso aprovechar para reiterar su agradecimiento a la gente de Torre\u00f3n y la Laguna por todo el apoyo recibido en su elecci\u00f3n, pues, &#8220;el 4 de julio en equipo sociedad y tres\u00a0 partidos pol\u00edticos logramos alcanzar una votaci\u00f3n hist\u00f3rica en Torre\u00f3n, 190 \u00a0 mil votos&#8221;.<\/p>\n\n\n\n<p>Y de ese tama\u00f1o, afirm\u00f3, &#8220;es el compromiso con\u00a0las familias de Torre\u00f3n y de la Laguna. Ya nos estamos preparando para ello, para arrancar\u00a0 a partir del primero de diciembre de este 2023. Tenemos ya\u00a0 instaladas 19 mesas de trabajo y alrededor de\u00a0 300 personas trabajando y hay avances&#8221;, destacando\u00a0 como muy importante, el\u00a0 que corresponde a seguridad.\u00a0<\/p>\n\n\n\n<p>Finalmente y para cerrar las intervenciones correspondi\u00f3 al Gobernador Riquelme Solis quien fue\u00a0 recibido\u00a0 con \u00a0 improvisadas &#8220;ma\u00f1anitas&#8221; parte de\u00a0 numerosos grupos de mujeres que acudieron\u00a0 de esta forma a felicitarlo por su cumplea\u00f1os.<\/p>\n\n\n\n<p>El\u00a0 gobernante reinici\u00f3 su intervenci\u00f3n diciendo que, &#8220;Gracias a Dios y a los financieros del Estado, pudimos lograr\u00a0 en tiempo r\u00e9cord\u00a0 esta magna obra&#8221;, para agradecer enseguida\u00a0 la\u00a0 presencia del Gobernador Electo.<\/p>\n\n\n\n<p>Indic\u00f3 que, &#8220;hemos\u00a0 sido muy respetuosos en este tiempo,\u00a0 \u00e9l ha estado trabajando en algunas dependencias, pero en eventos, la verdad, hemos estado los dos seleccionando cu\u00e1les son los tiempos para estar juntos y poder mandar mensajes claros a la sociedad&#8221;.<\/p>\n\n\n\n<p>&#8220;Por eso hoy agradezco su presencia, pues dej\u00f3 muy claro su mensaje, de que Torre\u00f3n y la Laguna\u00a0 siempre tuvo presente; la seguridad y el desarrollo econ\u00f3mico&#8221;.<\/p>\n\n\n\n<p>Se dijo luego contento, &#8220;porque hoy Torre\u00f3n vive un auge comercial y tur\u00edstico. Este renovado empuje que hoy tiene nuestra ciudad, es fruto\u00a0 del trabajo coordinado de todos los sectores productivos y econ\u00f3micos de la regi\u00f3n&#8221;.<\/p>\n\n\n\n<p>&#8220;Empresarios, comerciantes y organismos de la sociedad civil han apostado durante mi gobierno todo el capital humano y financiero para que Torre\u00f3n recobre su dinamismo al centro de la comarca lagunera y al frente de las transformaciones del norte de M\u00e9xico&#8221;.<\/p>\n\n\n\n<p>&#8220;Estos Indicadores que hoy tenemos son gracias al trabajo de todos, y\u00a0 que colocan a Torre\u00f3n seg\u00fan el INCO como la segunda regi\u00f3n m\u00e1s competitiva\u00a0 del pa\u00eds, en materia de sistema pol\u00edtico estable y funcional, hoy, la Laguna est\u00e1 en la agenda de la relocalizaci\u00f3n de la industria,\u00a0 de la manufactura de las empresas globales. Y este a\u00f1o iniciaron operaciones tres\u00a0 nuevos parques industriales&#8221;.\u00a0<\/p>\n\n\n\n<p>&#8220;Repito, a mi llegada a mi gobierno en todo el entorno global y sobre todo en el intento de generaci\u00f3n de empleo, se dec\u00eda, es que la alguna jala a Coahuila para abajo, y hoy la alguna aporta y aporta bien a tal grado, es uno de los principales sitios en materia de competitividad&#8221;.<\/p>\n\n\n\n<p>&#8220;Lo logramos,\u00a0 hoy Coahuila es el segundo\u00a0 Estado m\u00e1s \u00a0 seguro,\u00a0 el cuarto m\u00e1s competitivo\u00a0 y es el Estado que m\u00e1s aporta al PIB&#8221;.\u00a0\u00a0<\/p>\n\n\n\n<p>&#8220;Somos\u00a0 el segundo\u00a0 en la frontera norte y el sexto de mayor generaci\u00f3n de empleo. Hoy se cumple uno de los compromisos\u00a0 m\u00e1s importantes para\u00a0 mi Gobierno, para Torre\u00f3n y para La Laguna; el sistema Vial 4 Caminos&#8221;.<\/p>\n","protected":false},"excerpt":{"rendered":"<p>Torre\u00f3n, Coahuila.- En medio de un ambiente festivo, esta ma\u00f1ana fue inaugurado el Sistema Vial Cuatro Caminos, obra\u00a0 que para Torre\u00f3n en materia de\u00a0 conectividad urbana\u00a0 involucr\u00f3 una inversi\u00f3n estatal de m\u00e1s de 500 millones de pesos, contando con la asistencia del Gobernador \u00a0 Miguel Angel Riquelme Solis, asi como la del Gobernador electo Manolo Jim\u00e9nez Salinas,\u00a0 los titulares del Poder Legislativo y Judicial, as\u00ed\u00a0 como el empresario Eduardo\u00a0 Murra&#8230;<\/p>\n","protected":false},"author":2,"featured_media":0,"comment_status":"closed","ping_status":"","sticky":false,"template":"","format":"standard","meta":{"footnotes":""},"categories":[5,15,28,7],"tags":[],"class_list":["post-17191","post","type-post","status-publish","format-standard","hentry","category-coahuila","category-gobierno-de-coahuila","category-la-laguna","category-torreon","wpcat-5-id","wpcat-15-id","wpcat-28-id","wpcat-7-id"],"_links":{"self":[{"href":"https:\/\/www.aquilaguna.com\/index.php\/wp-json\/wp\/v2\/posts\/17191","targetHints":{"allow":["GET"]}}],"collection":[{"href":"https:\/\/www.aquilaguna.com\/index.php\/wp-json\/wp\/v2\/posts"}],"about":[{"href":"https:\/\/www.aquilaguna.com\/index.php\/wp-json\/wp\/v2\/types\/post"}],"author":[{"embeddable":true,"href":"https:\/\/www.aquilaguna.com\/index.php\/wp-json\/wp\/v2\/users\/2"}],"replies":[{"embeddable":true,"href":"https:\/\/www.aquilaguna.com\/index.php\/wp-json\/wp\/v2\/comments?post=17191"}],"version-history":[{"count":1,"href":"https:\/\/www.aquilaguna.com\/index.php\/wp-json\/wp\/v2\/posts\/17191\/revisions"}],"predecessor-version":[{"id":17192,"href":"https:\/\/www.aquilaguna.com\/index.php\/wp-json\/wp\/v2\/posts\/17191\/revisions\/17192"}],"wp:attachment":[{"href":"https:\/\/www.aquilaguna.com\/index.php\/wp-json\/wp\/v2\/media?parent=17191"}],"wp:term":[{"taxonomy":"category","embeddable":true,"href":"https:\/\/www.aquilaguna.com\/index.php\/wp-json\/wp\/v2\/categories?post=17191"},{"taxonomy":"post_tag","embeddable":true,"href":"https:\/\/www.aquilaguna.com\/index.php\/wp-json\/wp\/v2\/tags?post=17191"}],"curies":[{"name":"wp","href":"https:\/\/api.w.org\/{rel}","templated":true}]}}