{"id":17247,"date":"2023-09-21T18:15:30","date_gmt":"2023-09-22T00:15:30","guid":{"rendered":"https:\/\/www.aquilaguna.com\/?p=17247"},"modified":"2023-09-21T18:15:30","modified_gmt":"2023-09-22T00:15:30","slug":"en-coahuila-prevalece-la-unidad-y-se-prioriza-su-desarrollo-mars","status":"publish","type":"post","link":"https:\/\/www.aquilaguna.com\/index.php\/2023\/09\/21\/en-coahuila-prevalece-la-unidad-y-se-prioriza-su-desarrollo-mars\/","title":{"rendered":"EN COAHUILA PREVALECE LA UNIDAD Y SE PRIORIZA SU DESARROLLO: MARS."},"content":{"rendered":"\n<p>\u00b7\u00a0\u00a0\u00a0\u00a0\u00a0\u00a0<strong><em>\u00a0Junto a Manolo Jim\u00e9nez y Jos\u00e9 Mar\u00eda Fraustro, el gobernador Miguel Riquelme inaugura el \u2018Paseo Capital\u2019<\/em><\/strong><\/p>\n\n\n\n<p>Saltillo, Coahuila de Zaragoza; a 20 de Septiembre de 2023.- \u201cEn Coahuila sabemos establecer acuerdos y trabajar en equipo por el bien de todos\u201d, reiter\u00f3 el gobernador Miguel \u00c1ngel Riquelme Sol\u00eds durante la inauguraci\u00f3n del \u201cPaseo Capital\u201d, ceremonia en la que estuvo acompa\u00f1ado por el Gobernador Electo, Manolo Jim\u00e9nez Salinas, y Jos\u00e9 Mar\u00eda Fraustro Siller, Alcalde de Saltillo.&nbsp;<\/p>\n\n\n\n<p>Esta obra, en la que se invirtieron m\u00e1s de 35.7 millones de pesos, da vida e impulsa las bellas zonas peatonales del Centro Hist\u00f3rico de Saltillo. Fue concebida para generar y fortalecer un entorno humano seguro y ecol\u00f3gicamente saludable, as\u00ed como devolver las calles a sus habitantes.<\/p>\n\n\n\n<p>El Mandatario estatal destac\u00f3 que con el Municipio, primero con el anterior alcalde, Manolo Jim\u00e9nez, y ahora con Jos\u00e9 Mar\u00eda Fraustro, han unido esfuerzos y sumado recursos para atender todos los temas del desarrollo, crecimiento y bienestar de la poblaci\u00f3n.<\/p>\n\n\n\n<p>Reiter\u00f3 que su prioridad ha sido y lo ser\u00e1 hasta el \u00faltimo momento de su gesti\u00f3n la seguridad p\u00fablica, adem\u00e1s de impulsar el crecimiento econ\u00f3mico y el desarrollo del comercio como fuentes generadoras de empleo y oportunidades.<\/p>\n\n\n\n<p>Riquelme Sol\u00eds celebr\u00f3 entregar a la comunidad el \u201cPaseo Capital\u201d, con el cual se ha transformado el Centro de la Ciudad y es ya un gran legado del Ayuntamiento para Saltillo, por lo que felicit\u00f3 al alcalde Jos\u00e9 Mar\u00eda Fraustro, al Cabildo y la Administraci\u00f3n Municipal, por hacer realidad el proyecto y convertir este espacio en \u00e1rea peatonal.<\/p>\n\n\n\n<p>\u201cEste d\u00eda confirmamos que en nuestro estado prevalece la unidad, y sobre cualquier tipo de inter\u00e9s particular o pol\u00edtico, anteponemos el desarrollo de Coahuila\u201d, asegur\u00f3.&nbsp;<\/p>\n\n\n\n<p>Expres\u00f3 que el Centro Hist\u00f3rico pertenece a todos los habitantes, al tiempo de reiterar a los comerciantes de este sector, que valora mucho su comprensi\u00f3n y apoyo.<\/p>\n\n\n\n<p>\u201cCon esta infraestructura urbana, el Centro de Saltillo recupera su arquitectura vern\u00e1cula y colonial. En conjunto con el Mirador, los edificios y los museos, conformamos un renovado circuito que fomentar\u00e1 a\u00fan m\u00e1s el turismo religioso y cultural, la gastronom\u00eda y el comercio\u201d, agreg\u00f3.<\/p>\n\n\n\n<p>El Gobernador de Coahuila reiter\u00f3 que en los d\u00edas que restan de su Gobierno, su mayor responsabilidad es mantener la seguridad, el impulso al crecimiento econ\u00f3mico y la generaci\u00f3n de empleo formal.<\/p>\n\n\n\n<p>Se\u00f1al\u00f3 que se lleva a cabo un proceso de Entrega-Recepci\u00f3n ordenado y responsable para que desde el primer d\u00eda pueda emprender su proyecto social el Gobernador Electo, Manolo Jim\u00e9nez Salinas.<\/p>\n\n\n\n<p>De la misma manera, reiter\u00f3 su gratitud a los habitantes de la Capital del Estado por su acompa\u00f1amiento, solidaridad y respaldo permanente.&nbsp;<\/p>\n\n\n\n<p>Por su parte, Manolo Jim\u00e9nez mencion\u00f3 que Saltillo es una ciudad que se ha construido entre la sociedad, la Iniciativa Privada y los gobiernos.<\/p>\n\n\n\n<p>Record\u00f3 que con el gobernador Miguel Riquelme tuvo la oportunidad de desarrollar muchos proyectos y programas en su gesti\u00f3n como Alcalde de Saltillo, al igual que se est\u00e1 haciendo con Jos\u00e9 Mar\u00eda Fraustro, actual Presidente Municipal.<\/p>\n\n\n\n<p>\u201cVamos a seguir trabajando por Coahuila y por Saltillo. Vamos a seguir desarrollando muchas obras y proyectos en equipo con la sociedad, con un objetivo principal: mejorar todos los d\u00edas la calidad de vida de nuestra gente\u201d, enfatiz\u00f3 el Gobernador Electo.<\/p>\n\n\n\n<p>Reiter\u00f3 que el tema de seguridad es el m\u00e1s importante para Coahuila, por lo que se est\u00e1n preparando para cuando inicie su Administraci\u00f3n, para que los delincuentes se sigan \u201ctopando con pared\u201d.<\/p>\n\n\n\n<p>El alcalde Jos\u00e9 Mar\u00eda Fraustro reconoci\u00f3 al gobernador Miguel Riquelme por todo su apoyo y por su firme respaldo, el cual, junto con la ciudadan\u00eda, le permiten seguir avanzando y cumpliendo las metas.<\/p>\n\n\n\n<p>Adem\u00e1s, coment\u00f3 que Paseo Capital es una obra de gran impacto que requiri\u00f3 de la participaci\u00f3n y del apoyo de los diferentes sectores de la poblaci\u00f3n, siempre con miras a tener una mejor ciudad.<\/p>\n\n\n\n<p>\u201cEste nuevo andador ser\u00e1 s\u00f3lo el inicio de la conversi\u00f3n de nuestro Centro Hist\u00f3rico en uno m\u00e1s humano, m\u00e1s inclusivo y con calidad, y que sea apto para todas y todos\u201d, se\u00f1al\u00f3.&nbsp;<\/p>\n\n\n\n<p>De igual manera, agradeci\u00f3 a Monse\u00f1or Hilario Gonz\u00e1lez Garc\u00eda, Obispo de la Di\u00f3cesis de Saltillo, por su incondicional apoyo a la construcci\u00f3n de un mejor Centro Hist\u00f3rico y una mejor ciudad: \u201cSu solidaridad nos ha permitido fortalecer acciones tambi\u00e9n en materia de arte y cultura\u201d.<\/p>\n\n\n\n<p>En esta inauguraci\u00f3n de Paseo Capital estuvieron presentes, adem\u00e1s, la presidenta del DIF Municipal, Beatriz D\u00e1vila Garza; las diputadas locales Mar\u00eda B\u00e1rbara Cepeda Boheringer y Luz Elena Morales N\u00fa\u00f1ez; Monse\u00f1or Hilario Gonz\u00e1lez Garc\u00eda, Obispo de la Di\u00f3cesis de Saltillo; Armando Fuentes Aguirre \u201cCat\u00f3n\u201d, Cronista de la Ciudad; Arturo Berrueto Gonz\u00e1lez, presidente del Colegio Coahuilense de Investigaciones Hist\u00f3ricas y exalcalde de Saltillo, y Roberto Rojas Oyervides, presidente de la Asociaci\u00f3n de Comerciantes del Centro de la Ciudad.<\/p>\n\n\n\n<p>Adem\u00e1s de C\u00e9sar Augusto Escalera, Director del Recinto de Ju\u00e1rez; Azucena Ramos Ramos, Secretaria de Turismo y Pueblos M\u00e1gicos de Coahuila; Miguel \u00c1ngel Alagara Acosta, Secretario de Infraestructura, Desarrollo Urbano y Movilidad; integrantes del Cabildo Municipal, funcionarios del Gobierno Estatal y Municipal.<\/p>\n\n\n\n<p>Tambi\u00e9n Alejandro Fuentes Gil y Alejandro Fuentes Quezada, creadores de la escultura \u201cJinete del Desierto\u201d, representantes y dirigentes de organizaciones de la sociedad civil, empresarios y presidentes y representantes de las c\u00e1maras empresariales.<\/p>\n\n\n\n<p><strong>PASEO CAPITAL<\/strong><\/p>\n\n\n\n<p>Paseo Capital, adem\u00e1s de ser un concepto tur\u00edstico, art\u00edstico-cultural y que innova el esparcimiento saludable en las familias, se encuentra en sinton\u00eda con los Acuerdos de la Agenda 2030 para el Desarrollo Sostenible en materia ambiental, de mejora de los espacios p\u00fablicos en favor del desarrollo humano a trav\u00e9s de un medio ambiente sin riesgos, limpio, saludable y sostenible.<\/p>\n\n\n\n<p>Con el impulso de los gobiernos Estatal y Municipal se trabaj\u00f3 en la transformaci\u00f3n de este espacio, que detona la movilidad peatonal e impulsa el comercio y turismo, y que es parte de la nueva realidad ambiental y a favor del ecosistema y biodiversidad de nuestra regi\u00f3n.<\/p>\n\n\n\n<p>La calle Ju\u00e1rez, antes de este proyecto no contaba con arbolado, y Paseo Capital resarce este faltante, con la colocaci\u00f3n de jardineras y \u00e1rboles de especies cresp\u00f3n y encino en su trayecto.<\/p>\n\n\n\n<p>Se trabaj\u00f3 en las calles:<\/p>\n\n\n\n<p>&#8211; Benito Ju\u00e1rez: entre Nicol\u00e1s Bravo e Hidalgo \/ Hidalgo y Allende.<\/p>\n\n\n\n<p>&#8211; Victoria: entre Allende y Morelos.<\/p>\n\n\n\n<p>&#8211; Padre Flores: entre Victoria y Aldama.<\/p>\n\n\n\n<p>&#8211; Abbott: entre Padre Flores y Allende.<\/p>\n\n\n\n<p>&#8211; Melchor Ocampo: entre Padre Flores y Allende.<\/p>\n\n\n\n<p>&#8211; Se trabaj\u00f3 un \u00e1rea total de 5,630 metros cuadrados. Se instalaron 4,850 m2 de piso r\u00fastico.<\/p>\n\n\n\n<p>&#8211; Se construyeron 20 jardineras met\u00e1licas con deck imitaci\u00f3n madera, y se colocaron 23 \u00e1rboles tipo cresp\u00f3n y encino.<\/p>\n\n\n\n<p>&#8211; Se instal\u00f3 l\u00ednea tactopodal, 4 sem\u00e1foros auditivos y rampas apoyando a personas con discapacidad.<\/p>\n\n\n\n<p>&#8211; Se colocaron luminarias tipo colonial y cestos para basura.<\/p>\n\n\n\n<p>&#8211; Se instalaron 28 bancas tipo federal de acero y fundici\u00f3n en aluminio.<\/p>\n\n\n\n<p>&#8211; En el cruce de Hidalgo y Ju\u00e1rez se coloc\u00f3 la Rosa de los Vientos.<\/p>\n\n\n\n<p>&#8211; En la calle de Victoria se coloc\u00f3 una estatua monumental de un jinete de Rodeo, la cual reconoce a Saltillo como La Ciudad m\u00e1s Vaquera del Pa\u00eds.<\/p>\n\n\n\n<p>&#8211; Se subterraniz\u00f3 y renov\u00f3 infraestructura de CFE, Telmex, l\u00edneas de agua, drenaje sanitario y fibra \u00f3ptica.<\/p>\n","protected":false},"excerpt":{"rendered":"<p>\u00b7\u00a0\u00a0\u00a0\u00a0\u00a0\u00a0\u00a0Junto a Manolo Jim\u00e9nez y Jos\u00e9 Mar\u00eda Fraustro, el gobernador Miguel Riquelme inaugura el \u2018Paseo Capital\u2019 Saltillo, Coahuila de Zaragoza; a 20 de Septiembre de 2023.- \u201cEn Coahuila sabemos establecer acuerdos y trabajar en equipo por el bien de todos\u201d, reiter\u00f3 el gobernador Miguel \u00c1ngel Riquelme Sol\u00eds durante la inauguraci\u00f3n del \u201cPaseo Capital\u201d, ceremonia en la que estuvo acompa\u00f1ado por el Gobernador Electo, Manolo Jim\u00e9nez Salinas, y Jos\u00e9 Mar\u00eda Fraustro&#8230;<\/p>\n","protected":false},"author":1,"featured_media":17248,"comment_status":"closed","ping_status":"closed","sticky":false,"template":"","format":"standard","meta":{"footnotes":""},"categories":[5,15],"tags":[],"class_list":["post-17247","post","type-post","status-publish","format-standard","has-post-thumbnail","hentry","category-coahuila","category-gobierno-de-coahuila","wpcat-5-id","wpcat-15-id"],"_links":{"self":[{"href":"https:\/\/www.aquilaguna.com\/index.php\/wp-json\/wp\/v2\/posts\/17247","targetHints":{"allow":["GET"]}}],"collection":[{"href":"https:\/\/www.aquilaguna.com\/index.php\/wp-json\/wp\/v2\/posts"}],"about":[{"href":"https:\/\/www.aquilaguna.com\/index.php\/wp-json\/wp\/v2\/types\/post"}],"author":[{"embeddable":true,"href":"https:\/\/www.aquilaguna.com\/index.php\/wp-json\/wp\/v2\/users\/1"}],"replies":[{"embeddable":true,"href":"https:\/\/www.aquilaguna.com\/index.php\/wp-json\/wp\/v2\/comments?post=17247"}],"version-history":[{"count":1,"href":"https:\/\/www.aquilaguna.com\/index.php\/wp-json\/wp\/v2\/posts\/17247\/revisions"}],"predecessor-version":[{"id":17249,"href":"https:\/\/www.aquilaguna.com\/index.php\/wp-json\/wp\/v2\/posts\/17247\/revisions\/17249"}],"wp:featuredmedia":[{"embeddable":true,"href":"https:\/\/www.aquilaguna.com\/index.php\/wp-json\/wp\/v2\/media\/17248"}],"wp:attachment":[{"href":"https:\/\/www.aquilaguna.com\/index.php\/wp-json\/wp\/v2\/media?parent=17247"}],"wp:term":[{"taxonomy":"category","embeddable":true,"href":"https:\/\/www.aquilaguna.com\/index.php\/wp-json\/wp\/v2\/categories?post=17247"},{"taxonomy":"post_tag","embeddable":true,"href":"https:\/\/www.aquilaguna.com\/index.php\/wp-json\/wp\/v2\/tags?post=17247"}],"curies":[{"name":"wp","href":"https:\/\/api.w.org\/{rel}","templated":true}]}}