{"id":17259,"date":"2023-09-22T18:20:09","date_gmt":"2023-09-23T00:20:09","guid":{"rendered":"https:\/\/www.aquilaguna.com\/?p=17259"},"modified":"2023-09-22T18:20:09","modified_gmt":"2023-09-23T00:20:09","slug":"sesiona-el-consejo-de-planeacion-de-la-educacion-superior","status":"publish","type":"post","link":"https:\/\/www.aquilaguna.com\/index.php\/2023\/09\/22\/sesiona-el-consejo-de-planeacion-de-la-educacion-superior\/","title":{"rendered":"SESIONA EL CONSEJO DE PLANEACI\u00d3N DE LA EDUCACI\u00d3N SUPERIOR."},"content":{"rendered":"\n<p>Comarca Lagunera.- Con el objetivo de dar seguimiento a las instrucciones del<br>gobernador, Esteban Villegas Villareal, de brindar a los duranguenses de la regi\u00f3n<br>Laguna una educaci\u00f3n de calidad y con valor, que permita vincular a los futuros<br>profesionistas y sus planes de estudio con las necesidades del sector empresarial,<br>esta ma\u00f1ana en la Biblioteca de la Universidad Polit\u00e9cnica de G\u00f3mez Palacio,<br>sesion\u00f3 el Consejo de Planeaci\u00f3n de la Educaci\u00f3n Superior de Durango<br>(COEPES).<\/p>\n\n\n\n<p>La reuni\u00f3n fue presidida por el subsecretario de Educaci\u00f3n Media y Superior en el<br>Estado, Francisco Javier Ibarra Guel, quien inform\u00f3, que en la sesi\u00f3n ordinaria del<br>COEPES dieron continuidad a los trabajos de implementaci\u00f3n que marca la Ley<br>General de Educaci\u00f3n a nivel Federal, identificando y homologando los planes de<br>Desarrollo Institucionales de cada una de las instituciones tanto p\u00fablicas como<br>privadas; estatales y federales para as\u00ed poner en marcha estrategias de<br>vinculaci\u00f3n con el sector productivo.<\/p>\n\n\n\n<p>\u201cLa finalidad es proyectar la oferta educativa en Durango para los pr\u00f3ximos 5<br>a\u00f1os, para poder hermanar todo lo que es la capacitaci\u00f3n o la formaci\u00f3n de capital<br>humano, con los proyectos que est\u00e1 gestionando el gobernador, Esteban Villegas<br>Villarreal, y que seguramente ir\u00e1n llegando a todas las regiones de nuestro<br>estado\u201d, destac\u00f3.<\/p>\n\n\n\n<p>Sobre la respuesta que tienen estas sesiones, en las que han extendido la<br>invitaci\u00f3n a los empresarios mencion\u00f3, que est\u00e1n muy agradecidos por el<br>acompa\u00f1amiento, la suma de propuestas que han hecho y destac\u00f3, que tienen en<br>puerta un encuentro de cuerpos acad\u00e9micos denominado: \u201cInvestigaci\u00f3n<br>Educativa y Desarrollo Econ\u00f3mico\u201d, donde participar\u00e1n los empresarios a trav\u00e9s<br>de los diferentes cl\u00fasters de cada uno de los sectores para proyectar las<br>estrategias que en conjunto faciliten el desarrollo en cada una de las empresas,<br>tambi\u00e9n agradeci\u00f3 el acompa\u00f1amiento de la sociedad.<\/p>\n\n\n\n<p>\u201cHago un agradecimiento por la participaci\u00f3n de la sociedad civil que es muy<br>importante, ya que las acciones de profesionistas, colegios, que se sumen a estos<br>trabajo promovidos por parte del gobernador Esteban y el subsecretario de<\/p>\n\n\n\n<p>Educaci\u00f3n en la Laguna, Fernando Ulises Adame de Le\u00f3n, para que sea una<br>realidad y que formemos mejores j\u00f3venes de las escuelas de educaci\u00f3n superior,<br>para que al egresar cuenten con un empleo que genere mejores oportunidades y<br>que sobre todo permita que no se vayan del estado, porque si algo tiene Durango,<br>la Regi\u00f3n de la Laguna y de Las Quebradas es talento y queremos que se quede<br>con nosotros\u201d, finaliz\u00f3.<\/p>\n","protected":false},"excerpt":{"rendered":"<p>Comarca Lagunera.- Con el objetivo de dar seguimiento a las instrucciones delgobernador, Esteban Villegas Villareal, de brindar a los duranguenses de la regi\u00f3nLaguna una educaci\u00f3n de calidad y con valor, que permita vincular a los futurosprofesionistas y sus planes de estudio con las necesidades del sector empresarial,esta ma\u00f1ana en la Biblioteca de la Universidad Polit\u00e9cnica de G\u00f3mez Palacio,sesion\u00f3 el Consejo de Planeaci\u00f3n de la Educaci\u00f3n Superior de Durango(COEPES). La reuni\u00f3n&#8230;<\/p>\n","protected":false},"author":1,"featured_media":17260,"comment_status":"closed","ping_status":"closed","sticky":false,"template":"","format":"standard","meta":{"footnotes":""},"categories":[40,9,64],"tags":[],"class_list":["post-17259","post","type-post","status-publish","format-standard","has-post-thumbnail","hentry","category-durango","category-educacion","category-gobierno-de-durango","wpcat-40-id","wpcat-9-id","wpcat-64-id"],"_links":{"self":[{"href":"https:\/\/www.aquilaguna.com\/index.php\/wp-json\/wp\/v2\/posts\/17259","targetHints":{"allow":["GET"]}}],"collection":[{"href":"https:\/\/www.aquilaguna.com\/index.php\/wp-json\/wp\/v2\/posts"}],"about":[{"href":"https:\/\/www.aquilaguna.com\/index.php\/wp-json\/wp\/v2\/types\/post"}],"author":[{"embeddable":true,"href":"https:\/\/www.aquilaguna.com\/index.php\/wp-json\/wp\/v2\/users\/1"}],"replies":[{"embeddable":true,"href":"https:\/\/www.aquilaguna.com\/index.php\/wp-json\/wp\/v2\/comments?post=17259"}],"version-history":[{"count":1,"href":"https:\/\/www.aquilaguna.com\/index.php\/wp-json\/wp\/v2\/posts\/17259\/revisions"}],"predecessor-version":[{"id":17261,"href":"https:\/\/www.aquilaguna.com\/index.php\/wp-json\/wp\/v2\/posts\/17259\/revisions\/17261"}],"wp:featuredmedia":[{"embeddable":true,"href":"https:\/\/www.aquilaguna.com\/index.php\/wp-json\/wp\/v2\/media\/17260"}],"wp:attachment":[{"href":"https:\/\/www.aquilaguna.com\/index.php\/wp-json\/wp\/v2\/media?parent=17259"}],"wp:term":[{"taxonomy":"category","embeddable":true,"href":"https:\/\/www.aquilaguna.com\/index.php\/wp-json\/wp\/v2\/categories?post=17259"},{"taxonomy":"post_tag","embeddable":true,"href":"https:\/\/www.aquilaguna.com\/index.php\/wp-json\/wp\/v2\/tags?post=17259"}],"curies":[{"name":"wp","href":"https:\/\/api.w.org\/{rel}","templated":true}]}}