{"id":1729,"date":"2021-04-22T17:49:50","date_gmt":"2021-04-22T22:49:50","guid":{"rendered":"https:\/\/www.aquilaguna.com\/?p=1729"},"modified":"2021-04-22T17:49:51","modified_gmt":"2021-04-22T22:49:51","slug":"rector-toma-protesta-a-directores-en-gira-de-trabajo-por-la-unidad-torreon","status":"publish","type":"post","link":"https:\/\/www.aquilaguna.com\/index.php\/2021\/04\/22\/rector-toma-protesta-a-directores-en-gira-de-trabajo-por-la-unidad-torreon\/","title":{"rendered":"Rector Toma Protesta a Directores en Gira de Trabajo por la Unidad Torre\u00f3n."},"content":{"rendered":"\n<p>TORRE\u00d3N, Coahuila. 22 de abril de 2021.- En gira de trabajo por la Unidad<br>Torre\u00f3n, el rector de la Universidad Aut\u00f3noma de Coahuila, Salvador Hern\u00e1ndez<br>V\u00e9lez, tom\u00f3 protesta a los directores de las facultades de Odontolog\u00eda,<br>Administraci\u00f3n Fiscal y Financiera, del Instituto de Ense\u00f1anza Abierta y de la<br>Escuela de Licenciatura en Enfermer\u00eda.<\/p>\n\n\n\n<p>En cada uno de los planteles, el Rector, felicit\u00f3 a la comunidad universitaria por<br>vivir un proceso democr\u00e1tico y agradeci\u00f3 el trabajo que las escuelas han venido<br>realizado en medio de la pandemia, adapt\u00e1ndose y superando retos, por lo que los<br>convoc\u00f3 a continuar trabajando por el mismo camino y a redoblar esfuerzos en<br>beneficio de las y los universitarios.<\/p>\n\n\n\n<p>Por otro lado, inform\u00f3 que posterior a la vacunaci\u00f3n de todo el personal docente,<br>administrativo y manual de la Universidad, el regreso a la normalidad laboral ser\u00e1<br>de manera paulatina y de igual manera se preparar\u00e1 un regreso a clases seguro,<br>ya sea en modalidad presencial o semipresencial.<\/p>\n\n\n\n<p>Agreg\u00f3 que la renovaci\u00f3n del modelo y programas educativos en la UAdeC, son<br>fundamentales, los cuales deben estar pensados en funci\u00f3n de la sociedad,<br>especialmente en esta era digital en la que constantemente surgen<br>transformaciones.<\/p>\n\n\n\n<p>El rector, Salvador Hern\u00e1ndez V\u00e9lez, tom\u00f3 protesta como director de la Facultad<br>de Odontolog\u00eda a Rodolfo Parada Fern\u00e1ndez, mientras que, en el Instituto de<br>Ense\u00f1anza Abierta, a Jos\u00e9 Antonio Puentes Olmos, al director de la Facultad de<br>Administraci\u00f3n Fiscal y Financiera, V\u00edctor Pedro Rodr\u00edguez Vidal y en la Escuela<br>de Licenciatura en Enfermer\u00eda a Francisco Javier L\u00f3pez Rinc\u00f3n.<\/p>\n\n\n\n<p>Los directores de los cuatro planteles agradecieron el apoyo que siempre brinda la<br>Rector\u00eda y refrendaron su compromiso con la Universidad para continuar<br>mejorando sus programas acad\u00e9micos y fortalecer los v\u00ednculos que se tienen con<br>la comunidad.<\/p>\n","protected":false},"excerpt":{"rendered":"<p>TORRE\u00d3N, Coahuila. 22 de abril de 2021.- En gira de trabajo por la UnidadTorre\u00f3n, el rector de la Universidad Aut\u00f3noma de Coahuila, Salvador Hern\u00e1ndezV\u00e9lez, tom\u00f3 protesta a los directores de las facultades de Odontolog\u00eda,Administraci\u00f3n Fiscal y Financiera, del Instituto de Ense\u00f1anza Abierta y de laEscuela de Licenciatura en Enfermer\u00eda. En cada uno de los planteles, el Rector, felicit\u00f3 a la comunidad universitaria porvivir un proceso democr\u00e1tico y agradeci\u00f3 el trabajo&#8230;<\/p>\n","protected":false},"author":1,"featured_media":1730,"comment_status":"closed","ping_status":"closed","sticky":false,"template":"","format":"standard","meta":{"footnotes":""},"categories":[7,2],"tags":[],"class_list":["post-1729","post","type-post","status-publish","format-standard","has-post-thumbnail","hentry","category-torreon","category-uadec","wpcat-7-id","wpcat-2-id"],"_links":{"self":[{"href":"https:\/\/www.aquilaguna.com\/index.php\/wp-json\/wp\/v2\/posts\/1729","targetHints":{"allow":["GET"]}}],"collection":[{"href":"https:\/\/www.aquilaguna.com\/index.php\/wp-json\/wp\/v2\/posts"}],"about":[{"href":"https:\/\/www.aquilaguna.com\/index.php\/wp-json\/wp\/v2\/types\/post"}],"author":[{"embeddable":true,"href":"https:\/\/www.aquilaguna.com\/index.php\/wp-json\/wp\/v2\/users\/1"}],"replies":[{"embeddable":true,"href":"https:\/\/www.aquilaguna.com\/index.php\/wp-json\/wp\/v2\/comments?post=1729"}],"version-history":[{"count":1,"href":"https:\/\/www.aquilaguna.com\/index.php\/wp-json\/wp\/v2\/posts\/1729\/revisions"}],"predecessor-version":[{"id":1731,"href":"https:\/\/www.aquilaguna.com\/index.php\/wp-json\/wp\/v2\/posts\/1729\/revisions\/1731"}],"wp:featuredmedia":[{"embeddable":true,"href":"https:\/\/www.aquilaguna.com\/index.php\/wp-json\/wp\/v2\/media\/1730"}],"wp:attachment":[{"href":"https:\/\/www.aquilaguna.com\/index.php\/wp-json\/wp\/v2\/media?parent=1729"}],"wp:term":[{"taxonomy":"category","embeddable":true,"href":"https:\/\/www.aquilaguna.com\/index.php\/wp-json\/wp\/v2\/categories?post=1729"},{"taxonomy":"post_tag","embeddable":true,"href":"https:\/\/www.aquilaguna.com\/index.php\/wp-json\/wp\/v2\/tags?post=1729"}],"curies":[{"name":"wp","href":"https:\/\/api.w.org\/{rel}","templated":true}]}}