{"id":17316,"date":"2023-09-26T19:50:39","date_gmt":"2023-09-27T01:50:39","guid":{"rendered":"https:\/\/www.aquilaguna.com\/?p=17316"},"modified":"2023-09-26T19:50:40","modified_gmt":"2023-09-27T01:50:40","slug":"agradece-mars-a-las-fuerzas-armadas-por-hacer-de-coahuila-un-estado-mas-fuerte-con-seguridad-de-progreso-y-estabilidad-social","status":"publish","type":"post","link":"https:\/\/www.aquilaguna.com\/index.php\/2023\/09\/26\/agradece-mars-a-las-fuerzas-armadas-por-hacer-de-coahuila-un-estado-mas-fuerte-con-seguridad-de-progreso-y-estabilidad-social\/","title":{"rendered":"AGRADECE MARS A LAS FUERZAS ARMADAS POR HACER DE COAHUILA UN ESTADO M\u00c1S FUERTE, CON SEGURIDAD, DE PROGRESO Y ESTABILIDAD SOCIAL."},"content":{"rendered":"\n<p>\u00b7\u00a0\u00a0\u00a0\u00a0\u00a0\u00a0<strong><em>\u00a0Se inscribe con letras doradas, en el Muro de Honor del Palacio Legislativo, la leyenda \u20182023, A\u00f1o del Bicentenario del Heroico Colegio Militar\u2019.<\/em><\/strong><\/p>\n\n\n\n<p>\u00b7&nbsp;&nbsp;&nbsp;&nbsp;&nbsp;&nbsp;<strong><em>Ante la presencia del General Luis Cresencio Sandoval, Secretario de la Defensa Nacional.<\/em><\/strong><\/p>\n\n\n\n<p>Saltillo, Coahuila de Zaragoza; a 26 de Septiembre de 2023.- El gobernador Miguel \u00c1ngel Riquelme Sol\u00eds, junto al Secretario de la Defensa Nacional, General Luis Cresencio Sandoval, as\u00ed como los titulares de los Poderes del Estado, Eduardo Olmos Castro, diputado Presidente de la Junta de Gobierno del Congreso Local, y Miguel Felipe Mery Ayup, magistrado Presidente del Tribunal Superior de Justicia, presidieron la Sesi\u00f3n Solemne en la que se inscribieron con letras doradas, en el Muro de Honor del Palacio Legislativo, la leyenda \u201c2023, A\u00f1o del Bicentenario del Heroico Colegio Militar\u201d.<\/p>\n\n\n\n<p>Ante la presencia del General Ricardo Trevilla Trejo, Jefe del Estado Mayor Conjunto de la Defensa Nacional, y del General Jorge Antonio Maldonado Guevara, Director del Heroico Colegio Militar, as\u00ed como de diputadas y diputados en funciones y electos, el Gobernador de Coahuila agradeci\u00f3 y reconoci\u00f3 al titular de la SEDENA por su contribuci\u00f3n fundamental para hacer de Coahuila un estado m\u00e1s fuerte, con seguridad, de progreso y estabilidad social.<\/p>\n\n\n\n<p>\u201cNos sentimos muy honrados con su presencia y nos enorgullece que hoy, entre los Poderes del Estado de Coahuila de Zaragoza nos unamos con fervor a la conmemoraci\u00f3n nacional de los 200 a\u00f1os de una instituci\u00f3n se\u00f1era de la historia de gloria del Ej\u00e9rcito Mexicano: El Heroico Colegio Militar\u201d, manifest\u00f3.<\/p>\n\n\n\n<p>Riquelme Sol\u00eds expres\u00f3 que en Coahuila nos llena de orgullo ser la cuna y la casa permanente del Ej\u00e9rcito Mexicano: \u201cYa que con esta instituci\u00f3n de grandeza afrontamos uno de los per\u00edodos m\u00e1s convulsos de la historia contempor\u00e1nea y construimos el f\u00e9rreo blindaje contra los enemigos de la Ley en las cinco regiones de la entidad\u201d.<\/p>\n\n\n\n<p>Dijo, adem\u00e1s, que durante todo su sexenio el acompa\u00f1amiento del Ej\u00e9rcito fue fundamental para que, entre sociedad y Gobierno, pudieran enfrentar desaf\u00edos hist\u00f3ricos y dificultades sin precedente.<\/p>\n\n\n\n<p>El Mandatario estatal indic\u00f3 que el compromiso de Coahuila con el Ej\u00e9rcito Mexicano se tradujo en el fortalecimiento de la infraestructura militar en las cinco regiones de nuestro estado.<\/p>\n\n\n\n<p>En ese sentido, record\u00f3 que nuestra entidad cuenta hoy con 18 cuarteles y un hospital militar, con una capacidad para albergar m\u00e1s de 7,600 efectivos.&nbsp;<\/p>\n\n\n\n<p>\u201cLa inversi\u00f3n en infraestructura militar representa un monto superior a los 2,500 millones de pesos\u201d, inform\u00f3.<\/p>\n\n\n\n<p>Miguel Riquelme reiter\u00f3 que este d\u00eda le llena de orgullo que los Poderes del Estado se unen a la celebraci\u00f3n del Bicentenario del Heroico Colegio Militar.&nbsp;<\/p>\n\n\n\n<p>Mencion\u00f3 que en esta Sesi\u00f3n Solemne se inscribe con letras doradas en el Muro de Honor del Palacio Legislativo, la leyenda \u201c2023, A\u00f1o del Bicentenario del Heroico Colegio Militar\u201d.<\/p>\n\n\n\n<p>\u201cEsta instituci\u00f3n es para los mexicanos el plantel por excelencia donde se forman los oficiales de nuestro glorioso Ej\u00e9rcito. Es fruto de un largo proceso de tradici\u00f3n guerrera que se nutri\u00f3 de dos grandes culturas: la occidental europea y la prehisp\u00e1nica. Esta \u00faltima una herencia milenaria que proviene de los pueblos originales\u201d, coment\u00f3.<\/p>\n\n\n\n<p>Riquelme Sol\u00eds destac\u00f3 que el Heroico Colegio Militar ha recogido y sumado a lo largo de dos intensos siglos de historia nacional los momentos m\u00e1s gloriosos, que costaron a la Patria la sangre de sus hijos, de los soldados de M\u00e9xico y de oficiales de nuestro Ej\u00e9rcito.<\/p>\n\n\n\n<p>En su intervenci\u00f3n, record\u00f3 dos pasajes donde los coahuilenses y su territorio fueron testigos de la grandeza de nuestro Ej\u00e9rcito, al describir las acciones gloriosas de \u201cLa batalla de El \u00c1lamo\u201d y \u201cLa Batalla de la Angostura\u201d.<\/p>\n\n\n\n<p>Record\u00f3 adem\u00e1s la gesta heroica de los j\u00f3venes cadetes del Colegio Militar en septiembre de 1847, es una lecci\u00f3n ejemplar de hero\u00edsmo, valor y lealtad en la defensa del Castillo de Chapultepec y del territorio mexicano.<\/p>\n\n\n\n<p>\u201cCon la tradici\u00f3n republicana de Coahuila de Zaragoza, en este Estado naci\u00f3 para M\u00e9xico en 1913 el actual Ej\u00e9rcito Nacional bajo el liderazgo del gobernador Venustiano Carranza\u201d, asever\u00f3.&nbsp;<\/p>\n\n\n\n<p>\u201cEn Coahuila, son tiempos de recuperaci\u00f3n social y econ\u00f3mica, Coahuila se ha ratificado como una potencia industrial y productiva.&nbsp;<\/p>\n\n\n\n<p>\u201cLos altos niveles de seguridad, gobernabilidad y Estado de Derecho que prevalecen en nuestro territorio han sido factores decisivos para que Coahuila sea territorio clave en el proceso de relocalizaci\u00f3n de la industria y la manufactura que se vive el noreste del pa\u00eds\u201d, expuso.<\/p>\n\n\n\n<p>Reiter\u00f3 que esta condici\u00f3n, aunada a las capacidades productivas altamente especializadas de nuestra gente, el acuerdo entre los actores de la producci\u00f3n y la conexi\u00f3n estrat\u00e9gica con los mercados internacionales, nos sit\u00faan a la vanguardia nacional del desarrollo de la industria de la electro-movilidad.&nbsp;<\/p>\n\n\n\n<p>Miguel Riquelme record\u00f3 que el pr\u00f3ximo 30 de noviembre, entrega una Administraci\u00f3n con un Coahuila fuerte y unido, que transita por la ruta de la legalidad, el progreso y el equilibrio social.<\/p>\n\n\n\n<p>\u201cNos preparamos para una transici\u00f3n ordenada y responsable que garantice un Coahuila en marcha y preparado para emprender el proyecto social de quien a partir del 1\u00ba de diciembre asumir\u00e1 la titularidad del Ejecutivo Estatal, el Gobernador Electo, Manolo Jim\u00e9nez Salinas\u201d, se\u00f1al\u00f3.<\/p>\n\n\n\n<p>Asegur\u00f3 que este entorno pac\u00edfico y tranquilo que permite este momento decisivo para el futuro de Coahuila, no hubiera posible sin la presencia y contribuci\u00f3n de las Fuerzas Armadas: El Ej\u00e9rcito Mexicano y la Guardia Nacional.<\/p>\n\n\n\n<p>\u201cA partir de hoy, queda grabado con letras de oro en el Muro de Honor de este Palacio Legislativo, la historia de gloria de la instituci\u00f3n de nobleza, valor y honor, donde d\u00eda a d\u00eda se forman las y los militares que con esfuerzo, sacrificio y lealtad, honran y engrandecen a M\u00e9xico\u201d, destac\u00f3 el gobernador Miguel Riquelme.<\/p>\n\n\n\n<p>Por su parte, Eduardo Olmos, diputado Presidente de la Junta de Gobierno del Congreso Local, mencion\u00f3 que desde la Independencia, la Reforma y la Revoluci\u00f3n, el Ej\u00e9rcito Mexicano y el Colegio Militar han sido protagonistas de las p\u00e1ginas m\u00e1s gloriosas de nuestra historia.<\/p>\n\n\n\n<p>\u201cHoy, en Coahuila y en todo M\u00e9xico celebramos esta historia de entrega a la Patria, que ha ganado para el Heroico Colegio Militar el reconocimiento de todos los coahuilenses, quienes les refrendamos nuestra m\u00e1s respetuosa gratitud con este sentido y c\u00e1lido aplauso\u201d, expres\u00f3.<\/p>\n\n\n\n<p>Se\u00f1al\u00f3 que, como coahuilenses, refrendamos nuestro respeto y apoyo al Ej\u00e9rcito Mexicano y sus instituciones en la tarea coordinada con los diferentes \u00f3rdenes de gobierno y el liderazgo del gobernador Miguel \u00c1ngel Riquelme Sol\u00eds en las acciones que permiten resguardar el orden y la paz social de nuestras ciudades, comunidades, carreteras y territorio, por lo que nuestro homenaje y reconocimiento es diario y es permanente.<\/p>\n\n\n\n<p>\u201cLas diputadas y diputados que integramos esta LXII legislatura, con la honrosa representaci\u00f3n del pueblo coahuilense reconocemos a trav\u00e9s de esta sesi\u00f3n solemne y la inscripci\u00f3n con letras doradas en el Muro de Honor de este Palacio Legislativo, al Heroico Colegio Militar, instituci\u00f3n constructora del futuro de la naci\u00f3n que renueva nuestro patriotismo y confianza en las Fuerzas Armadas, pilares de la fortaleza y el desarrollo de M\u00e9xico\u201d, puntualiz\u00f3 el diputado Eduardo Olmos.<\/p>\n\n\n\n<p>El Director del Heroico Colegio Militar, General Jorge Antonio Maldonado Guevara, agradeci\u00f3 que el pueblo de Coahuila se una a la celebraci\u00f3n del bicentenario de la creaci\u00f3n del Heroico Colegio Militar: \u201cMayor relevancia adquiere esta ceremonia, al ser esta entidad cuna del Constitucionalismo Mexicano\u201d.<\/p>\n\n\n\n<p>\u201cEn nombre de quienes integramos el Instituto Armado y, de manera particular, el Heroico Colegio Militar, agradecemos la distinci\u00f3n que hoy nos confiere el Poder Legislativo y el Estado de Coahuila, al plasmar en el Muro de Honor de este recinto la leyenda \u20182023, A\u00f1o del Bicentenario del Heroico Colegio Militar\u2019\u201d.<\/p>\n\n\n\n<p>En esta Sesi\u00f3n Solemne estuvieron presentes, adem\u00e1s, General Eufemio Alberto Ibarra Flores, Comandante de la Once Regi\u00f3n Militar; General Guillermo Arellano Morales, Comandante de la Sexta Zona Militar; General Luis Sedano Ram\u00edrez, Coordinador Estatal de la Guardia Nacional en Coahuila; Manolo Jim\u00e9nez Salinas, Gobernador Electo; Presidente Municipal de Saltillo, Jos\u00e9 Mar\u00eda Fraustro Siller, y Gerardo M\u00e1rquez Guevara, Fiscal General de Coahuila.<\/p>\n\n\n\n<p>Funcionarios de los tres \u00f3rdenes de gobierno y alcaldesas y alcaldes de los municipios de la entidad.<\/p>\n","protected":false},"excerpt":{"rendered":"<p>\u00b7\u00a0\u00a0\u00a0\u00a0\u00a0\u00a0\u00a0Se inscribe con letras doradas, en el Muro de Honor del Palacio Legislativo, la leyenda \u20182023, A\u00f1o del Bicentenario del Heroico Colegio Militar\u2019. \u00b7&nbsp;&nbsp;&nbsp;&nbsp;&nbsp;&nbsp;Ante la presencia del General Luis Cresencio Sandoval, Secretario de la Defensa Nacional. Saltillo, Coahuila de Zaragoza; a 26 de Septiembre de 2023.- El gobernador Miguel \u00c1ngel Riquelme Sol\u00eds, junto al Secretario de la Defensa Nacional, General Luis Cresencio Sandoval, as\u00ed como los titulares de los Poderes&#8230;<\/p>\n","protected":false},"author":1,"featured_media":17317,"comment_status":"closed","ping_status":"closed","sticky":false,"template":"","format":"standard","meta":{"footnotes":""},"categories":[5,15],"tags":[],"class_list":["post-17316","post","type-post","status-publish","format-standard","has-post-thumbnail","hentry","category-coahuila","category-gobierno-de-coahuila","wpcat-5-id","wpcat-15-id"],"_links":{"self":[{"href":"https:\/\/www.aquilaguna.com\/index.php\/wp-json\/wp\/v2\/posts\/17316","targetHints":{"allow":["GET"]}}],"collection":[{"href":"https:\/\/www.aquilaguna.com\/index.php\/wp-json\/wp\/v2\/posts"}],"about":[{"href":"https:\/\/www.aquilaguna.com\/index.php\/wp-json\/wp\/v2\/types\/post"}],"author":[{"embeddable":true,"href":"https:\/\/www.aquilaguna.com\/index.php\/wp-json\/wp\/v2\/users\/1"}],"replies":[{"embeddable":true,"href":"https:\/\/www.aquilaguna.com\/index.php\/wp-json\/wp\/v2\/comments?post=17316"}],"version-history":[{"count":1,"href":"https:\/\/www.aquilaguna.com\/index.php\/wp-json\/wp\/v2\/posts\/17316\/revisions"}],"predecessor-version":[{"id":17318,"href":"https:\/\/www.aquilaguna.com\/index.php\/wp-json\/wp\/v2\/posts\/17316\/revisions\/17318"}],"wp:featuredmedia":[{"embeddable":true,"href":"https:\/\/www.aquilaguna.com\/index.php\/wp-json\/wp\/v2\/media\/17317"}],"wp:attachment":[{"href":"https:\/\/www.aquilaguna.com\/index.php\/wp-json\/wp\/v2\/media?parent=17316"}],"wp:term":[{"taxonomy":"category","embeddable":true,"href":"https:\/\/www.aquilaguna.com\/index.php\/wp-json\/wp\/v2\/categories?post=17316"},{"taxonomy":"post_tag","embeddable":true,"href":"https:\/\/www.aquilaguna.com\/index.php\/wp-json\/wp\/v2\/tags?post=17316"}],"curies":[{"name":"wp","href":"https:\/\/api.w.org\/{rel}","templated":true}]}}