{"id":17378,"date":"2023-10-02T18:48:03","date_gmt":"2023-10-03T00:48:03","guid":{"rendered":"https:\/\/www.aquilaguna.com\/?p=17378"},"modified":"2023-10-02T18:48:03","modified_gmt":"2023-10-03T00:48:03","slug":"bomberos-de-torreon-participan-en-congreso-internacional-en-tijuana","status":"publish","type":"post","link":"https:\/\/www.aquilaguna.com\/index.php\/2023\/10\/02\/bomberos-de-torreon-participan-en-congreso-internacional-en-tijuana\/","title":{"rendered":"Bomberos de Torre\u00f3n participan en congreso internacional en Tijuana."},"content":{"rendered":"\n<p>Torre\u00f3n, Coahuila. A 02 de septiembre de 2023.<\/p>\n\n\n\n<p>Este lunes inici\u00f3 el Segundo Congreso Internacional de Bomberos Tijuana, al que<br>acudieron seis elementos por parte del Municipio de Torre\u00f3n para certificarse y a<br>su regreso, replicar el conocimiento adquirido entre los dem\u00e1s miembros de la<br>corporaci\u00f3n.<\/p>\n\n\n\n<p>Jorge Luis Ju\u00e1rez Llanas, director de Protecci\u00f3n Civil y Bomberos de Torre\u00f3n, dio<br>a conocer que el congreso inici\u00f3 el d\u00eda de hoy, para concluir el pr\u00f3ximo viernes 06<br>de octubre, a donde acudieron los elementos a capacitarse.<\/p>\n\n\n\n<p>Los representantes del cuerpo de Bomberos de Torre\u00f3n salieron el pasado<br>s\u00e1bado a la ciudad de Tijuana.<\/p>\n\n\n\n<p>\u201cBuscar\u00e1n dos certificaciones como son la de seguridad y la de recuperaci\u00f3n del<br>bombero, son adiestramientos que se suman a la preparaci\u00f3n que ya tienen los<br>elementos y que el alcalde Rom\u00e1n Alberto Cepeda Gonz\u00e1lez ha impulsado para<br>que se sigan capacitando\u201d, mencion\u00f3 el director.<\/p>\n\n\n\n<p>La certificaci\u00f3n ser\u00e1 otorgada por la Asociaci\u00f3n Americana de Jefes de Bomberos.<br>Ju\u00e1rez Llanas agreg\u00f3 que una vez que regresen los bomberos, como se ha hecho<br>en anteriores ocasiones que viaja una comisi\u00f3n representativa, replicar\u00e1n el<br>conocimiento adquirido con el resto de los compa\u00f1eros que prestan su labor en las<br>siete estaciones de bomberos con las que cuenta el Municipio.<\/p>\n\n\n\n<p>Cabe destacar que al Congreso Internacional de Tijuana, asisten bomberos de<br>todo el pa\u00eds, como de otras partes fuera de M\u00e9xico, lo que enriquece el<br>intercambio de experiencias y el aprendizaje de las nuevas t\u00e9cnicas.<\/p>\n\n\n\n<p>Si bien el ingreso al congreso es gratuito, el costo de vi\u00e1ticos como hospedaje,<br>transporte y alimentos es una inversi\u00f3n por parte del Municipio, en aras de<br>profesionalizar al personal para que desarrollen su servicio a la comunidad,<br>salvando la vida de las personas en situaci\u00f3n de riesgo, y con los cuidados<br>debidos para s\u00ed mismos.<\/p>\n\n\n\n<p>En Torre\u00f3n los incendios en casa habitaci\u00f3n y en terrenos bald\u00edos, son de los<br>servicios que m\u00e1s registra la dependencia, por lo que adem\u00e1s de acudir a atender<br>el auxilio, los elementos desempe\u00f1an diferentes actividades encaminadas hacia la<br>prevenci\u00f3n de accidentes, compartiendo informaci\u00f3n con empresas, escuelas y<br>ciudadan\u00eda en general.<\/p>\n\n\n\n<p>El n\u00famero de emergencias de la Direcci\u00f3n de Protecci\u00f3n Civil y Bomberos es el<br>871 712 00 66.<\/p>\n","protected":false},"excerpt":{"rendered":"<p>Torre\u00f3n, Coahuila. A 02 de septiembre de 2023. Este lunes inici\u00f3 el Segundo Congreso Internacional de Bomberos Tijuana, al queacudieron seis elementos por parte del Municipio de Torre\u00f3n para certificarse y asu regreso, replicar el conocimiento adquirido entre los dem\u00e1s miembros de lacorporaci\u00f3n. Jorge Luis Ju\u00e1rez Llanas, director de Protecci\u00f3n Civil y Bomberos de Torre\u00f3n, dioa conocer que el congreso inici\u00f3 el d\u00eda de hoy, para concluir el pr\u00f3ximo viernes&#8230;<\/p>\n","protected":false},"author":1,"featured_media":17379,"comment_status":"closed","ping_status":"closed","sticky":false,"template":"","format":"standard","meta":{"footnotes":""},"categories":[5,28,7],"tags":[],"class_list":["post-17378","post","type-post","status-publish","format-standard","has-post-thumbnail","hentry","category-coahuila","category-la-laguna","category-torreon","wpcat-5-id","wpcat-28-id","wpcat-7-id"],"_links":{"self":[{"href":"https:\/\/www.aquilaguna.com\/index.php\/wp-json\/wp\/v2\/posts\/17378","targetHints":{"allow":["GET"]}}],"collection":[{"href":"https:\/\/www.aquilaguna.com\/index.php\/wp-json\/wp\/v2\/posts"}],"about":[{"href":"https:\/\/www.aquilaguna.com\/index.php\/wp-json\/wp\/v2\/types\/post"}],"author":[{"embeddable":true,"href":"https:\/\/www.aquilaguna.com\/index.php\/wp-json\/wp\/v2\/users\/1"}],"replies":[{"embeddable":true,"href":"https:\/\/www.aquilaguna.com\/index.php\/wp-json\/wp\/v2\/comments?post=17378"}],"version-history":[{"count":1,"href":"https:\/\/www.aquilaguna.com\/index.php\/wp-json\/wp\/v2\/posts\/17378\/revisions"}],"predecessor-version":[{"id":17380,"href":"https:\/\/www.aquilaguna.com\/index.php\/wp-json\/wp\/v2\/posts\/17378\/revisions\/17380"}],"wp:featuredmedia":[{"embeddable":true,"href":"https:\/\/www.aquilaguna.com\/index.php\/wp-json\/wp\/v2\/media\/17379"}],"wp:attachment":[{"href":"https:\/\/www.aquilaguna.com\/index.php\/wp-json\/wp\/v2\/media?parent=17378"}],"wp:term":[{"taxonomy":"category","embeddable":true,"href":"https:\/\/www.aquilaguna.com\/index.php\/wp-json\/wp\/v2\/categories?post=17378"},{"taxonomy":"post_tag","embeddable":true,"href":"https:\/\/www.aquilaguna.com\/index.php\/wp-json\/wp\/v2\/tags?post=17378"}],"curies":[{"name":"wp","href":"https:\/\/api.w.org\/{rel}","templated":true}]}}