{"id":17457,"date":"2023-10-06T18:17:31","date_gmt":"2023-10-07T00:17:31","guid":{"rendered":"https:\/\/www.aquilaguna.com\/?p=17457"},"modified":"2023-10-06T18:17:32","modified_gmt":"2023-10-07T00:17:32","slug":"cultura-coahuila-celebra-16-anos-del-museo-de-la-revolucion-en-torreon","status":"publish","type":"post","link":"https:\/\/www.aquilaguna.com\/index.php\/2023\/10\/06\/cultura-coahuila-celebra-16-anos-del-museo-de-la-revolucion-en-torreon\/","title":{"rendered":"CULTURA COAHUILA CELEBRA 16 A\u00d1OS DEL MUSEO DE LA REVOLUCI\u00d3N, EN TORRE\u00d3N."},"content":{"rendered":"\n<p>Torre\u00f3n, Coahuila de Zaragoza; a 5 de Octubre de 2023.- Para celebrar 16 a\u00f1os de vida del Museo de la Revoluci\u00f3n de Torre\u00f3n, la Secretar\u00eda de Cultura estatal (SC) realiza diversas actividades y talleres en este recinto muse\u00edstico.<\/p>\n\n\n\n<p>Lo anterior fue informado por la titular de la SC, Ana Sof\u00eda Garc\u00eda Camil, quien coment\u00f3: \u201cEl Museo de la Revoluci\u00f3n de Torre\u00f3n es un espacio con una gran historia. Recordemos que se encuentra en el chalet que perteneci\u00f3 al Dr. J. Wong Lim (de nacionalidad china) desde principios del Siglo XX. \u00c9l compr\u00f3 la propiedad en 1905, que en ese entonces estaba rodeada de sembrad\u00edos de hortalizas y de ciudadanos chinos; para 1911 termin\u00f3 de construir su casa de descanso en esta propiedad y la llam\u00f3 La \u2018Quinta Lim\u2019\u201d.<\/p>\n\n\n\n<p>Dentro de la historia de esta propiedad, donde viv\u00eda la hermana del due\u00f1o con su familia, las tierras eran rentadas a ciudadanos chinos.&nbsp;<\/p>\n\n\n\n<p>El Dr. Lim ten\u00eda su casa en Torre\u00f3n, y le era m\u00e1s f\u00e1cil trasladarse de un lugar a otro, porque la quinta estaba a las afueras de la ciudad, ya que en aquellos a\u00f1os Torre\u00f3n terminaba en la Alameda.&nbsp;<\/p>\n\n\n\n<p>La casa sufri\u00f3 el asedio maderista de 1911 y la dejaron muy destruida, este hecho lo oblig\u00f3 a venderla.&nbsp;<\/p>\n\n\n\n<p>La compr\u00f3 una persona que ten\u00eda una inmobiliaria y trat\u00f3 por muchos a\u00f1os de venderla.&nbsp;<\/p>\n\n\n\n<p>En 1938 la adquiri\u00f3 el Dr. Jes\u00fas Valdez S\u00e1nchez, y \u00e9l a su vez se la regal\u00f3 a su hija Aurora, llam\u00e1ndola la \u201cQuinta Aurora\u201d.&nbsp;&nbsp;Ella al casarse con el se\u00f1or Berlanga, vivi\u00f3 en esta propiedad, formando la familia Berlanga Valdez, en la que vivieron alrededor de 50 a\u00f1os.<\/p>\n\n\n\n<p>En 1985, cuando fallecen los se\u00f1ores Berlanga, la casa fue cerrada, dejando los jardines, que eran visitados por la familia.<\/p>\n\n\n\n<p>En el a\u00f1o 2007 la adquiere Ram\u00f3n Iriarte Maisterrena, quien la don\u00f3 al Gobierno del Estado para que fuera el hoy Museo de La Revoluci\u00f3n.<\/p>\n\n\n\n<p>Este espaci\u00f3 actualmente cuenta con cuatro salas de exposici\u00f3n permanente, que son:<\/p>\n\n\n\n<p>Sala 1: La Revoluci\u00f3n Maderista y sus antecedentes.<\/p>\n\n\n\n<p>Sala 2: Levantamiento constitucionalista y la Batalla de Torre\u00f3n por la Divisi\u00f3n del Norte.<\/p>\n\n\n\n<p>Sala 3: La Batalla de Torre\u00f3n de 1913 y 14, y Gobierno villista de la regi\u00f3n.<\/p>\n\n\n\n<p>Sala 4: Escisi\u00f3n Revolucionaria, derrota del Villismo y reorganizaci\u00f3n de la vida de Torre\u00f3n.<\/p>\n\n\n\n<p>Entre las piezas m\u00e1s relevantes del museo se encuentra un fusil tipo m\u00e1user de 1903 que perteneci\u00f3 al ej\u00e9rcito federal; un par de polainas, tazas de cuero; varias carabinas 30-30; un peque\u00f1o ca\u00f1\u00f3n de monta\u00f1a, probablemente hecho en los talleres locales del ferrocarril.&nbsp;<\/p>\n\n\n\n<p>Entre los personajes regionales m\u00e1s relevantes de los que se cuenta su historia, est\u00e1n Calixto Contreras (Cuencam\u00e9, Dgo.), Benjam\u00edn Argumedo (Matamoros, Coah.) y Agust\u00edn Castro (Lerdo, Dgo.)<\/p>\n\n\n\n<p>En la planta alta se cuenta con una Sala de Exposiciones Temporales.<\/p>\n\n\n\n<p>Para estos 16 a\u00f1os de vida se realizar\u00e1n diversas actividades, como las \u201cClases de iniciaci\u00f3n a la pintura\u201d los d\u00edas 5, 12, 19 y 26 de este mes a las 17:00 horas, para j\u00f3venes y adultos. Este taller es en colaboraci\u00f3n con Karla Mata.<\/p>\n\n\n\n<p>Asimismo, se impartir\u00e1 el \u201cTaller de Lectura y Gesti\u00f3n Emocional\u201d los d\u00edas 7, 14, 21 y 28 de octubre a las 11:00 horas, y est\u00e1 dirigido al p\u00fablico infantil, el mismo se realiza en colaboraci\u00f3n con la Academia de Gesti\u00f3n Emocional a trav\u00e9s de la Lectura.<\/p>\n\n\n\n<p>El 7 de octubre se impartir\u00e1 el taller \u201cQue importante es el agua\u201d, a las 10:00 horas, y es para toda la familia.&nbsp;<\/p>\n\n\n\n<p>En colaboraci\u00f3n con LOLA MAR Artes Esc\u00e9nicas, se tendr\u00e1 la puesta en escena de la obra de teatro \u201cEl Cadete\u201d, los d\u00edas 7 y 14 a las 19:00 horas<\/p>\n\n\n\n<p>Otra actividad que podr\u00e1n apreciar los visitantes al museo, es el ECLIPSE PARCIAL DE SOL este pr\u00f3ximo d\u00eda 14 a las 09:00 horas, actividad en colaboraci\u00f3n con el Planetarium de Torre\u00f3n.<\/p>\n\n\n\n<p>Para prepararse a la celebraci\u00f3n del D\u00eda de Muertos, se impartir\u00e1 el taller \u201cSombrero de gala para Catrina\u201d, el pr\u00f3ximo d\u00eda 17 a las 10:00 horas.<\/p>\n\n\n\n<p>Del 29 de octubre al 2 de noviembre los asistentes podr\u00e1n apreciar el altar de muertos en honor al Gral. Jos\u00e9 Agust\u00edn Castro.<\/p>\n","protected":false},"excerpt":{"rendered":"<p>Torre\u00f3n, Coahuila de Zaragoza; a 5 de Octubre de 2023.- Para celebrar 16 a\u00f1os de vida del Museo de la Revoluci\u00f3n de Torre\u00f3n, la Secretar\u00eda de Cultura estatal (SC) realiza diversas actividades y talleres en este recinto muse\u00edstico. Lo anterior fue informado por la titular de la SC, Ana Sof\u00eda Garc\u00eda Camil, quien coment\u00f3: \u201cEl Museo de la Revoluci\u00f3n de Torre\u00f3n es un espacio con una gran historia. Recordemos que&#8230;<\/p>\n","protected":false},"author":1,"featured_media":17458,"comment_status":"closed","ping_status":"closed","sticky":false,"template":"","format":"standard","meta":{"footnotes":""},"categories":[5,12,15,28,7,34],"tags":[],"class_list":["post-17457","post","type-post","status-publish","format-standard","has-post-thumbnail","hentry","category-coahuila","category-cultura","category-gobierno-de-coahuila","category-la-laguna","category-torreon","category-turismo","wpcat-5-id","wpcat-12-id","wpcat-15-id","wpcat-28-id","wpcat-7-id","wpcat-34-id"],"_links":{"self":[{"href":"https:\/\/www.aquilaguna.com\/index.php\/wp-json\/wp\/v2\/posts\/17457","targetHints":{"allow":["GET"]}}],"collection":[{"href":"https:\/\/www.aquilaguna.com\/index.php\/wp-json\/wp\/v2\/posts"}],"about":[{"href":"https:\/\/www.aquilaguna.com\/index.php\/wp-json\/wp\/v2\/types\/post"}],"author":[{"embeddable":true,"href":"https:\/\/www.aquilaguna.com\/index.php\/wp-json\/wp\/v2\/users\/1"}],"replies":[{"embeddable":true,"href":"https:\/\/www.aquilaguna.com\/index.php\/wp-json\/wp\/v2\/comments?post=17457"}],"version-history":[{"count":1,"href":"https:\/\/www.aquilaguna.com\/index.php\/wp-json\/wp\/v2\/posts\/17457\/revisions"}],"predecessor-version":[{"id":17459,"href":"https:\/\/www.aquilaguna.com\/index.php\/wp-json\/wp\/v2\/posts\/17457\/revisions\/17459"}],"wp:featuredmedia":[{"embeddable":true,"href":"https:\/\/www.aquilaguna.com\/index.php\/wp-json\/wp\/v2\/media\/17458"}],"wp:attachment":[{"href":"https:\/\/www.aquilaguna.com\/index.php\/wp-json\/wp\/v2\/media?parent=17457"}],"wp:term":[{"taxonomy":"category","embeddable":true,"href":"https:\/\/www.aquilaguna.com\/index.php\/wp-json\/wp\/v2\/categories?post=17457"},{"taxonomy":"post_tag","embeddable":true,"href":"https:\/\/www.aquilaguna.com\/index.php\/wp-json\/wp\/v2\/tags?post=17457"}],"curies":[{"name":"wp","href":"https:\/\/api.w.org\/{rel}","templated":true}]}}