{"id":17479,"date":"2023-10-08T19:19:50","date_gmt":"2023-10-09T01:19:50","guid":{"rendered":"https:\/\/www.aquilaguna.com\/?p=17479"},"modified":"2023-10-08T19:19:50","modified_gmt":"2023-10-09T01:19:50","slug":"aqui-laguna-257","status":"publish","type":"post","link":"https:\/\/www.aquilaguna.com\/index.php\/2023\/10\/08\/aqui-laguna-257\/","title":{"rendered":"Aqu\u00ed Laguna."},"content":{"rendered":"\n<p>\u00a187 a\u00f1os!\u00a0 Resultaron m\u00e1s que suficientes, para que el capital\u00a0 que gener\u00f3 entre los laguneros el Reparto Agrario, est\u00e9 llegando casi a su virtual extinci\u00f3n, en los \u00e1nimos\u00a0 sociales, pol\u00edticos y\u00a0 econ\u00f3micos\u00a0 que\u00a0 gener\u00f3 su\u00a0 inicio all\u00e1 por\u00a0 el\u00a0 a\u00f1o\u00a0 1936, cuando el General L\u00e1zaro C\u00e1rdenas,\u00a0 hizo v\u00e1lidas las promesas\u00a0 pendientes  de\u00a0 cumplimiento, a\u00a0 su base social \u00a0 integrada por\u00a0 quienes\u00a0 soportaron\u00a0 y pagaron el mayor precio\u00a0 del movimiento social\u00a0 conocido como Revoluci\u00f3n Mexicana, all\u00e1 por el 1910, y\u00a0 cuyos ganadores \u00a0 se alzaron con el triunfo y con ello el\u00a0 monopolio de su narrativa, de su\u00a0 ideolog\u00eda pues\u00a0 y con ello\u00a0 gestaron la cultura del poder\u00a0 que\u00a0 de manera casi hegem\u00f3nica\u00a0 domin\u00f3, por lo menos 70 a\u00f1os continuos del pasado Siglo\u00a0 XX\u00a0 &#8220;capital&#8221;\u00a0 que hoy vemos,\u00a0 reciclado, cuando no calcado, adoptado\u00a0por &#8220;la nueva clase pol\u00edtica&#8221;, que se arropa bajo las siglas de MORENA, de ah\u00ed que hablando de &#8220;aniversarios&#8221;, resulta que el\u00a0 otrora\u00a0 6 de octubre de 1936\u00a0 fecha en la que el Presidente C\u00e1rdenas\u00a0firmara el Decreto \u00a0 que \u00a0 rompi\u00f3 \u00a0 la estructura\u00a0 de la tierra como propiedad privada\u00a0 que\u00a0 acaparaba \u00a0 toda la \u00a0 de la tierra\u00a0 susceptible\u00a0 de cultivos \u00a0 en esta comarca, dando paso con ello al\u00a0 sistema ejidal -400 ejidos-, que hizo posible el acceso\u00a0 al campesinado, a solo\u00a0 el uso, que no la propiedad de las tierras repartidas\u00a0 de los campesinos, bajo el sistema ejidal  y que eran en tales tiempos\u00a0 en su mayor\u00eda jornaleros procedentes de los Estados vecinos, se afincaran en estas tierras, dando con ello el inicio a la zona lagunera como hoy la conocemos, dejando a los entonces poderosos terratenientes,\u00a0 la propiedad de por lo menos, el casco de sus haciendas y m\u00e1s\u00a0 de 300 hect\u00e1reas, como propiedad privada.<\/p>\n\n\n\n<p>Fincada pues la base\u00a0 de lo que fuera &#8220;el reino del algod\u00f3n&#8221; como cultivo dominante, todo pareci\u00f3 ir bien hasta que la poblaci\u00f3n rural no pudo ser sostenida con el ingreso generado\u00a0 en solo\u00a0 una de las cuatro hect\u00e1reas recibidas por cada\u00a0 campesino dotado de tierra, de las cuales solo una, ten\u00eda derecho\u00a0 a agua\u00a0 cuatro en los a\u00f1os subsiguientes,\u00a0 tal situaci\u00f3n\u00a0 \u00a0 gener\u00f3 la expulsi\u00f3n\u00a0 del\u00a0 campesinado\u00a0 excedente\u00a0a otras regiones -el vecino pa\u00eds-, y el \u00e9xodo\u00a0 a\u00a0 las periferias de los centros urbanos en busca de empleo, o de\u00a0 mejores condiciones de vida y as\u00ed hasta los a\u00f1os 90&#8217;S, cuando el Presidente Salinas decidi\u00f3\u00a0 dar\u00a0 fin al ejido como sistema\u00a0 ya no de cultivo, sino de control\u00a0 pol\u00edtico y social, v\u00eda el cr\u00e9dito oficial y realiz\u00f3 la contrareforma\u00a0 del\u00a0 Articulo 27\u00a0 Constitucional\u00a0 que posibilit\u00f3 en menos de un lustro, la concentraci\u00f3n de tierras\u00a0 cultivables de la regi\u00f3n,\u00a0 m\u00e1s sus derechos de agua\u00a0 en\u00a0 menos de 30 familias, que hoy\u00a0 tienen en el cultivo\u00a0 de\u00a0 forrajes y la crianza y explotaci\u00f3n de ganado vacuno\u00a0 important\u00edsima\u00a0 fuente de riqueza, en tanto que las las tierras no cultivables y aleda\u00f1as a los centros urbanos, fueron objeto tambi\u00e9n de concentraci\u00f3n en\u00a0 unas cuantas manos de\u00a0 promotores inmobiliarios, constructores, etc., etc., y los\u00a0 pocos\u00a0 campesinos\u00a0 se quedaron  en el campo, desaparecid,\u00a0 extinta ya casi la generaci\u00f3n de los famosos &#8220;primordiales&#8221; como se conoc\u00eda a los ejidatarios\u00a0 dotados\u00a0 por C\u00e1rdenas,\u00a0 y algunos de sus sucesores que anidan en el coraz\u00f3n, el\u00a0 recuerdo y con el, su agradecimiento por la acci\u00f3n presidencial del General, son los que acuden al famoso monumento erigido a su memoria, ubicado\u00a0 en la intersecci\u00f3n de la autopista Torre\u00f3n-San Pedro a la altura del ejido 20 de Noviembre, del municipio a la cada vez m\u00e1s desvanecida ceremonia\u00a0 que se lleva a cabo en tal sitio en Memoria del Decreto del 6 de Octubre y su creador, cada vez ante \u00a0 decreciente n\u00famero de asistentes, no digamos personaje alguno. En esta ocasi\u00f3n,\u00a0 presidi\u00f3 tal homenaje, el\u00a0 l\u00edder\u00a0 estatal de la CNC, Natividad Navarro y nadie\u00a0 de rango significativo en el terreno pol\u00edtico, de nivel estatal\u00a0 o bien de\u00a0 federal mucho menos.<\/p>\n\n\n\n<p>Ahora en el resto del\u00a0 presente mes de octubre, ya estaremos oyendo de\u00a0 comilonas y borracheras, de comidas\u00a0 celebrados en\u00a0 algunos de los ejidos laguneros que con ello celebran la fecha en las que les llegara la dotaci\u00f3n agraria correspondiente\u00a0 y que ser\u00eda muy bueno conocer\u00a0 cu\u00e1ntas de las tierras dotadas bajo sistema ejidal, forman ya parte de los patrimonios privados de los neolatifundistas.<\/p>\n\n\n\n<p>Por cierto, dicen\u00a0 que \u00a0 se le vio en tal encuentro al\u00a0 nuevo l\u00edder estatal del Partido Revolucionario Institucional en Coahuila, el sonorense\u00a0 Carlos Robles Lostanau, que posteriormente se descolg\u00f3 hasta Torre\u00f3n donde primero, tuvo un encuentro privado con el alcalde Rom\u00e1n Alberto\u00a0 Cepeda y enseguida ambos,\u00a0 hicieron lo propio con algunos miembros del Comit\u00e9 Municipal del PRI en Torre\u00f3n, \u00a0 encabezados por su dirigente\u00a0 Ver\u00f3nica Mart\u00ednez, encuentros que\u00a0 al parecer tuvieron el sello\u00a0 de &#8220;privados&#8221;, perdiendo con ello la oportunidad de la nueva dirigencia estatal de hacerse \u00a0 conocer, de ser visible \u00a0 para el\u00a0 resto de la militancia partidista, toda vez que m\u00e1s pronto que tarde,\u00a0 apenas unas semanas m\u00e1s, deber\u00e1n estar convocando a trabajar\u00a0 para la pr\u00f3xima elecci\u00f3n, cuyo proceso\u00a0 electoral inicia el pr\u00f3ximo mes de\u00a0 marzo, as\u00ed sea para reelegir a algunos de\u00a0 los que hoy\u00a0 ostentan alg\u00fan cargo\u00a0 de representaci\u00f3n popular y sobre todo, refrendar\u00a0 los votos alcanzados por el PRI y sus aliados el pasado mes de\u00a0 junio.<\/p>\n\n\n\n<p>Y en este marco, la nota de la semana en el terreno pol\u00edtico\u00a0 del pa\u00eds, result\u00f3 ser la tardada expulsi\u00f3n de \u00a0 alrededor de 12 capitostes o ex\u00a0 jerarcas del otrora hegem\u00f3nico partido tricolor, al aplicarles,\u00a0la expulsi\u00f3n de sus filas\u00a0por traici\u00f3n a un Miguel Angel Osorio\u00a0 Chong, as\u00ed como a Claudia Ruiz Massieu, ambos personeros o representantes de los grupos identificados, el uno con el ex Presidente\u00a0 Pe\u00f1a Nieto y la otra, con\u00a0el ex presidente Salinas de Gortari, o bien, a\u00a0 un Omar Fayad, perseguido por una fea\u00a0 sospecha de\u00a0 haber sido m\u00e1s que un judas en el proceso electoral sucesorio, a un Jorge Carlos Ram\u00edrez Mar\u00edn, a quien le pes\u00f3 m\u00e1s la ambici\u00f3n que su identidad partidista, etc., etc., y  con todo y que se diga que tal proceso no se ci\u00f1\u00f3 a rigor estatuario alguno,\u00a0 los involucrados, algunos dicen que ya no pertenec\u00edan a tal instituto, pero el hecho es que\u00a0 e Alejandro Moreno, concentra hoy as\u00ed,\u00a0 todo el poder que le resta a un logotipo como el del PRI, que con todo\u00a0 y sus avatares tiene a\u00fan una presencia nacional,\u00a0 y puede incidir en la designaci\u00f3n de\u00a0 candidatos a m\u00e1s de 19,000 cargos p\u00fablicos, en la lid del a\u00f1o entrante, capital nada desde\u00f1able , ya que tendr\u00e1 las condiciones necesarias y legales para negociar espacios\u00a0 a sus leales y cuates que lo acompa\u00f1en y del cual obvio ya quedaron fuera\u00a0 sus detractores, es decir, los expulsados, que andan\u00a0 pateando un bote, en busca de\u00a0 patrocinio partidista. A ver quien los recoge, luego de tan grandes muestras de solidez y lealtad partidista&#8230;<\/p>\n\n\n\n<p>Y\u00a0 vaya que Coahuila\u00a0 al ser\u00a0 una insulta \u00a0 de seguridad, no deja de registrar\u00a0 el obvio acoso\u00a0 que se advierte en las oleadas de migrantes\u00a0 pasando por su territorio rumbo a la frontera norte, \u00a0 en especial la de Piedras Negras, cuyos puentes al vecino pa\u00eds del norte, reportan p\u00e9rdidas multimillonarias, sino tambi\u00e9n\u00a0 el acoso de la malandreada que\u00a0 incontenible se le desborda al vecino estado de Nuevo Le\u00f3n y desde luego, el de Zacatecas,\u00a0 ya que sus\u00a0 \u00a0 dizque gobernadores\u00a0 se muestran m\u00e1s que incapaces para\u00a0 \u00a0 mantener a raya a la delincuencia\u00a0y con ello\u00a0 contener bajo control\u00a0 el tema\u00a0 toral para la poblaci\u00f3n como lo es el resguardo\u00a0 de\u00a0 vidas\u00a0 y patrimonios de sus gobernados, y resulta que ahora \u00a0 por el municipios de Arteaga, es decir,\u00a0 la zona sureste de Coahuila se aparecieron los delincuentes que fueron\u00a0 recibidos\u00a0 y atendidos por las fuerzas del orden, les gener\u00f3 un\u00a0 tr\u00e1gico saldo, en tal sitio de manera m\u00e1s que inesperada, lo que da raz\u00f3n a la autoridad de no\u00a0 descuidar la seguridad y m\u00e1s a\u00fan en los tiempos de transici\u00f3n sexenal que se viven en este Estado&#8230;<\/p>\n\n\n\n<p>Y vaya\u00a0 que es tenaz\u00a0 el Rector\u00a0de la Universidad Aut\u00f3noma de Coahuila, ingeniero \u00a0 Salvador Hern\u00e1ndez Velez, en eso de promover y acercar a los coahuilenses\u00a0 la artesanal y la gastronom\u00eda de su pueblo natal, con tal objetivo la cita es el pr\u00f3ximo s\u00e1bado en Viesca Coahuila,\u00a0 tal af\u00e1n solo es igual\u00a0 al que por los rumbos del Ca\u00f1\u00f3n de Jimulco ha venido realizando otro lagunero, el Ingeniero Rodrigo Fuentes Avila,\u00a0 diputado federal incansable promotor de tal territorio que forma\u00a0 de manera mayoritaria \u00a0 el territorio \u00a0 del municipio\u00a0 Torre\u00f3n, aleda\u00f1o a la rivera del R\u00edo Aguanaval.<\/p>\n","protected":false},"excerpt":{"rendered":"<p>\u00a187 a\u00f1os!\u00a0 Resultaron m\u00e1s que suficientes, para que el capital\u00a0 que gener\u00f3 entre los laguneros el Reparto Agrario, est\u00e9 llegando casi a su virtual extinci\u00f3n, en los \u00e1nimos\u00a0 sociales, pol\u00edticos y\u00a0 econ\u00f3micos\u00a0 que\u00a0 gener\u00f3 su\u00a0 inicio all\u00e1 por\u00a0 el\u00a0 a\u00f1o\u00a0 1936, cuando el General L\u00e1zaro C\u00e1rdenas,\u00a0 hizo v\u00e1lidas las promesas\u00a0 pendientes de\u00a0 cumplimiento, a\u00a0 su base social \u00a0 integrada por\u00a0 quienes\u00a0 soportaron\u00a0 y pagaron el mayor precio\u00a0 del movimiento social\u00a0&#8230;<\/p>\n","protected":false},"author":2,"featured_media":0,"comment_status":"closed","ping_status":"","sticky":false,"template":"","format":"standard","meta":{"footnotes":""},"categories":[8],"tags":[],"class_list":["post-17479","post","type-post","status-publish","format-standard","hentry","category-aqui-laguna","wpcat-8-id"],"_links":{"self":[{"href":"https:\/\/www.aquilaguna.com\/index.php\/wp-json\/wp\/v2\/posts\/17479","targetHints":{"allow":["GET"]}}],"collection":[{"href":"https:\/\/www.aquilaguna.com\/index.php\/wp-json\/wp\/v2\/posts"}],"about":[{"href":"https:\/\/www.aquilaguna.com\/index.php\/wp-json\/wp\/v2\/types\/post"}],"author":[{"embeddable":true,"href":"https:\/\/www.aquilaguna.com\/index.php\/wp-json\/wp\/v2\/users\/2"}],"replies":[{"embeddable":true,"href":"https:\/\/www.aquilaguna.com\/index.php\/wp-json\/wp\/v2\/comments?post=17479"}],"version-history":[{"count":1,"href":"https:\/\/www.aquilaguna.com\/index.php\/wp-json\/wp\/v2\/posts\/17479\/revisions"}],"predecessor-version":[{"id":17480,"href":"https:\/\/www.aquilaguna.com\/index.php\/wp-json\/wp\/v2\/posts\/17479\/revisions\/17480"}],"wp:attachment":[{"href":"https:\/\/www.aquilaguna.com\/index.php\/wp-json\/wp\/v2\/media?parent=17479"}],"wp:term":[{"taxonomy":"category","embeddable":true,"href":"https:\/\/www.aquilaguna.com\/index.php\/wp-json\/wp\/v2\/categories?post=17479"},{"taxonomy":"post_tag","embeddable":true,"href":"https:\/\/www.aquilaguna.com\/index.php\/wp-json\/wp\/v2\/tags?post=17479"}],"curies":[{"name":"wp","href":"https:\/\/api.w.org\/{rel}","templated":true}]}}