{"id":17484,"date":"2023-10-09T18:35:02","date_gmt":"2023-10-10T00:35:02","guid":{"rendered":"https:\/\/www.aquilaguna.com\/?p=17484"},"modified":"2023-10-09T18:35:03","modified_gmt":"2023-10-10T00:35:03","slug":"cjem-coahuila-ofrece-al-mando-especial-de-la-laguna-platica-sobre-prevencion-en-contra-de-la-violencia-hacia-las-mujeres","status":"publish","type":"post","link":"https:\/\/www.aquilaguna.com\/index.php\/2023\/10\/09\/cjem-coahuila-ofrece-al-mando-especial-de-la-laguna-platica-sobre-prevencion-en-contra-de-la-violencia-hacia-las-mujeres\/","title":{"rendered":"CJEM COAHUILA OFRECE AL MANDO ESPECIAL DE LA LAGUNA, PL\u00c1TICA SOBRE PREVENCI\u00d3N EN CONTRA DE LA VIOLENCIA HACIA LAS MUJERES."},"content":{"rendered":"\n<p>Torre\u00f3n, Coahuila de Zaragoza; a 9 de Octubre de 2023.- El Centro de Justicia y Empoderamiento para las Mujeres de Coahuila (CJEM) llev\u00f3 a cabo la pl\u00e1tica de \u201cPrevenci\u00f3n en contra de la violencia hacia las mujeres y ni\u00f1as\u201d, adem\u00e1s de dar a conocer los servicios en el Mando Especial de La Laguna.<\/p>\n\n\n\n<p>Mar\u00eda Cristina G\u00f3mez Rivas, Coordinadora Regional del CJEM en Torre\u00f3n, dijo que estas pl\u00e1ticas se realizan con el objetivo de que toda la poblaci\u00f3n conozca los servicios de atenci\u00f3n que se ofrecen en los Centros, as\u00ed como tambi\u00e9n con el fin de prevenir y erradicar la violencia en contra de las mujeres y ni\u00f1as.<\/p>\n\n\n\n<p>Expres\u00f3 que estas acciones se llevan a cabo para reforzar el compromiso del Gobierno del Estado con las mujeres coahuilenses, brindando las herramientas necesarias para que ellas, sus hijas e hijos, gocen de una vida libre de violencia.<\/p>\n\n\n\n<p>\u201cSe continuar\u00e1 llevando a cabo este tipo de pl\u00e1ticas en coordinaci\u00f3n con distintas entidades p\u00fablicas, as\u00ed como con la sociedad civil, a fin de que se prevenga la violencia contra las mujeres\u201d, concluy\u00f3 la funcionaria estatal.<\/p>\n","protected":false},"excerpt":{"rendered":"<p>Torre\u00f3n, Coahuila de Zaragoza; a 9 de Octubre de 2023.- El Centro de Justicia y Empoderamiento para las Mujeres de Coahuila (CJEM) llev\u00f3 a cabo la pl\u00e1tica de \u201cPrevenci\u00f3n en contra de la violencia hacia las mujeres y ni\u00f1as\u201d, adem\u00e1s de dar a conocer los servicios en el Mando Especial de La Laguna. Mar\u00eda Cristina G\u00f3mez Rivas, Coordinadora Regional del CJEM en Torre\u00f3n, dijo que estas pl\u00e1ticas se realizan con&#8230;<\/p>\n","protected":false},"author":1,"featured_media":17485,"comment_status":"closed","ping_status":"closed","sticky":false,"template":"","format":"standard","meta":{"footnotes":""},"categories":[5,48,15,24],"tags":[],"class_list":["post-17484","post","type-post","status-publish","format-standard","has-post-thumbnail","hentry","category-coahuila","category-genero","category-gobierno-de-coahuila","category-seguridad","wpcat-5-id","wpcat-48-id","wpcat-15-id","wpcat-24-id"],"_links":{"self":[{"href":"https:\/\/www.aquilaguna.com\/index.php\/wp-json\/wp\/v2\/posts\/17484","targetHints":{"allow":["GET"]}}],"collection":[{"href":"https:\/\/www.aquilaguna.com\/index.php\/wp-json\/wp\/v2\/posts"}],"about":[{"href":"https:\/\/www.aquilaguna.com\/index.php\/wp-json\/wp\/v2\/types\/post"}],"author":[{"embeddable":true,"href":"https:\/\/www.aquilaguna.com\/index.php\/wp-json\/wp\/v2\/users\/1"}],"replies":[{"embeddable":true,"href":"https:\/\/www.aquilaguna.com\/index.php\/wp-json\/wp\/v2\/comments?post=17484"}],"version-history":[{"count":1,"href":"https:\/\/www.aquilaguna.com\/index.php\/wp-json\/wp\/v2\/posts\/17484\/revisions"}],"predecessor-version":[{"id":17486,"href":"https:\/\/www.aquilaguna.com\/index.php\/wp-json\/wp\/v2\/posts\/17484\/revisions\/17486"}],"wp:featuredmedia":[{"embeddable":true,"href":"https:\/\/www.aquilaguna.com\/index.php\/wp-json\/wp\/v2\/media\/17485"}],"wp:attachment":[{"href":"https:\/\/www.aquilaguna.com\/index.php\/wp-json\/wp\/v2\/media?parent=17484"}],"wp:term":[{"taxonomy":"category","embeddable":true,"href":"https:\/\/www.aquilaguna.com\/index.php\/wp-json\/wp\/v2\/categories?post=17484"},{"taxonomy":"post_tag","embeddable":true,"href":"https:\/\/www.aquilaguna.com\/index.php\/wp-json\/wp\/v2\/tags?post=17484"}],"curies":[{"name":"wp","href":"https:\/\/api.w.org\/{rel}","templated":true}]}}